{"id":1282,"date":"2023-06-30T10:45:10","date_gmt":"2023-06-30T10:45:10","guid":{"rendered":"https:\/\/blogsaverroes.juntadeandalucia.es\/atalmalaga\/?p=1282"},"modified":"2023-06-30T10:45:10","modified_gmt":"2023-06-30T10:45:10","slug":"las-aulas-atal-en-enred2-0","status":"publish","type":"post","link":"https:\/\/blogsaverroes.juntadeandalucia.es\/atalmalaga\/2023\/06\/30\/las-aulas-atal-en-enred2-0\/","title":{"rendered":"Las aulas ATAL en Enred@2.0"},"content":{"rendered":"<p><img loading=\"lazy\" decoding=\"async\" class=\"aligncenter wp-image-1283 size-full\" src=\"https:\/\/blogsaverroes.juntadeandalucia.es\/atalmalaga\/files\/2023\/06\/bola-Maria-Isabel-Rojas-1.jpg\" alt=\"\" width=\"768\" height=\"1024\" srcset=\"https:\/\/blogsaverroes.juntadeandalucia.es\/atalmalaga\/files\/2023\/06\/bola-Maria-Isabel-Rojas-1.jpg 768w, https:\/\/blogsaverroes.juntadeandalucia.es\/atalmalaga\/files\/2023\/06\/bola-Maria-Isabel-Rojas-1-225x300.jpg 225w\" sizes=\"(max-width: 768px) 100vw, 768px\" \/><\/p>\n<p>En el n.\u00ba 15,&nbsp; de junio 2023 de esta revista digital de la Junta de Andaluc\u00eda, en la Secci\u00f3n &#8220;Ens\u00e9\u00f1anos tu trabajo&#8221;, mediante este art\u00edculo damos visibilidad a nuestras aulas ATAL al resto de empleados p\u00fablicos de nuestra Comunidad, explic\u00e1ndoles en qu\u00e9 consisten, las caracter\u00edsticas de nuestro alumnado y cu\u00e1l es nuestra labor como docentes.&nbsp;<\/p>\n<p>Pueden leer el art\u00edculo completo en este enlace:&nbsp;<\/p>\n<p><a href=\"https:\/\/ws168.juntadeandalucia.es\/iaap\/revista\/2023\/06\/09\/las-aulas-temporales-de-adaptacion-linguistica-un-balcon-abierto-al-mundo\/\">https:\/\/ws168.juntadeandalucia.es\/iaap\/revista\/2023\/06\/09\/las-aulas-temporales-de-adaptacion-linguistica-un-balcon-abierto-al-mundo\/<\/a><\/p>\n<p>Muchas gracias a la profesora de ATAL Mar\u00eda Isabel Rojas Paredes por la aportaci\u00f3n.&nbsp;<\/p>\n","protected":false},"excerpt":{"rendered":"<p>En el n.\u00ba 15,&nbsp; de junio 2023 de esta revista digital de la Junta de Andaluc\u00eda, en la Secci\u00f3n &#8220;Ens\u00e9\u00f1anos tu trabajo&#8221;, mediante este art\u00edculo damos visibilidad a nuestras aulas ATAL al resto de&#46;&#46;&#46;<\/p>\n","protected":false},"author":11521,"featured_media":0,"comment_status":"open","ping_status":"open","sticky":false,"template":"","format":"standard","meta":{"ngg_post_thumbnail":0,"footnotes":""},"categories":[17],"tags":[],"aioseo_notices":[],"_links":{"self":[{"href":"https:\/\/blogsaverroes.juntadeandalucia.es\/atalmalaga\/wp-json\/wp\/v2\/posts\/1282"}],"collection":[{"href":"https:\/\/blogsaverroes.juntadeandalucia.es\/atalmalaga\/wp-json\/wp\/v2\/posts"}],"about":[{"href":"https:\/\/blogsaverroes.juntadeandalucia.es\/atalmalaga\/wp-json\/wp\/v2\/types\/post"}],"author":[{"embeddable":true,"href":"https:\/\/blogsaverroes.juntadeandalucia.es\/atalmalaga\/wp-json\/wp\/v2\/users\/11521"}],"replies":[{"embeddable":true,"href":"https:\/\/blogsaverroes.juntadeandalucia.es\/atalmalaga\/wp-json\/wp\/v2\/comments?post=1282"}],"version-history":[{"count":2,"href":"https:\/\/blogsaverroes.juntadeandalucia.es\/atalmalaga\/wp-json\/wp\/v2\/posts\/1282\/revisions"}],"predecessor-version":[{"id":1285,"href":"https:\/\/blogsaverroes.juntadeandalucia.es\/atalmalaga\/wp-json\/wp\/v2\/posts\/1282\/revisions\/1285"}],"wp:attachment":[{"href":"https:\/\/blogsaverroes.juntadeandalucia.es\/atalmalaga\/wp-json\/wp\/v2\/media?parent=1282"}],"wp:term":[{"taxonomy":"category","embeddable":true,"href":"https:\/\/blogsaverroes.juntadeandalucia.es\/atalmalaga\/wp-json\/wp\/v2\/categories?post=1282"},{"taxonomy":"post_tag","embeddable":true,"href":"https:\/\/blogsaverroes.juntadeandalucia.es\/atalmalaga\/wp-json\/wp\/v2\/tags?post=1282"}],"curies":[{"name":"wp","href":"https:\/\/api.w.org\/{rel}","templated":true}]}}