{"id":131,"date":"2015-03-09T00:47:00","date_gmt":"2015-03-09T00:47:00","guid":{"rendered":"https:\/\/blogsaverroes.juntadeandalucia.es\/ateneanegra\/2015\/03\/09\/al-andalus\/"},"modified":"2015-03-09T00:47:00","modified_gmt":"2015-03-09T00:47:00","slug":"al-andalus","status":"publish","type":"post","link":"https:\/\/blogsaverroes.juntadeandalucia.es\/ateneanegra\/2015\/03\/09\/al-andalus\/","title":{"rendered":"AL ANDALUS"},"content":{"rendered":"<p><\/p>\n<table align=\"center\" cellpadding=\"0\" cellspacing=\"0\" style=\"float: left;margin-right: 1em\">\n<tbody>\n<tr>\n<td style=\"text-align: center\">\ufeff<\/p>\n<table align=\"center\" cellpadding=\"0\" cellspacing=\"0\" style=\"margin-left: auto;margin-right: auto;text-align: center\">\n<tbody>\n<tr>\n<td><a href=\"http:\/\/4.bp.blogspot.com\/-r3C9PJ8JInE\/TcesLNGH_NI\/AAAAAAAAAIw\/Eg5I07m5uiw\/s1600\/STP60691.JPG\" style=\"margin-left: auto;margin-right: auto\"><img loading=\"lazy\" decoding=\"async\" border=\"0\" src=\"http:\/\/4.bp.blogspot.com\/-r3C9PJ8JInE\/TcesLNGH_NI\/AAAAAAAAAIw\/Eg5I07m5uiw\/s200\/STP60691.JPG\" height=\"150\" width=\"200\" \/><\/a><\/td>\n<\/tr>\n<tr>\n<td style=\"font-size: 12.8000001907349px\">JCS<\/td>\n<\/tr>\n<\/tbody>\n<\/table>\n<p><a href=\"http:\/\/1.bp.blogspot.com\/_HLrpRbEoEUY\/S89oggaFgrI\/AAAAAAAAAGM\/PYiuzvX70Os\/s1600\/STP62502.JPG\" style=\"margin-left: auto;margin-right: auto\"><img loading=\"lazy\" decoding=\"async\" border=\"0\" src=\"http:\/\/1.bp.blogspot.com\/_HLrpRbEoEUY\/S89oggaFgrI\/AAAAAAAAAGM\/PYiuzvX70Os\/s200\/STP62502.JPG\" height=\"150\" width=\"200\" \/><\/a><\/td>\n<\/tr>\n<tr>\n<td style=\"font-size: 12.8000001907349px;text-align: center\">Restos del Palacio de Dar-al-Arusa (Granada)<\/td>\n<\/tr>\n<\/tbody>\n<\/table>\n<div style=\"text-align: justify\">\n<\/div>\n<div style=\"text-align: justify\">\n<\/div>\n<div style=\"text-align: justify\">\n<\/div>\n<div style=\"text-align: justify\">\n&nbsp;Aqu\u00ed ten\u00e9is una buena&nbsp;<a href=\"http:\/\/es.slideshare.net\/smerino\/la-edad-media-los-reinos-cristianos\" target=\"_blank\" rel=\"noopener noreferrer\">presentaci\u00f3n.<\/a>&nbsp;Se trata de un recorrido por la historia de la Pen\u00ednsula Ib\u00e9rica durante la \u00e9poca musulmana (711-1492). Entender\u00e9is mejor el tema de Al-Andalus. Cuenta con buenas explicaciones y mapas. Otra buena&nbsp;<a href=\"http:\/\/www.slideshare.net\/landa\/espaa-medieval-al-andalus-presentation?from=ss_embed\" target=\"_blank\" rel=\"noopener noreferrer\">presentaci\u00f3n<\/a>. Pod\u00e9is preparar el tema (as\u00ed como los preceptivos mapa conceptual y resumen por cualquiera de ellos.<\/div>\n<div style=\"border: currentColor;text-align: justify\">\n<div style=\"text-align: justify\">\nOs dejo tambi\u00e9n un enlace a dos buenas webquest&nbsp;<a href=\"http:\/\/heliossociales.blogspot.com\/2008\/01\/webquest-la-vida-cotidiana-en-al.html\" target=\"_blank\" rel=\"noopener noreferrer\">una<\/a>&nbsp; y <a href=\"http:\/\/phpwebquest.org\/cursocep\/webquest\/soporte_tablon_w.php?id_actividad=4302&amp;id_pagina=3\" target=\"_blank\" rel=\"noopener noreferrer\">otra<\/a>. Y ademas una pagina IMPRESCINDIBLE para aprender&nbsp;<a href=\"http:\/\/www.juntadeandalucia.es\/averroes\/recursos_informaticos\/proyectos2004\/historia\/principal.swf\" target=\"_blank\" rel=\"noopener noreferrer\">Historia a trav\u00e9s del Arte<\/a>.<\/div>\n<\/div>\n<div style=\"text-align: justify\">\nLa realizaci\u00f3n de la web-quest puede ser considerada como Trabajo de Investigaci\u00f3n (voluntario) del Trimestre.<\/div>\n<div style=\"text-align: justify\">\nAqu\u00ed os dejo una interesante&nbsp;<a href=\"http:\/\/iesgabrielgalanm.juntaextremadura.net\/web\/atemon\/udis\/Al-Andalus\/index.html\" target=\"_blank\" rel=\"noopener noreferrer\">Unidad did\u00e1ctica<\/a>. Algunas preguntas de examen saldr\u00e1n de aqu\u00ed. Tambi\u00e9n ten\u00e9is las actividades a realizar.<br \/>\nOs dejo tambi\u00e9n unas interesantes actividades de <a href=\"http:\/\/www.aplicaciones.info\/sociales\/historia\/histo15.htm\" target=\"_blank\" rel=\"noopener noreferrer\">auto evaluaci\u00f3n<\/a>. Copiad las respuestas (correctas) en vuestro cuaderno. Os dejar\u00e9 una copia impresa por si ten\u00e9is problemas con la red.<\/div>\n","protected":false},"excerpt":{"rendered":"<p>\ufeff JCS Restos del Palacio de Dar-al-Arusa (Granada) &nbsp;Aqu\u00ed ten\u00e9is una buena&nbsp;presentaci\u00f3n.&nbsp;Se trata de un recorrido por la historia de la Pen\u00ednsula Ib\u00e9rica durante la \u00e9poca musulmana (711-1492). Entender\u00e9is mejor el tema de Al-Andalus.&#46;&#46;&#46;<\/p>\n","protected":false},"author":9686,"featured_media":0,"comment_status":"open","ping_status":"open","sticky":false,"template":"","format":"standard","meta":{"ngg_post_thumbnail":0,"footnotes":""},"categories":[3,48,8,31],"tags":[],"aioseo_notices":[],"_links":{"self":[{"href":"https:\/\/blogsaverroes.juntadeandalucia.es\/ateneanegra\/wp-json\/wp\/v2\/posts\/131"}],"collection":[{"href":"https:\/\/blogsaverroes.juntadeandalucia.es\/ateneanegra\/wp-json\/wp\/v2\/posts"}],"about":[{"href":"https:\/\/blogsaverroes.juntadeandalucia.es\/ateneanegra\/wp-json\/wp\/v2\/types\/post"}],"author":[{"embeddable":true,"href":"https:\/\/blogsaverroes.juntadeandalucia.es\/ateneanegra\/wp-json\/wp\/v2\/users\/9686"}],"replies":[{"embeddable":true,"href":"https:\/\/blogsaverroes.juntadeandalucia.es\/ateneanegra\/wp-json\/wp\/v2\/comments?post=131"}],"version-history":[{"count":0,"href":"https:\/\/blogsaverroes.juntadeandalucia.es\/ateneanegra\/wp-json\/wp\/v2\/posts\/131\/revisions"}],"wp:attachment":[{"href":"https:\/\/blogsaverroes.juntadeandalucia.es\/ateneanegra\/wp-json\/wp\/v2\/media?parent=131"}],"wp:term":[{"taxonomy":"category","embeddable":true,"href":"https:\/\/blogsaverroes.juntadeandalucia.es\/ateneanegra\/wp-json\/wp\/v2\/categories?post=131"},{"taxonomy":"post_tag","embeddable":true,"href":"https:\/\/blogsaverroes.juntadeandalucia.es\/ateneanegra\/wp-json\/wp\/v2\/tags?post=131"}],"curies":[{"name":"wp","href":"https:\/\/api.w.org\/{rel}","templated":true}]}}