{"id":18,"date":"2021-09-16T10:47:00","date_gmt":"2021-09-16T10:47:00","guid":{"rendered":""},"modified":"2023-06-20T09:49:31","modified_gmt":"2023-06-20T09:49:31","slug":"comentario-de-textos-historicos","status":"publish","type":"post","link":"https:\/\/blogsaverroes.juntadeandalucia.es\/ateneanegra\/2021\/09\/16\/comentario-de-textos-historicos\/","title":{"rendered":"COMENTARIO DE TEXTOS HIST\u00d3RICOS"},"content":{"rendered":"<div style=\"clear: both;text-align: center\">\n<a href=\"https:\/\/blogsaverroes.juntadeandalucia.es\/ateneanegra\/files\/2021\/09\/Forges-comentario-de-texto.jpg\" style=\"margin-left: 1em;margin-right: 1em\"><img loading=\"lazy\" decoding=\"async\" border=\"0\" height=\"306\" src=\"https:\/\/blogsaverroes.juntadeandalucia.es\/ateneanegra\/files\/2021\/09\/Forges-comentario-de-texto-300x234.jpg\" width=\"400\" \/><\/a><\/div>\n<p><span style=\"font-size: medium\"><br \/>\nAqu\u00ed os dejo el enlace a una pagina muy interesante para trabajar sobre el <a href=\"http:\/\/claseshistoria.com\/general\/comentariotextos.htm\" target=\"_blank\" rel=\"noopener noreferrer\">comentario de texto<\/a>. Tambi\u00e9n pod\u00e9is utilizar estos otros <a href=\"http:\/\/recursostic.educacion.es\/secundaria\/edad\/4esohistoria\/quincena1\/index_quincena1.htm\" target=\"_blank\" rel=\"noopener noreferrer\">materiales<\/a> que contienen ejercicios de autoevaluaci\u00f3n<\/span><\/p>\n","protected":false},"excerpt":{"rendered":"<p>Aqu\u00ed os dejo el enlace a una pagina muy interesante para trabajar sobre el comentario de texto. Tambi\u00e9n pod\u00e9is utilizar estos otros materiales que contienen ejercicios de autoevaluaci\u00f3n<\/p>\n","protected":false},"author":9686,"featured_media":281,"comment_status":"open","ping_status":"open","sticky":false,"template":"","format":"standard","meta":{"ngg_post_thumbnail":0,"footnotes":""},"categories":[3,5,8,7,2],"tags":[],"aioseo_notices":[],"_links":{"self":[{"href":"https:\/\/blogsaverroes.juntadeandalucia.es\/ateneanegra\/wp-json\/wp\/v2\/posts\/18"}],"collection":[{"href":"https:\/\/blogsaverroes.juntadeandalucia.es\/ateneanegra\/wp-json\/wp\/v2\/posts"}],"about":[{"href":"https:\/\/blogsaverroes.juntadeandalucia.es\/ateneanegra\/wp-json\/wp\/v2\/types\/post"}],"author":[{"embeddable":true,"href":"https:\/\/blogsaverroes.juntadeandalucia.es\/ateneanegra\/wp-json\/wp\/v2\/users\/9686"}],"replies":[{"embeddable":true,"href":"https:\/\/blogsaverroes.juntadeandalucia.es\/ateneanegra\/wp-json\/wp\/v2\/comments?post=18"}],"version-history":[{"count":1,"href":"https:\/\/blogsaverroes.juntadeandalucia.es\/ateneanegra\/wp-json\/wp\/v2\/posts\/18\/revisions"}],"predecessor-version":[{"id":282,"href":"https:\/\/blogsaverroes.juntadeandalucia.es\/ateneanegra\/wp-json\/wp\/v2\/posts\/18\/revisions\/282"}],"wp:featuredmedia":[{"embeddable":true,"href":"https:\/\/blogsaverroes.juntadeandalucia.es\/ateneanegra\/wp-json\/wp\/v2\/media\/281"}],"wp:attachment":[{"href":"https:\/\/blogsaverroes.juntadeandalucia.es\/ateneanegra\/wp-json\/wp\/v2\/media?parent=18"}],"wp:term":[{"taxonomy":"category","embeddable":true,"href":"https:\/\/blogsaverroes.juntadeandalucia.es\/ateneanegra\/wp-json\/wp\/v2\/categories?post=18"},{"taxonomy":"post_tag","embeddable":true,"href":"https:\/\/blogsaverroes.juntadeandalucia.es\/ateneanegra\/wp-json\/wp\/v2\/tags?post=18"}],"curies":[{"name":"wp","href":"https:\/\/api.w.org\/{rel}","templated":true}]}}