{"id":188,"date":"2012-05-20T20:41:00","date_gmt":"2012-05-20T20:41:00","guid":{"rendered":"https:\/\/blogsaverroes.juntadeandalucia.es\/ateneanegra\/2012\/05\/20\/exposiciones-orales-de-final-de-curso\/"},"modified":"2012-05-20T20:41:00","modified_gmt":"2012-05-20T20:41:00","slug":"exposiciones-orales-de-final-de-curso","status":"publish","type":"post","link":"https:\/\/blogsaverroes.juntadeandalucia.es\/ateneanegra\/2012\/05\/20\/exposiciones-orales-de-final-de-curso\/","title":{"rendered":"EXPOSICIONES ORALES DE FINAL DE CURSO"},"content":{"rendered":"<div align=\"justify\" style=\"clear: both;text-align: center\">\n<a href=\"http:\/\/2.bp.blogspot.com\/_HLrpRbEoEUY\/S8t2C2sdBoI\/AAAAAAAAAFk\/CE2o6RiBInA\/s1600\/HPIM2079.jpg\" style=\"margin-left: 1em;margin-right: 1em\"><img decoding=\"async\" border=\"0\" src=\"http:\/\/2.bp.blogspot.com\/_HLrpRbEoEUY\/S8t2C2sdBoI\/AAAAAAAAAFk\/CE2o6RiBInA\/s320\/HPIM2079.jpg\" \/><\/a><\/div>\n<p><span style=\"font-size: x-small\">El tiempo previsto para la presentaci\u00f3n oral es de 25-30 minutos.<\/span><\/p>\n<div style=\"text-align: justify\">\n<span style=\"font-size: x-small\">La presentaci\u00f3n no consiste en la lectura de un texto. El alumno\/a puede ayudarse de un esquema pero no debe leer toda la exposici\u00f3n, pues como ya hemos comentado en clase seriais un alumno \u00abkaraoke\u00bb <\/span><\/div>\n<div style=\"text-align: justify\">\n<span style=\"font-size: x-small\">Para la presentaci\u00f3n se podr\u00e1n utilizar los recursos tecnol\u00f3gicos que el alumno\/a considere oportuno. Se recomienda apoyar la presentaci\u00f3n con un Power Point, Impress, Prezi, Glogster, etc. con diapositivas, murales, dibujos u otros medios.<\/span><\/div>\n<div style=\"text-align: justify\">\n<span style=\"font-size: x-small\">Cada grupo deber\u00eda, entregar el viernes anterior a la exposici\u00f3n, un esquema con los apartados e ideas principales de su presentaci\u00f3n. La extensi\u00f3n m\u00e1xima del esquema ser\u00e1 de una cara de un folio. El tama\u00f1o de la letra ser\u00e1 11-12. El esquema se debe entregar fotocopiado a todo el alumnado durante la exposici\u00f3n.<\/span><\/div>\n<div style=\"text-align: justify\">\n<span style=\"font-size: x-small\">Al final de cada presentaci\u00f3n habr\u00e1 un turno de debate. Los alumnos\/as podr\u00e1n realizar preguntas al alumno que ha realizado la exposici\u00f3n o expresar opiniones. <\/span><span style=\"font-size: x-small\">La evaluaci\u00f3n de cada alumno de los temas propuestos para cada curso (los 4 o 5 finales del temario, seg\u00fan cursos) ser\u00e1 calculada de acuerdo con la siguiente distribuci\u00f3n:<\/span><\/div>\n<div style=\"text-align: justify\">\n<span style=\"font-size: x-small\"> <\/span><\/div>\n<div style=\"text-align: justify\">\n<span style=\"font-size: x-small\">Presentaci\u00f3n oral&#8230;&#8230;&#8230;&#8230;&#8230;&#8230;&#8230;&#8230;&#8230;&#8230;&#8230;&#8230;&#8230;&#8230;&#8230;&#8230;&#8230;.70%<\/span><\/div>\n<div style=\"text-align: justify\">\n<span style=\"font-size: x-small\">Esquema de la presentaci\u00f3n&#8230;&#8230;&#8230;&#8230;&#8230;&#8230;&#8230;&#8230;&#8230;&#8230;&#8230;..10%<\/span><\/div>\n<div style=\"text-align: justify\">\n<span style=\"font-size: x-small\">Participaci\u00f3n debates de las otras exposiciones&#8230;. 10%<\/span><\/div>\n<div style=\"text-align: justify\">\n<span style=\"font-size: x-small\">Autoevaluaci\u00f3n&#8230;&#8230;&#8230;&#8230;&#8230;&#8230;&#8230;&#8230;&#8230;&#8230;&#8230;&#8230;&#8230;&#8230;&#8230;&#8230;&#8230;.. 10%<\/span><\/div>\n<div style=\"text-align: justify\">\n<span style=\"font-size: x-small\">Dos d\u00edas despu\u00e9s de su exposici\u00f3n, el alumno\/a entregar\u00e1 al profesor un informe de autoevaluaci\u00f3n donde de forma argumentada calificar\u00e1 su exposici\u00f3n de 0 a 10, considerando aspectos como la claridad en la exposici\u00f3n, los recursos empleados, la b\u00fasqueda de informaci\u00f3n, su participaci\u00f3n en el debate, etc.<\/span><\/div>\n<div style=\"text-align: justify\">\n<span style=\"font-size: x-small\"><strong>IMPORTANTE<\/strong>: El listado de grupos y temas lo comunicar\u00e9 en la \u00faltima semana de Mayo..<\/span><span style=\"font-size: x-small\">Para preparar la exposici\u00f3n os recuerdo la pagina \u00abAprender a estudiar\u00bb, pero por si acaso aqu\u00ed os dejo un enlace al apartado de <\/span><a href=\"http:\/\/www.isftic.mepsyd.es\/w3\/eos\/MaterialesEducativos\/mem2006\/aprender_estudiar\/index2.html\"><span style=\"font-size: x-small\">exposiciones orales<\/span><\/a><\/div>\n","protected":false},"excerpt":{"rendered":"<p>El tiempo previsto para la presentaci\u00f3n oral es de 25-30 minutos. La presentaci\u00f3n no consiste en la lectura de un texto. El alumno\/a puede ayudarse de un esquema pero no debe leer toda la&#46;&#46;&#46;<\/p>\n","protected":false},"author":9686,"featured_media":0,"comment_status":"open","ping_status":"open","sticky":false,"template":"","format":"standard","meta":{"ngg_post_thumbnail":0,"footnotes":""},"categories":[6,31,28],"tags":[],"aioseo_notices":[],"_links":{"self":[{"href":"https:\/\/blogsaverroes.juntadeandalucia.es\/ateneanegra\/wp-json\/wp\/v2\/posts\/188"}],"collection":[{"href":"https:\/\/blogsaverroes.juntadeandalucia.es\/ateneanegra\/wp-json\/wp\/v2\/posts"}],"about":[{"href":"https:\/\/blogsaverroes.juntadeandalucia.es\/ateneanegra\/wp-json\/wp\/v2\/types\/post"}],"author":[{"embeddable":true,"href":"https:\/\/blogsaverroes.juntadeandalucia.es\/ateneanegra\/wp-json\/wp\/v2\/users\/9686"}],"replies":[{"embeddable":true,"href":"https:\/\/blogsaverroes.juntadeandalucia.es\/ateneanegra\/wp-json\/wp\/v2\/comments?post=188"}],"version-history":[{"count":0,"href":"https:\/\/blogsaverroes.juntadeandalucia.es\/ateneanegra\/wp-json\/wp\/v2\/posts\/188\/revisions"}],"wp:attachment":[{"href":"https:\/\/blogsaverroes.juntadeandalucia.es\/ateneanegra\/wp-json\/wp\/v2\/media?parent=188"}],"wp:term":[{"taxonomy":"category","embeddable":true,"href":"https:\/\/blogsaverroes.juntadeandalucia.es\/ateneanegra\/wp-json\/wp\/v2\/categories?post=188"},{"taxonomy":"post_tag","embeddable":true,"href":"https:\/\/blogsaverroes.juntadeandalucia.es\/ateneanegra\/wp-json\/wp\/v2\/tags?post=188"}],"curies":[{"name":"wp","href":"https:\/\/api.w.org\/{rel}","templated":true}]}}