{"id":66,"date":"2019-10-07T10:47:00","date_gmt":"2019-10-07T10:47:00","guid":{"rendered":"https:\/\/blogsaverroes.juntadeandalucia.es\/ateneanegra\/2019\/10\/07\/glosarios\/"},"modified":"2019-10-07T10:47:00","modified_gmt":"2019-10-07T10:47:00","slug":"glosarios","status":"publish","type":"post","link":"https:\/\/blogsaverroes.juntadeandalucia.es\/ateneanegra\/2019\/10\/07\/glosarios\/","title":{"rendered":"GLOSARIOS"},"content":{"rendered":"<p>Aqu\u00ed ten\u00e9is diversos glosarios elaborados por profesores del departamento de Geograf\u00eda e Historia del IES Francisco de Goya de Molina de Segura:<br \/>\n*&nbsp;<a href=\"http:\/\/www.scribd.com\/doc\/11598849\/vocabulario\">Vocabulario ilustrado de Historia del Arte<\/a><\/p>\n<div style=\"clear: both;text-align: center\">\n<a href=\"http:\/\/1.bp.blogspot.com\/_HLrpRbEoEUY\/Swmz6RbI4qI\/AAAAAAAAAB8\/68SQmuUp21c\/s1600\/IMAGENES+VARIAS+306.jpg\" style=\"margin-left: 1em;margin-right: 1em\"><img decoding=\"async\" border=\"0\" src=\"https:\/\/1.bp.blogspot.com\/_HLrpRbEoEUY\/Swmz6RbI4qI\/AAAAAAAAAB8\/68SQmuUp21c\/s320\/IMAGENES+VARIAS+306.jpg\" \/><\/a><\/div>\n<p>\n* Vocabulario ilustrado de Geograf\u00eda de Espa\u00f1a:<br \/>\n1.&nbsp;<a href=\"http:\/\/www.scribd.com\/doc\/12779053\/Vocabulario-Ilustrado-de-Geografia-Fisica-selectividad-Murcia-2009\">Geograf\u00eda f\u00edsica<\/a><br \/>\n2.&nbsp;<a href=\"http:\/\/www.scribd.com\/doc\/12903756\/Vocabulario-Ilustrado-de-Geografia-de-La-Poblacion\">Geograf\u00eda de la Poblaci\u00f3n<\/a><br \/>\n3.&nbsp;<a href=\"http:\/\/www.scribd.com\/doc\/12925393\/Vocabulario-Ilustrado-de-Geografia-Urbana\">Geograf\u00eda urbana<\/a><\/p>\n<div style=\"border: currentColor;clear: both;text-align: center\">\n<a href=\"http:\/\/3.bp.blogspot.com\/_HLrpRbEoEUY\/SwmyxBCfzNI\/AAAAAAAAAB0\/ErufCOcocvU\/s1600\/IMAGENES+VARIAS+098.jpg\" style=\"margin-left: 1em;margin-right: 1em\"><img decoding=\"async\" border=\"0\" src=\"https:\/\/3.bp.blogspot.com\/_HLrpRbEoEUY\/SwmyxBCfzNI\/AAAAAAAAAB0\/ErufCOcocvU\/s320\/IMAGENES+VARIAS+098.jpg\" \/><\/a><\/div>\n<div style=\"border: currentColor;clear: both;text-align: center\">\n<\/div>\n<div style=\"border: currentcolor;clear: both\">\nY otro vocabulario de&nbsp;<a href=\"http:\/\/www.profesorfrancisco.es\/search\/label\/Diccionario%20de%20arte\" target=\"_blank\" rel=\"noopener noreferrer\">Historia del Arte<\/a><\/div>\n<div style=\"border: currentcolor;clear: both\">\n<a href=\"http:\/\/contenidos.educarex.es\/mci\/2004\/35\/Diccionario\/diccionariovisua.html\">Diccionario visual de Geograf\u00eda f\u00edsica\ufeff<\/a><\/div>\n<div style=\"border: currentcolor;clear: both\">\n<\/div>\n<div style=\"border: currentcolor;clear: both\">\nTrabajaremos para la elaboraci\u00f3n de glosarios colaborativos (especialmente en 1\u00ba de Bachillerato, donde constituyen una de las partes de las pruebas presenciales.<\/div>\n<div style=\"border: currentcolor;clear: both\">\nSaludos<\/div>\n<div style=\"border: currentcolor;clear: both\">\n\ufeff<\/div>\n","protected":false},"excerpt":{"rendered":"<p>Aqu\u00ed ten\u00e9is diversos glosarios elaborados por profesores del departamento de Geograf\u00eda e Historia del IES Francisco de Goya de Molina de Segura: *&nbsp;Vocabulario ilustrado de Historia del Arte * Vocabulario ilustrado de Geograf\u00eda de&#46;&#46;&#46;<\/p>\n","protected":false},"author":9686,"featured_media":0,"comment_status":"open","ping_status":"open","sticky":false,"template":"","format":"standard","meta":{"ngg_post_thumbnail":0,"footnotes":""},"categories":[26],"tags":[],"aioseo_notices":[],"_links":{"self":[{"href":"https:\/\/blogsaverroes.juntadeandalucia.es\/ateneanegra\/wp-json\/wp\/v2\/posts\/66"}],"collection":[{"href":"https:\/\/blogsaverroes.juntadeandalucia.es\/ateneanegra\/wp-json\/wp\/v2\/posts"}],"about":[{"href":"https:\/\/blogsaverroes.juntadeandalucia.es\/ateneanegra\/wp-json\/wp\/v2\/types\/post"}],"author":[{"embeddable":true,"href":"https:\/\/blogsaverroes.juntadeandalucia.es\/ateneanegra\/wp-json\/wp\/v2\/users\/9686"}],"replies":[{"embeddable":true,"href":"https:\/\/blogsaverroes.juntadeandalucia.es\/ateneanegra\/wp-json\/wp\/v2\/comments?post=66"}],"version-history":[{"count":0,"href":"https:\/\/blogsaverroes.juntadeandalucia.es\/ateneanegra\/wp-json\/wp\/v2\/posts\/66\/revisions"}],"wp:attachment":[{"href":"https:\/\/blogsaverroes.juntadeandalucia.es\/ateneanegra\/wp-json\/wp\/v2\/media?parent=66"}],"wp:term":[{"taxonomy":"category","embeddable":true,"href":"https:\/\/blogsaverroes.juntadeandalucia.es\/ateneanegra\/wp-json\/wp\/v2\/categories?post=66"},{"taxonomy":"post_tag","embeddable":true,"href":"https:\/\/blogsaverroes.juntadeandalucia.es\/ateneanegra\/wp-json\/wp\/v2\/tags?post=66"}],"curies":[{"name":"wp","href":"https:\/\/api.w.org\/{rel}","templated":true}]}}