{"id":286,"date":"2020-12-24T17:58:59","date_gmt":"2020-12-24T16:58:59","guid":{"rendered":"https:\/\/blogsaverroes.juntadeandalucia.es\/audicionylenguajetiernogalvan\/?p=286"},"modified":"2020-12-24T17:58:59","modified_gmt":"2020-12-24T16:58:59","slug":"feliz-navidad","status":"publish","type":"post","link":"https:\/\/blogsaverroes.juntadeandalucia.es\/audicionylenguajetiernogalvan\/feliz-navidad\/","title":{"rendered":"\u00a1FELIZ NAVIDAD!"},"content":{"rendered":"<p>Ojal\u00e1 el 2021 siga ofreciendo instantes especiales a mis ni\u00f1os\/as bonitos del cole. Este primer trimestre ha sido un tanto extra\u00f1o, pero lo hemos superado. Yo era una de tantas que pensaba que durar\u00edamos dos semanas de forma presencial, pero no, \u00a1\u00a1\u00a1primer trimestre terminado!!! Respecto a mi trabajo como maestra de Audici\u00f3n y Lenguaje, no he podido dar todo lo que siempre intento aportar a mis chiquitines, me he sentido frustrada en muchos momentos, el estar sustituyendo en muchas ocasiones, el preparar una sesi\u00f3n y luego no poder llevarla a la pr\u00e1ctica, el dejar a mi alumnado desatendido\u2026, pero por otra parte he conocido m\u00e1s directamente a diferente alumnado del centro, sus personalidades, su funcionamiento en el grupo, y me ha servido para adaptar mi trabajo todav\u00eda m\u00e1s al \u00e1mbito educativo. Todo obst\u00e1culo conlleva siempre un aprendizaje.<\/p>\n<p>Este a\u00f1o 2020 me ha dado el tiempo suficiente para meditar sobre todo en lo que me gusta de mi vida y me ha hecho entender, que no debemos pensar ni planificar tanto el futuro, est\u00e1 bien tener unos objetivos y metas a largo plazo, pero previamente debes vivir el ahora, porque un segundo despu\u00e9s ya se ha convertido en pasado. El momento en el que est\u00e1s, con las personas que te acompa\u00f1an, es lo que cuenta. Mientras, puedes seguir so\u00f1ando e ilusion\u00e1ndote con aquellas peque\u00f1as cosas que te inyectan energ\u00eda, te motivan. Pero no olvides nunca vivir tu presente.<img loading=\"lazy\" decoding=\"async\" class=\"aligncenter size-medium wp-image-287\" src=\"https:\/\/blogsaverroes.juntadeandalucia.es\/audicionylenguajetiernogalvan\/files\/2020\/12\/FELICITACION-NAVIDE\u00d1A-300x254.png\" alt=\"\" width=\"300\" height=\"254\" srcset=\"https:\/\/blogsaverroes.juntadeandalucia.es\/audicionylenguajetiernogalvan\/files\/2020\/12\/FELICITACION-NAVIDE\u00d1A-300x254.png 300w, https:\/\/blogsaverroes.juntadeandalucia.es\/audicionylenguajetiernogalvan\/files\/2020\/12\/FELICITACION-NAVIDE\u00d1A-24x20.png 24w, https:\/\/blogsaverroes.juntadeandalucia.es\/audicionylenguajetiernogalvan\/files\/2020\/12\/FELICITACION-NAVIDE\u00d1A-36x30.png 36w, https:\/\/blogsaverroes.juntadeandalucia.es\/audicionylenguajetiernogalvan\/files\/2020\/12\/FELICITACION-NAVIDE\u00d1A-48x41.png 48w, https:\/\/blogsaverroes.juntadeandalucia.es\/audicionylenguajetiernogalvan\/files\/2020\/12\/FELICITACION-NAVIDE\u00d1A.png 614w\" sizes=\"(max-width: 300px) 100vw, 300px\" \/><\/p>\n<p>\u00a1Hasta el pr\u00f3ximo a\u00f1o!<\/p>\n<p>Virginia.<\/p>\n","protected":false},"excerpt":{"rendered":"<p>Ojal\u00e1 el 2021 siga ofreciendo instantes especiales a mis ni\u00f1os\/as bonitos del cole. Este primer trimestre ha sido un tanto extra\u00f1o, pero lo hemos superado. Yo era una de tantas que pensaba que durar\u00edamos dos semanas de forma presencial, pero no, \u00a1\u00a1\u00a1primer trimestre terminado!!! Respecto a mi trabajo como maestra de Audici\u00f3n y Lenguaje, no &hellip; <\/p>\n<p class=\"link-more\"><a href=\"https:\/\/blogsaverroes.juntadeandalucia.es\/audicionylenguajetiernogalvan\/feliz-navidad\/\" class=\"more-link\">Continuar leyendo<span class=\"screen-reader-text\"> \u00ab\u00a1FELIZ NAVIDAD!\u00bb<\/span><\/a><\/p>\n","protected":false},"author":9032,"featured_media":0,"comment_status":"open","ping_status":"open","sticky":false,"template":"","format":"standard","meta":{"ngg_post_thumbnail":0,"footnotes":""},"categories":[5,13,6],"tags":[20],"aioseo_notices":[],"_links":{"self":[{"href":"https:\/\/blogsaverroes.juntadeandalucia.es\/audicionylenguajetiernogalvan\/wp-json\/wp\/v2\/posts\/286"}],"collection":[{"href":"https:\/\/blogsaverroes.juntadeandalucia.es\/audicionylenguajetiernogalvan\/wp-json\/wp\/v2\/posts"}],"about":[{"href":"https:\/\/blogsaverroes.juntadeandalucia.es\/audicionylenguajetiernogalvan\/wp-json\/wp\/v2\/types\/post"}],"author":[{"embeddable":true,"href":"https:\/\/blogsaverroes.juntadeandalucia.es\/audicionylenguajetiernogalvan\/wp-json\/wp\/v2\/users\/9032"}],"replies":[{"embeddable":true,"href":"https:\/\/blogsaverroes.juntadeandalucia.es\/audicionylenguajetiernogalvan\/wp-json\/wp\/v2\/comments?post=286"}],"version-history":[{"count":1,"href":"https:\/\/blogsaverroes.juntadeandalucia.es\/audicionylenguajetiernogalvan\/wp-json\/wp\/v2\/posts\/286\/revisions"}],"predecessor-version":[{"id":288,"href":"https:\/\/blogsaverroes.juntadeandalucia.es\/audicionylenguajetiernogalvan\/wp-json\/wp\/v2\/posts\/286\/revisions\/288"}],"wp:attachment":[{"href":"https:\/\/blogsaverroes.juntadeandalucia.es\/audicionylenguajetiernogalvan\/wp-json\/wp\/v2\/media?parent=286"}],"wp:term":[{"taxonomy":"category","embeddable":true,"href":"https:\/\/blogsaverroes.juntadeandalucia.es\/audicionylenguajetiernogalvan\/wp-json\/wp\/v2\/categories?post=286"},{"taxonomy":"post_tag","embeddable":true,"href":"https:\/\/blogsaverroes.juntadeandalucia.es\/audicionylenguajetiernogalvan\/wp-json\/wp\/v2\/tags?post=286"}],"curies":[{"name":"wp","href":"https:\/\/api.w.org\/{rel}","templated":true}]}}