{"id":312,"date":"2021-02-07T18:11:37","date_gmt":"2021-02-07T17:11:37","guid":{"rendered":"https:\/\/blogsaverroes.juntadeandalucia.es\/audicionylenguajetiernogalvan\/?p=312"},"modified":"2021-02-07T18:11:37","modified_gmt":"2021-02-07T17:11:37","slug":"palabras-compuestas","status":"publish","type":"post","link":"https:\/\/blogsaverroes.juntadeandalucia.es\/audicionylenguajetiernogalvan\/palabras-compuestas\/","title":{"rendered":"PALABRAS COMPUESTAS"},"content":{"rendered":"<p>Hola!!!!<\/p>\n<p>Esta semana vamos a repasar las palabras compuestas, aquellas que se forman de la uni\u00f3n normalmente de dos palabras simples.&nbsp;<\/p>\n<p>Para ello, vamos a utilizar un material muy chulo que se hizo en un grupo de maestras de Audici\u00f3n y Lenguaje al cual pertenezco. Hay que descargar un par de documentos que tendr\u00e9is que imprimir en casa. Ten\u00e9is que recortar las im\u00e1genes que est\u00e1n en las \u00faltimas p\u00e1ginas y pegarlas en el resultado de la suma de las dos palabras, escribiendo debajo su nombre.&nbsp; Para ahorrar papel, solo ten\u00e9is que imprimir de la p\u00e1gina 3 a la 5.<\/p>\n<p>Una vez terminada la actividad, ten\u00e9is que coger cuatro palabras compuestas que hab\u00e9is hecho, y crear una peque\u00f1a historia donde aparezcan las cuatro palabras. Pod\u00e9is cogerla de los dos documentos.<\/p>\n<p>Para descargar los documentos, pulsad en cada imagen.<\/p>\n<p><a href=\"https:\/\/drive.google.com\/file\/d\/1rcp7yycXO_Myzq4GK1l9eKl-nbpifx4n\/view\"><img loading=\"lazy\" decoding=\"async\" class=\"aligncenter size-medium wp-image-313\" src=\"https:\/\/blogsaverroes.juntadeandalucia.es\/audicionylenguajetiernogalvan\/files\/2021\/02\/SUMA-PALABRAS1-225x300.png\" alt=\"\" width=\"225\" height=\"300\" srcset=\"https:\/\/blogsaverroes.juntadeandalucia.es\/audicionylenguajetiernogalvan\/files\/2021\/02\/SUMA-PALABRAS1-225x300.png 225w, https:\/\/blogsaverroes.juntadeandalucia.es\/audicionylenguajetiernogalvan\/files\/2021\/02\/SUMA-PALABRAS1.png 407w\" sizes=\"(max-width: 225px) 100vw, 225px\" \/><\/a><\/p>\n<p><a href=\"https:\/\/drive.google.com\/file\/d\/1YwqXc20shBibQc1OzO3moYWLpP6taxuU\/view\"> <img loading=\"lazy\" decoding=\"async\" class=\"aligncenter size-medium wp-image-314\" src=\"https:\/\/blogsaverroes.juntadeandalucia.es\/audicionylenguajetiernogalvan\/files\/2021\/02\/SUMA-PALABRAS2-207x300.png\" alt=\"\" width=\"207\" height=\"300\" srcset=\"https:\/\/blogsaverroes.juntadeandalucia.es\/audicionylenguajetiernogalvan\/files\/2021\/02\/SUMA-PALABRAS2-207x300.png 207w, https:\/\/blogsaverroes.juntadeandalucia.es\/audicionylenguajetiernogalvan\/files\/2021\/02\/SUMA-PALABRAS2.png 407w\" sizes=\"(max-width: 207px) 100vw, 207px\" \/><\/a><\/p>\n<p>Si ten\u00e9is cualquier duda o para el env\u00edo de tarea, estamos en contacto a trav\u00e9s del correo:<\/p>\n<p>virginia.aragon.jimenez.edu@juntadeandalucia.es<\/p>\n<p>Un saludo.<\/p>\n","protected":false},"excerpt":{"rendered":"<p>Hola!!!! Esta semana vamos a repasar las palabras compuestas, aquellas que se forman de la uni\u00f3n normalmente de dos palabras simples.&nbsp; Para ello, vamos a utilizar un material muy chulo que se hizo en un grupo de maestras de Audici\u00f3n y Lenguaje al cual pertenezco. Hay que descargar un par de documentos que tendr\u00e9is que &hellip; <\/p>\n<p class=\"link-more\"><a href=\"https:\/\/blogsaverroes.juntadeandalucia.es\/audicionylenguajetiernogalvan\/palabras-compuestas\/\" class=\"more-link\">Continuar leyendo<span class=\"screen-reader-text\"> \u00abPALABRAS COMPUESTAS\u00bb<\/span><\/a><\/p>\n","protected":false},"author":9032,"featured_media":0,"comment_status":"open","ping_status":"open","sticky":false,"template":"","format":"standard","meta":{"ngg_post_thumbnail":0,"footnotes":""},"categories":[13],"tags":[4],"aioseo_notices":[],"_links":{"self":[{"href":"https:\/\/blogsaverroes.juntadeandalucia.es\/audicionylenguajetiernogalvan\/wp-json\/wp\/v2\/posts\/312"}],"collection":[{"href":"https:\/\/blogsaverroes.juntadeandalucia.es\/audicionylenguajetiernogalvan\/wp-json\/wp\/v2\/posts"}],"about":[{"href":"https:\/\/blogsaverroes.juntadeandalucia.es\/audicionylenguajetiernogalvan\/wp-json\/wp\/v2\/types\/post"}],"author":[{"embeddable":true,"href":"https:\/\/blogsaverroes.juntadeandalucia.es\/audicionylenguajetiernogalvan\/wp-json\/wp\/v2\/users\/9032"}],"replies":[{"embeddable":true,"href":"https:\/\/blogsaverroes.juntadeandalucia.es\/audicionylenguajetiernogalvan\/wp-json\/wp\/v2\/comments?post=312"}],"version-history":[{"count":1,"href":"https:\/\/blogsaverroes.juntadeandalucia.es\/audicionylenguajetiernogalvan\/wp-json\/wp\/v2\/posts\/312\/revisions"}],"predecessor-version":[{"id":315,"href":"https:\/\/blogsaverroes.juntadeandalucia.es\/audicionylenguajetiernogalvan\/wp-json\/wp\/v2\/posts\/312\/revisions\/315"}],"wp:attachment":[{"href":"https:\/\/blogsaverroes.juntadeandalucia.es\/audicionylenguajetiernogalvan\/wp-json\/wp\/v2\/media?parent=312"}],"wp:term":[{"taxonomy":"category","embeddable":true,"href":"https:\/\/blogsaverroes.juntadeandalucia.es\/audicionylenguajetiernogalvan\/wp-json\/wp\/v2\/categories?post=312"},{"taxonomy":"post_tag","embeddable":true,"href":"https:\/\/blogsaverroes.juntadeandalucia.es\/audicionylenguajetiernogalvan\/wp-json\/wp\/v2\/tags?post=312"}],"curies":[{"name":"wp","href":"https:\/\/api.w.org\/{rel}","templated":true}]}}