{"id":369,"date":"2023-10-22T08:49:44","date_gmt":"2023-10-22T08:49:44","guid":{"rendered":"https:\/\/blogsaverroes.juntadeandalucia.es\/auladecineega\/?p=369"},"modified":"2023-10-25T15:43:56","modified_gmt":"2023-10-25T15:43:56","slug":"el-alfarero","status":"publish","type":"post","link":"https:\/\/blogsaverroes.juntadeandalucia.es\/auladecineega\/2023\/10\/22\/el-alfarero\/","title":{"rendered":"El Alfarero (C)"},"content":{"rendered":"<p><img loading=\"lazy\" decoding=\"async\" class=\"size-medium wp-image-370 alignleft\" src=\"https:\/\/blogsaverroes.juntadeandalucia.es\/auladecineega\/files\/2023\/10\/el-alfarero-300x218.jpg\" alt=\"\" width=\"300\" height=\"218\" srcset=\"https:\/\/blogsaverroes.juntadeandalucia.es\/auladecineega\/files\/2023\/10\/el-alfarero-300x218.jpg 300w, https:\/\/blogsaverroes.juntadeandalucia.es\/auladecineega\/files\/2023\/10\/el-alfarero.jpg 564w\" sizes=\"(max-width: 300px) 100vw, 300px\" \/><\/p>\n<p style=\"text-align: justify\"><strong>Sinopsis: <\/strong>La historia relata c\u00f3mo un maestro le ense\u00f1a a su disc\u00edpulo a darle vida a unas figuras de barro. Los dos personajes tienen una estrecha relaci\u00f3n y el ni\u00f1o en particular admira mucho a su maestro, una especie de monstruo carism\u00e1tico quien crea los m\u00e1s bellos objetos de barro. Ansioso por llegar a ser como \u00e9l y conseguir la magia que s\u00f3lo su maestro tiene, el peque\u00f1o trabaja de forma constante y rigurosa.<br \/>\nEn 6 minutos, Burton presenta una alegor\u00eda de los procesos de ense\u00f1anza y del rol de los docentes en \u00e9stos. La paciencia, la constancia, el esfuerzo y la dedicaci\u00f3n aparecen en esta propuesta animada como valores indispensables en la consecuci\u00f3n de objetivos.<\/p>\n<p>&nbsp;<\/p>\n<p>Ver el corto: <a href=\"https:\/\/vimeo.com\/2676617\" target=\"_blank\" rel=\"noopener noreferrer\">El Alfarero<\/a><\/p>\n<p>Gu\u00eda Did\u00e1ctica:&nbsp;<a href=\"https:\/\/lavozeducativa.com\/2020\/09\/14\/cortometraje-the-potter-el-alfarero\/\" target=\"_blank\" rel=\"noopener noreferrer\">Reflexiones<\/a><\/p>\n<p><strong>FICHA T\u00c9CNICA:<\/strong><\/p>\n<p><strong>T\u00edtulo original:&nbsp;<\/strong>The Potter<\/p>\n<p><strong>A\u00f1o:&nbsp;<\/strong>2005<\/p>\n<p><strong>Duraci\u00f3n:<\/strong> 7:50 min<\/p>\n<p><strong>Pa\u00eds:<\/strong> Estados Unidos<\/p>\n<p><strong>Direcci\u00f3n:&nbsp;<\/strong>Josh Burton<\/p>\n<p><strong>Gui\u00f3n:<\/strong> Josh Burton<\/p>\n<p><strong>Fotograf\u00eda:<\/strong>&nbsp;Animaci\u00f3n<\/p>\n<p><strong>M\u00fasica:<\/strong> Mark and Kyle<\/p>\n<p>&nbsp;<\/p>\n<dl class=\"margin-top movie-info\">\n<dd id=\"movie-rankings-pos\" class=\"no-padding\">&nbsp;<\/dd>\n<\/dl>\n","protected":false},"excerpt":{"rendered":"<p>Sinopsis: La historia relata c\u00f3mo un maestro le ense\u00f1a a su disc\u00edpulo a darle vida a unas figuras de barro. Los dos personajes tienen una estrecha relaci\u00f3n y el ni\u00f1o en particular admira mucho&#46;&#46;&#46;<\/p>\n","protected":false},"author":10331,"featured_media":370,"comment_status":"open","ping_status":"open","sticky":false,"template":"","format":"standard","meta":{"ngg_post_thumbnail":0,"footnotes":""},"categories":[15,12,16,13,14,5,2,10],"tags":[201,202,203],"aioseo_notices":[],"_links":{"self":[{"href":"https:\/\/blogsaverroes.juntadeandalucia.es\/auladecineega\/wp-json\/wp\/v2\/posts\/369"}],"collection":[{"href":"https:\/\/blogsaverroes.juntadeandalucia.es\/auladecineega\/wp-json\/wp\/v2\/posts"}],"about":[{"href":"https:\/\/blogsaverroes.juntadeandalucia.es\/auladecineega\/wp-json\/wp\/v2\/types\/post"}],"author":[{"embeddable":true,"href":"https:\/\/blogsaverroes.juntadeandalucia.es\/auladecineega\/wp-json\/wp\/v2\/users\/10331"}],"replies":[{"embeddable":true,"href":"https:\/\/blogsaverroes.juntadeandalucia.es\/auladecineega\/wp-json\/wp\/v2\/comments?post=369"}],"version-history":[{"count":3,"href":"https:\/\/blogsaverroes.juntadeandalucia.es\/auladecineega\/wp-json\/wp\/v2\/posts\/369\/revisions"}],"predecessor-version":[{"id":412,"href":"https:\/\/blogsaverroes.juntadeandalucia.es\/auladecineega\/wp-json\/wp\/v2\/posts\/369\/revisions\/412"}],"wp:featuredmedia":[{"embeddable":true,"href":"https:\/\/blogsaverroes.juntadeandalucia.es\/auladecineega\/wp-json\/wp\/v2\/media\/370"}],"wp:attachment":[{"href":"https:\/\/blogsaverroes.juntadeandalucia.es\/auladecineega\/wp-json\/wp\/v2\/media?parent=369"}],"wp:term":[{"taxonomy":"category","embeddable":true,"href":"https:\/\/blogsaverroes.juntadeandalucia.es\/auladecineega\/wp-json\/wp\/v2\/categories?post=369"},{"taxonomy":"post_tag","embeddable":true,"href":"https:\/\/blogsaverroes.juntadeandalucia.es\/auladecineega\/wp-json\/wp\/v2\/tags?post=369"}],"curies":[{"name":"wp","href":"https:\/\/api.w.org\/{rel}","templated":true}]}}