{"id":53,"date":"2020-03-24T14:07:04","date_gmt":"2020-03-24T13:07:04","guid":{"rendered":"https:\/\/blogsaverroes.juntadeandalucia.es\/aulaespecificatiernogalvan\/?p=53"},"modified":"2020-03-24T18:11:05","modified_gmt":"2020-03-24T17:11:05","slug":"ipasen","status":"publish","type":"post","link":"https:\/\/blogsaverroes.juntadeandalucia.es\/aulaespecificatiernogalvan\/ipasen\/","title":{"rendered":"iPasen"},"content":{"rendered":"<p>\u00a1Buenos d\u00edas! Aqu\u00ed os dejo un enlace del blog del cole en el que se explica los pasos a seguir si ten\u00e9is problemas con la clave del iPasen.<\/p>\n<p>Espero os sea de utilidad.<\/p>\n<p>Saludos.<\/p>\n<p><a href=\"https:\/\/blogsaverroes.juntadeandalucia.es\/programadigitalizacion\/que-hago-si-tengo-problemas-para-acceder-a-pasen-ipasen\/\">https:\/\/blogsaverroes.juntadeandalucia.es\/programadigitalizacion\/que-hago-si-tengo-problemas-para-acceder-a-pasen-ipasen\/<\/a><\/p>\n","protected":false},"excerpt":{"rendered":"<p>\u00a1Buenos d\u00edas! Aqu\u00ed os dejo un enlace del blog del cole en el que se explica los pasos a seguir si ten\u00e9is problemas con la clave del iPasen. Espero os sea de utilidad. Saludos.&#46;&#46;&#46;<\/p>\n","protected":false},"author":8979,"featured_media":0,"comment_status":"open","ping_status":"open","sticky":false,"template":"","format":"standard","meta":{"ngg_post_thumbnail":0,"footnotes":""},"categories":[1],"tags":[],"aioseo_notices":[],"_links":{"self":[{"href":"https:\/\/blogsaverroes.juntadeandalucia.es\/aulaespecificatiernogalvan\/wp-json\/wp\/v2\/posts\/53"}],"collection":[{"href":"https:\/\/blogsaverroes.juntadeandalucia.es\/aulaespecificatiernogalvan\/wp-json\/wp\/v2\/posts"}],"about":[{"href":"https:\/\/blogsaverroes.juntadeandalucia.es\/aulaespecificatiernogalvan\/wp-json\/wp\/v2\/types\/post"}],"author":[{"embeddable":true,"href":"https:\/\/blogsaverroes.juntadeandalucia.es\/aulaespecificatiernogalvan\/wp-json\/wp\/v2\/users\/8979"}],"replies":[{"embeddable":true,"href":"https:\/\/blogsaverroes.juntadeandalucia.es\/aulaespecificatiernogalvan\/wp-json\/wp\/v2\/comments?post=53"}],"version-history":[{"count":2,"href":"https:\/\/blogsaverroes.juntadeandalucia.es\/aulaespecificatiernogalvan\/wp-json\/wp\/v2\/posts\/53\/revisions"}],"predecessor-version":[{"id":59,"href":"https:\/\/blogsaverroes.juntadeandalucia.es\/aulaespecificatiernogalvan\/wp-json\/wp\/v2\/posts\/53\/revisions\/59"}],"wp:attachment":[{"href":"https:\/\/blogsaverroes.juntadeandalucia.es\/aulaespecificatiernogalvan\/wp-json\/wp\/v2\/media?parent=53"}],"wp:term":[{"taxonomy":"category","embeddable":true,"href":"https:\/\/blogsaverroes.juntadeandalucia.es\/aulaespecificatiernogalvan\/wp-json\/wp\/v2\/categories?post=53"},{"taxonomy":"post_tag","embeddable":true,"href":"https:\/\/blogsaverroes.juntadeandalucia.es\/aulaespecificatiernogalvan\/wp-json\/wp\/v2\/tags?post=53"}],"curies":[{"name":"wp","href":"https:\/\/api.w.org\/{rel}","templated":true}]}}