{"id":79,"date":"2019-07-09T09:44:32","date_gmt":"2019-07-09T09:44:32","guid":{"rendered":"https:\/\/blogsaverroes.juntadeandalucia.es\/aulaflautistica\/?p=79"},"modified":"2019-07-09T10:25:52","modified_gmt":"2019-07-09T10:25:52","slug":"el-estres","status":"publish","type":"post","link":"https:\/\/blogsaverroes.juntadeandalucia.es\/aulaflautistica\/2019\/07\/09\/el-estres\/","title":{"rendered":"El estr\u00e9s"},"content":{"rendered":"<p><iframe loading=\"lazy\" title=\"\u00bfQu\u00e9 es el estr\u00e9s, qu\u00e9 produce el estr\u00e9s y c\u00f3mo podemos afrontarlo?\" width=\"525\" height=\"295\" src=\"https:\/\/www.youtube.com\/embed\/PXYJlPFwjFc?feature=oembed\" frameborder=\"0\" allow=\"accelerometer; autoplay; encrypted-media; gyroscope; picture-in-picture\" allowfullscreen><\/iframe><\/p>\n","protected":false},"excerpt":{"rendered":"","protected":false},"author":7272,"featured_media":0,"comment_status":"closed","ping_status":"open","sticky":false,"template":"","format":"video","meta":{"ngg_post_thumbnail":0,"footnotes":""},"categories":[1786820],"tags":[],"aioseo_notices":[],"_links":{"self":[{"href":"https:\/\/blogsaverroes.juntadeandalucia.es\/aulaflautistica\/wp-json\/wp\/v2\/posts\/79"}],"collection":[{"href":"https:\/\/blogsaverroes.juntadeandalucia.es\/aulaflautistica\/wp-json\/wp\/v2\/posts"}],"about":[{"href":"https:\/\/blogsaverroes.juntadeandalucia.es\/aulaflautistica\/wp-json\/wp\/v2\/types\/post"}],"author":[{"embeddable":true,"href":"https:\/\/blogsaverroes.juntadeandalucia.es\/aulaflautistica\/wp-json\/wp\/v2\/users\/7272"}],"replies":[{"embeddable":true,"href":"https:\/\/blogsaverroes.juntadeandalucia.es\/aulaflautistica\/wp-json\/wp\/v2\/comments?post=79"}],"version-history":[{"count":4,"href":"https:\/\/blogsaverroes.juntadeandalucia.es\/aulaflautistica\/wp-json\/wp\/v2\/posts\/79\/revisions"}],"predecessor-version":[{"id":86,"href":"https:\/\/blogsaverroes.juntadeandalucia.es\/aulaflautistica\/wp-json\/wp\/v2\/posts\/79\/revisions\/86"}],"wp:attachment":[{"href":"https:\/\/blogsaverroes.juntadeandalucia.es\/aulaflautistica\/wp-json\/wp\/v2\/media?parent=79"}],"wp:term":[{"taxonomy":"category","embeddable":true,"href":"https:\/\/blogsaverroes.juntadeandalucia.es\/aulaflautistica\/wp-json\/wp\/v2\/categories?post=79"},{"taxonomy":"post_tag","embeddable":true,"href":"https:\/\/blogsaverroes.juntadeandalucia.es\/aulaflautistica\/wp-json\/wp\/v2\/tags?post=79"}],"curies":[{"name":"wp","href":"https:\/\/api.w.org\/{rel}","templated":true}]}}