{"id":4085,"date":"2017-02-22T12:46:05","date_gmt":"2017-02-22T12:46:05","guid":{"rendered":"https:\/\/aulatallerartes2.wordpress.com\/?p=4085"},"modified":"2017-02-22T12:46:05","modified_gmt":"2017-02-22T12:46:05","slug":"proximo-trabajo-escultorico-para-la-asignatura-de-volumen-talla-en-poliestireno-expandido","status":"publish","type":"post","link":"https:\/\/blogsaverroes.juntadeandalucia.es\/aulatallerartes2\/2017\/02\/22\/proximo-trabajo-escultorico-para-la-asignatura-de-volumen-talla-en-poliestireno-expandido\/","title":{"rendered":"Pr\u00f3ximo trabajo escult\u00f3rico para la asignatura de Volumen: talla en poliestireno expandido"},"content":{"rendered":"<p><iframe loading=\"lazy\" title=\"Talla en Poliestireno expandido - m\u00f3dulo de Volumen ciclo de artes aplicadas de la Escultura 2016\" width=\"500\" height=\"281\" src=\"https:\/\/www.youtube.com\/embed\/1E7nWnsJzrw?feature=oembed&#038;wmode=opaque\" frameborder=\"0\" allow=\"accelerometer; autoplay; clipboard-write; encrypted-media; gyroscope; picture-in-picture; web-share\" allowfullscreen><\/iframe><\/p>\n<p><iframe loading=\"lazy\" title=\"Texturizado de escultura para tematizaci\u00f3n\" width=\"500\" height=\"281\" src=\"https:\/\/www.youtube.com\/embed\/hF_kwXmuR84?feature=oembed&#038;wmode=opaque\" frameborder=\"0\" allow=\"accelerometer; autoplay; clipboard-write; encrypted-media; gyroscope; picture-in-picture; web-share\" allowfullscreen><\/iframe><\/p>\n<p>Hoy he estado buscando el adhesivo para el poliestireno expandido. No lo he encontrado, as\u00ed que lo he tenido que pedir por encargo. Tardar\u00e1 unos d\u00edas en llegar. Mi intenci\u00f3n es seguir realizando trabajos con porex, poliestireno, ipocor&#8230; El trimestre es corto y las horas escasas.<\/p>\n<p>En los anteriores videos pod\u00e9is contemplar las m\u00faltiples posibilidades del material. No obstante, al tratarse de un ejercicio nuevo en la programaci\u00f3n, nosotros adaptaremos y optaremos por otras soluciones t\u00e9cnicas. Tras la talla realizaremos una tematizaci\u00f3n propia. Espero que la expectaci\u00f3n sea igual a los resultados.<\/p>\n","protected":false},"excerpt":{"rendered":"<p>Hoy he estado buscando el adhesivo para el poliestireno expandido. No lo he encontrado, as\u00ed que lo he tenido que pedir por encargo. Tardar\u00e1 unos d\u00edas en llegar. Mi intenci\u00f3n es seguir realizando trabajos&#46;&#46;&#46;<\/p>\n","protected":false},"author":16660,"featured_media":0,"comment_status":"open","ping_status":"open","sticky":false,"template":"","format":"standard","meta":{"ngg_post_thumbnail":0,"footnotes":""},"categories":[119,122,133,6],"tags":[],"aioseo_notices":[],"_links":{"self":[{"href":"https:\/\/blogsaverroes.juntadeandalucia.es\/aulatallerartes2\/wp-json\/wp\/v2\/posts\/4085"}],"collection":[{"href":"https:\/\/blogsaverroes.juntadeandalucia.es\/aulatallerartes2\/wp-json\/wp\/v2\/posts"}],"about":[{"href":"https:\/\/blogsaverroes.juntadeandalucia.es\/aulatallerartes2\/wp-json\/wp\/v2\/types\/post"}],"author":[{"embeddable":true,"href":"https:\/\/blogsaverroes.juntadeandalucia.es\/aulatallerartes2\/wp-json\/wp\/v2\/users\/16660"}],"replies":[{"embeddable":true,"href":"https:\/\/blogsaverroes.juntadeandalucia.es\/aulatallerartes2\/wp-json\/wp\/v2\/comments?post=4085"}],"version-history":[{"count":0,"href":"https:\/\/blogsaverroes.juntadeandalucia.es\/aulatallerartes2\/wp-json\/wp\/v2\/posts\/4085\/revisions"}],"wp:attachment":[{"href":"https:\/\/blogsaverroes.juntadeandalucia.es\/aulatallerartes2\/wp-json\/wp\/v2\/media?parent=4085"}],"wp:term":[{"taxonomy":"category","embeddable":true,"href":"https:\/\/blogsaverroes.juntadeandalucia.es\/aulatallerartes2\/wp-json\/wp\/v2\/categories?post=4085"},{"taxonomy":"post_tag","embeddable":true,"href":"https:\/\/blogsaverroes.juntadeandalucia.es\/aulatallerartes2\/wp-json\/wp\/v2\/tags?post=4085"}],"curies":[{"name":"wp","href":"https:\/\/api.w.org\/{rel}","templated":true}]}}