{"id":1461,"date":"2021-02-27T03:00:59","date_gmt":"2021-02-27T02:00:59","guid":{"rendered":"https:\/\/blogsaverroes.juntadeandalucia.es\/aurelio\/?p=1461"},"modified":"2021-02-27T19:30:53","modified_gmt":"2021-02-27T18:30:53","slug":"palabra-yak","status":"publish","type":"post","link":"https:\/\/blogsaverroes.juntadeandalucia.es\/aurelio\/2021\/02\/27\/palabra-yak\/","title":{"rendered":"Palabra YAK"},"content":{"rendered":"<p><img loading=\"lazy\" decoding=\"async\" class=\"aligncenter wp-image-1463\" style=\"border: 2px solid;color: deeppink\" src=\"https:\/\/blogsaverroes.juntadeandalucia.es\/aurelio\/files\/2021\/02\/Palabra-yak.jpg\" alt=\"\" width=\"319\" height=\"230\"><\/p>\n<div class=\"separator\" style=\"clear: both;text-align: center\">\n<div class=\"separator\" style=\"clear: both;text-align: center\"><span style=\"color: #000000;font-family: 'trebuchet ms', geneva, sans-serif\"><strong>Trabajamos con la palabra.<\/strong><\/span><\/div>\n<div><span style=\"font-family: 'trebuchet ms', geneva, sans-serif;color: #000000\">&#8211; Cortamos la palabra <\/span><span style=\"font-family: 'trebuchet ms', geneva, sans-serif;color: #000000\"><strong><span style=\"color: #000000\"><span style=\"color: #ffff00\">y<\/span>ak<\/span><\/strong><\/span><span style=\"color: #000000;font-family: 'trebuchet ms', geneva, sans-serif\">&nbsp;en s\u00edlabas.<\/span><\/div>\n<\/div>\n<div style=\"text-align: center\"><span style=\"font-family: 'trebuchet ms', geneva, sans-serif;color: #000000\">&#8211; Nos quedamos con la s\u00edlaba <strong><span style=\"color: #ffff00\">y<\/span>a<\/strong>.<\/span><\/div>\n<div style=\"text-align: center\"><span style=\"font-family: 'trebuchet ms', geneva, sans-serif;color: #000000\">&#8211; Recortamos la s\u00edlaba <strong><span style=\"color: #ffff00\">y<\/span>a<\/strong><span style=\"color: #000000\"> y nos quedamos con el sonido <\/span><span style=\"color: #ffff00\"><strong>y<\/strong><\/span><span style=\"color: #000000\">.<\/span><\/span><\/div>\n<div style=\"text-align: center\"><span style=\"font-family: 'trebuchet ms', geneva, sans-serif\"><span style=\"color: #000000\">&#8211; Escribimos las s\u00edlabas<\/span> <span style=\"color: #3366ff\"><strong><span style=\"color: #000000\"><span style=\"color: #ffff00\">y<\/span>a<\/span><\/strong><span style=\"color: #000000\">,<\/span><\/span> <span style=\"color: #3366ff\"><strong><span style=\"color: #000000\"><span style=\"color: #ffff00\">y<\/span>e<\/span><\/strong><span style=\"color: #000000\">,<\/span><\/span> <span style=\"color: #3366ff\"><strong><span style=\"color: #000000\"><span style=\"color: #ffff00\">y<\/span>i<\/span><\/strong><span style=\"color: #000000\">,<\/span><\/span> <span style=\"color: #3366ff\"><strong><span style=\"color: #000000\"><span style=\"color: #ffff00\">y<\/span>o<\/span><\/strong><span style=\"color: #000000\">,<\/span><\/span> <span style=\"color: #3366ff\"><strong><span style=\"color: #000000\"><span style=\"color: #ffff00\">y<\/span>u<\/span><\/strong><span style=\"color: #000000\">,<\/span><\/span><span style=\"color: #000000\"> en nuestro cuaderno<\/span><\/span><\/div>\n<div style=\"text-align: center\"><span style=\"font-family: 'trebuchet ms', geneva, sans-serif;color: #000000\">con letras min\u00fasculas y may\u00fasculas.<\/span><\/div>\n<div style=\"text-align: center\"><span style=\"font-family: 'trebuchet ms', geneva, sans-serif\"><span style=\"color: #000000\">&#8211; Decimos palabras que tengan el sonido<\/span> <span style=\"color: #3366ff\"><span style=\"color: #ffff00\"><strong>y<\/strong><\/span><span style=\"color: #000000\"> y las escribimos en nuestro cuaderno.<\/span><\/span><\/span><\/div>\n","protected":false},"excerpt":{"rendered":"<p>Trabajamos con la palabra. &#8211; Cortamos la palabra yak&nbsp;en s\u00edlabas. &#8211; Nos quedamos con la s\u00edlaba ya. &#8211; Recortamos la s\u00edlaba ya y nos quedamos con el sonido y. &#8211; Escribimos las s\u00edlabas ya,&#46;&#46;&#46;<\/p>\n","protected":false},"author":10307,"featured_media":0,"comment_status":"closed","ping_status":"closed","sticky":false,"template":"","format":"standard","meta":{"ngg_post_thumbnail":0,"footnotes":""},"categories":[51,15,57],"tags":[],"aioseo_notices":[],"_links":{"self":[{"href":"https:\/\/blogsaverroes.juntadeandalucia.es\/aurelio\/wp-json\/wp\/v2\/posts\/1461"}],"collection":[{"href":"https:\/\/blogsaverroes.juntadeandalucia.es\/aurelio\/wp-json\/wp\/v2\/posts"}],"about":[{"href":"https:\/\/blogsaverroes.juntadeandalucia.es\/aurelio\/wp-json\/wp\/v2\/types\/post"}],"author":[{"embeddable":true,"href":"https:\/\/blogsaverroes.juntadeandalucia.es\/aurelio\/wp-json\/wp\/v2\/users\/10307"}],"replies":[{"embeddable":true,"href":"https:\/\/blogsaverroes.juntadeandalucia.es\/aurelio\/wp-json\/wp\/v2\/comments?post=1461"}],"version-history":[{"count":1,"href":"https:\/\/blogsaverroes.juntadeandalucia.es\/aurelio\/wp-json\/wp\/v2\/posts\/1461\/revisions"}],"predecessor-version":[{"id":1464,"href":"https:\/\/blogsaverroes.juntadeandalucia.es\/aurelio\/wp-json\/wp\/v2\/posts\/1461\/revisions\/1464"}],"wp:attachment":[{"href":"https:\/\/blogsaverroes.juntadeandalucia.es\/aurelio\/wp-json\/wp\/v2\/media?parent=1461"}],"wp:term":[{"taxonomy":"category","embeddable":true,"href":"https:\/\/blogsaverroes.juntadeandalucia.es\/aurelio\/wp-json\/wp\/v2\/categories?post=1461"},{"taxonomy":"post_tag","embeddable":true,"href":"https:\/\/blogsaverroes.juntadeandalucia.es\/aurelio\/wp-json\/wp\/v2\/tags?post=1461"}],"curies":[{"name":"wp","href":"https:\/\/api.w.org\/{rel}","templated":true}]}}