{"id":1507,"date":"2021-03-04T06:00:49","date_gmt":"2021-03-04T05:00:49","guid":{"rendered":"https:\/\/blogsaverroes.juntadeandalucia.es\/aurelio\/?p=1507"},"modified":"2021-03-04T18:05:29","modified_gmt":"2021-03-04T17:05:29","slug":"practica-la-grafia-ch","status":"publish","type":"post","link":"https:\/\/blogsaverroes.juntadeandalucia.es\/aurelio\/2021\/03\/04\/practica-la-grafia-ch\/","title":{"rendered":"Practica la graf\u00eda CH"},"content":{"rendered":"<p><img loading=\"lazy\" decoding=\"async\" class=\"aligncenter wp-image-1508\" style=\"border: 2px solid;color: rosybrown\" src=\"https:\/\/blogsaverroes.juntadeandalucia.es\/aurelio\/files\/2021\/03\/Graf\u00eda-CH-212x300.jpg\" alt=\"\" width=\"500\" height=\"707\" srcset=\"https:\/\/blogsaverroes.juntadeandalucia.es\/aurelio\/files\/2021\/03\/Graf\u00eda-CH-212x300.jpg 212w, https:\/\/blogsaverroes.juntadeandalucia.es\/aurelio\/files\/2021\/03\/Graf\u00eda-CH-724x1024.jpg 724w, https:\/\/blogsaverroes.juntadeandalucia.es\/aurelio\/files\/2021\/03\/Graf\u00eda-CH-768x1087.jpg 768w, https:\/\/blogsaverroes.juntadeandalucia.es\/aurelio\/files\/2021\/03\/Graf\u00eda-CH-1086x1536.jpg 1086w, https:\/\/blogsaverroes.juntadeandalucia.es\/aurelio\/files\/2021\/03\/Graf\u00eda-CH.jpg 1135w\" sizes=\"(max-width: 500px) 100vw, 500px\" \/><\/p>\n<div class=\"separator\" style=\"clear: both;text-align: center\"><span style=\"color: #000000\"><strong><span style=\"font-family: 'trebuchet ms', geneva, sans-serif\">Practica la graf\u00eda de la letra CH:<\/span><\/strong><\/span><\/div>\n<div style=\"text-align: center\"><span style=\"font-family: 'trebuchet ms', geneva, sans-serif;color: #000000\">&#8211; Coge un rotulador fino y repasa las sombras de la letra.<\/span><\/div>\n<div style=\"text-align: center\"><span style=\"font-family: 'trebuchet ms', geneva, sans-serif;color: #000000\">&#8211; Coge tu l\u00e1piz y copia la letra <span style=\"color: #008000\"><strong><span style=\"color: #ff0000\">c<\/span>h<\/strong><\/span> en las cuadr\u00edculas.<\/span><\/div>\n<div style=\"text-align: center\"><span style=\"font-family: 'trebuchet ms', geneva, sans-serif;color: #000000\">&#8211; Copia las s\u00edlabas <strong><span style=\"color: #008000\"><span style=\"color: #ff0000\">c<\/span>h<\/span>a &#8211; <span style=\"color: #008000\"><span style=\"color: #ff0000\">c<\/span>h<\/span>e&nbsp; &#8211; <span style=\"color: #008000\"><span style=\"color: #ff0000\">c<\/span>h<\/span>i &#8211;<span style=\"color: #008000\"><span style=\"color: #ff0000\"> c<\/span>h<\/span>o &#8211; <span style=\"color: #008000\"><span style=\"color: #ff0000\">c<\/span>h<\/span>u<\/strong>.<\/span><\/div>\n<div style=\"text-align: center\"><span style=\"font-family: 'trebuchet ms', geneva, sans-serif;color: #000000\">&#8211; Copia palabras con la letra <span style=\"color: #008000\"><strong><span style=\"color: #ff0000\">c<\/span>h<\/strong><\/span>.<\/span><\/div>\n","protected":false},"excerpt":{"rendered":"<p>Practica la graf\u00eda de la letra CH: &#8211; Coge un rotulador fino y repasa las sombras de la letra. &#8211; Coge tu l\u00e1piz y copia la letra ch en las cuadr\u00edculas. &#8211; Copia las&#46;&#46;&#46;<\/p>\n","protected":false},"author":10307,"featured_media":0,"comment_status":"closed","ping_status":"closed","sticky":false,"template":"","format":"standard","meta":{"ngg_post_thumbnail":0,"footnotes":""},"categories":[51,15,58],"tags":[],"aioseo_notices":[],"_links":{"self":[{"href":"https:\/\/blogsaverroes.juntadeandalucia.es\/aurelio\/wp-json\/wp\/v2\/posts\/1507"}],"collection":[{"href":"https:\/\/blogsaverroes.juntadeandalucia.es\/aurelio\/wp-json\/wp\/v2\/posts"}],"about":[{"href":"https:\/\/blogsaverroes.juntadeandalucia.es\/aurelio\/wp-json\/wp\/v2\/types\/post"}],"author":[{"embeddable":true,"href":"https:\/\/blogsaverroes.juntadeandalucia.es\/aurelio\/wp-json\/wp\/v2\/users\/10307"}],"replies":[{"embeddable":true,"href":"https:\/\/blogsaverroes.juntadeandalucia.es\/aurelio\/wp-json\/wp\/v2\/comments?post=1507"}],"version-history":[{"count":1,"href":"https:\/\/blogsaverroes.juntadeandalucia.es\/aurelio\/wp-json\/wp\/v2\/posts\/1507\/revisions"}],"predecessor-version":[{"id":1509,"href":"https:\/\/blogsaverroes.juntadeandalucia.es\/aurelio\/wp-json\/wp\/v2\/posts\/1507\/revisions\/1509"}],"wp:attachment":[{"href":"https:\/\/blogsaverroes.juntadeandalucia.es\/aurelio\/wp-json\/wp\/v2\/media?parent=1507"}],"wp:term":[{"taxonomy":"category","embeddable":true,"href":"https:\/\/blogsaverroes.juntadeandalucia.es\/aurelio\/wp-json\/wp\/v2\/categories?post=1507"},{"taxonomy":"post_tag","embeddable":true,"href":"https:\/\/blogsaverroes.juntadeandalucia.es\/aurelio\/wp-json\/wp\/v2\/tags?post=1507"}],"curies":[{"name":"wp","href":"https:\/\/api.w.org\/{rel}","templated":true}]}}