{"id":358,"date":"2020-10-12T00:03:21","date_gmt":"2020-10-11T22:03:21","guid":{"rendered":"https:\/\/blogsaverroes.juntadeandalucia.es\/aurelio\/?p=358"},"modified":"2021-01-31T01:37:26","modified_gmt":"2021-01-31T00:37:26","slug":"patito","status":"publish","type":"post","link":"https:\/\/blogsaverroes.juntadeandalucia.es\/aurelio\/2020\/10\/12\/patito\/","title":{"rendered":"Palabra PATITO"},"content":{"rendered":"<p><img loading=\"lazy\" decoding=\"async\" class=\"aligncenter wp-image-360\" style=\"border: 2px solid;color: deeppink\" src=\"https:\/\/blogsaverroes.juntadeandalucia.es\/aurelio\/files\/2020\/10\/Palabra-patito.jpg\" alt=\"\" width=\"436\" height=\"200\" srcset=\"https:\/\/blogsaverroes.juntadeandalucia.es\/aurelio\/files\/2020\/10\/Palabra-patito.jpg 436w, https:\/\/blogsaverroes.juntadeandalucia.es\/aurelio\/files\/2020\/10\/Palabra-patito-300x138.jpg 300w, https:\/\/blogsaverroes.juntadeandalucia.es\/aurelio\/files\/2020\/10\/Palabra-patito-24x11.jpg 24w, https:\/\/blogsaverroes.juntadeandalucia.es\/aurelio\/files\/2020\/10\/Palabra-patito-36x17.jpg 36w, https:\/\/blogsaverroes.juntadeandalucia.es\/aurelio\/files\/2020\/10\/Palabra-patito-48x22.jpg 48w\" sizes=\"(max-width: 436px) 100vw, 436px\" \/><\/p>\n<div class=\"separator\" style=\"clear: both;text-align: center\">\n<div class=\"separator\" style=\"clear: both;text-align: center\"><span style=\"color: #000000;font-family: 'trebuchet ms', geneva, sans-serif\"><strong>Trabajamos con la palabra.<\/strong><\/span><\/div>\n<div><span style=\"font-family: 'trebuchet ms', geneva, sans-serif;color: #000000\">&#8211; Cortamos la palabra <\/span><span style=\"font-family: 'trebuchet ms', geneva, sans-serif;color: #3366ff\"><strong>p<span style=\"color: #000000\">atito<\/span><\/strong><\/span><span style=\"font-family: 'trebuchet ms', geneva, sans-serif;color: #000000\"> en s\u00edlabas.<\/span><\/div>\n<\/div>\n<div style=\"text-align: center\"><span style=\"font-family: 'trebuchet ms', geneva, sans-serif;color: #000000\">&#8211; Nos quedamos con la s\u00edlaba <span style=\"color: #3366ff\"><strong>p<span style=\"color: #000000\">a<\/span><\/strong><\/span>.<\/span><\/div>\n<div style=\"text-align: center\"><span style=\"font-family: 'trebuchet ms', geneva, sans-serif;color: #000000\">&#8211; Recortamos la s\u00edlaba <span style=\"color: #3366ff\"><strong>p<span style=\"color: #000000\">a<\/span><\/strong><\/span> y nos quedamos con el sonido <strong><span style=\"color: #3366ff\">p<\/span><\/strong>.<\/span><\/div>\n<div style=\"text-align: center\"><span style=\"font-family: 'trebuchet ms', geneva, sans-serif\"><span style=\"color: #000000\">&#8211; Escribimos las s\u00edlabas<\/span> <span style=\"color: #3366ff\"><strong>p<span style=\"color: #000000\">a<\/span><\/strong><\/span><span style=\"color: #000000\"> &#8211;<\/span> <span style=\"color: #3366ff\"><strong>p<span style=\"color: #000000\">e<\/span><\/strong><\/span><span style=\"color: #000000\"> &#8211;<\/span> <span style=\"color: #3366ff\"><strong>p<span style=\"color: #000000\">i<\/span><\/strong><\/span><span style=\"color: #000000\"> &#8211;<\/span> <span style=\"color: #3366ff\"><strong>p<span style=\"color: #000000\">o<\/span><\/strong><\/span><span style=\"color: #000000\"> &#8211;<\/span> <span style=\"color: #3366ff\"><strong>p<span style=\"color: #000000\">u<\/span><\/strong><\/span><span style=\"color: #000000\"> en nuestro cuaderno<\/span><\/span><\/div>\n<div style=\"text-align: center\"><span style=\"font-family: 'trebuchet ms', geneva, sans-serif;color: #000000\">con letras min\u00fasculas y may\u00fasculas.<\/span><\/div>\n<div style=\"text-align: center\"><span style=\"font-family: 'trebuchet ms', geneva, sans-serif\"><span style=\"color: #000000\">&#8211; Decimos palabras que tengan el sonido<\/span> <span style=\"color: #3366ff\"><strong>p<\/strong><span style=\"color: #000000\"> y las escribimos en nuestro cuaderno.<\/span><\/span><\/span><\/div>\n","protected":false},"excerpt":{"rendered":"<p>Trabajamos con la palabra. &#8211; Cortamos la palabra patito en s\u00edlabas. &#8211; Nos quedamos con la s\u00edlaba pa. &#8211; Recortamos la s\u00edlaba pa y nos quedamos con el sonido p. &#8211; Escribimos las s\u00edlabas&#46;&#46;&#46;<\/p>\n","protected":false},"author":10307,"featured_media":0,"comment_status":"closed","ping_status":"closed","sticky":false,"template":"","format":"standard","meta":{"ngg_post_thumbnail":0,"footnotes":""},"categories":[52,15,21],"tags":[],"aioseo_notices":[],"_links":{"self":[{"href":"https:\/\/blogsaverroes.juntadeandalucia.es\/aurelio\/wp-json\/wp\/v2\/posts\/358"}],"collection":[{"href":"https:\/\/blogsaverroes.juntadeandalucia.es\/aurelio\/wp-json\/wp\/v2\/posts"}],"about":[{"href":"https:\/\/blogsaverroes.juntadeandalucia.es\/aurelio\/wp-json\/wp\/v2\/types\/post"}],"author":[{"embeddable":true,"href":"https:\/\/blogsaverroes.juntadeandalucia.es\/aurelio\/wp-json\/wp\/v2\/users\/10307"}],"replies":[{"embeddable":true,"href":"https:\/\/blogsaverroes.juntadeandalucia.es\/aurelio\/wp-json\/wp\/v2\/comments?post=358"}],"version-history":[{"count":6,"href":"https:\/\/blogsaverroes.juntadeandalucia.es\/aurelio\/wp-json\/wp\/v2\/posts\/358\/revisions"}],"predecessor-version":[{"id":450,"href":"https:\/\/blogsaverroes.juntadeandalucia.es\/aurelio\/wp-json\/wp\/v2\/posts\/358\/revisions\/450"}],"wp:attachment":[{"href":"https:\/\/blogsaverroes.juntadeandalucia.es\/aurelio\/wp-json\/wp\/v2\/media?parent=358"}],"wp:term":[{"taxonomy":"category","embeddable":true,"href":"https:\/\/blogsaverroes.juntadeandalucia.es\/aurelio\/wp-json\/wp\/v2\/categories?post=358"},{"taxonomy":"post_tag","embeddable":true,"href":"https:\/\/blogsaverroes.juntadeandalucia.es\/aurelio\/wp-json\/wp\/v2\/tags?post=358"}],"curies":[{"name":"wp","href":"https:\/\/api.w.org\/{rel}","templated":true}]}}