{"id":446,"date":"2020-10-18T00:03:49","date_gmt":"2020-10-17T22:03:49","guid":{"rendered":"https:\/\/blogsaverroes.juntadeandalucia.es\/aurelio\/?p=446"},"modified":"2021-01-31T01:36:19","modified_gmt":"2021-01-31T00:36:19","slug":"palabra-mono","status":"publish","type":"post","link":"https:\/\/blogsaverroes.juntadeandalucia.es\/aurelio\/2020\/10\/18\/palabra-mono\/","title":{"rendered":"Palabra MONO"},"content":{"rendered":"<p><img loading=\"lazy\" decoding=\"async\" class=\"aligncenter wp-image-448\" style=\"border: 2px solid;color: deeppink\" src=\"https:\/\/blogsaverroes.juntadeandalucia.es\/aurelio\/files\/2020\/10\/Palabra-mono.jpg\" alt=\"\" width=\"379\" height=\"200\" srcset=\"https:\/\/blogsaverroes.juntadeandalucia.es\/aurelio\/files\/2020\/10\/Palabra-mono.jpg 487w, https:\/\/blogsaverroes.juntadeandalucia.es\/aurelio\/files\/2020\/10\/Palabra-mono-300x158.jpg 300w, https:\/\/blogsaverroes.juntadeandalucia.es\/aurelio\/files\/2020\/10\/Palabra-mono-24x13.jpg 24w, https:\/\/blogsaverroes.juntadeandalucia.es\/aurelio\/files\/2020\/10\/Palabra-mono-36x19.jpg 36w, https:\/\/blogsaverroes.juntadeandalucia.es\/aurelio\/files\/2020\/10\/Palabra-mono-48x25.jpg 48w\" sizes=\"(max-width: 379px) 100vw, 379px\" \/><\/p>\n<div class=\"separator\" style=\"clear: both;text-align: center\">\n<div class=\"separator\" style=\"clear: both;text-align: center\"><span style=\"color: #000000;font-family: 'trebuchet ms', geneva, sans-serif\"><strong>Trabajamos con la palabra.<\/strong><\/span><\/div>\n<div><span style=\"font-family: 'trebuchet ms', geneva, sans-serif;color: #000000\">&#8211; Cortamos la palabra <\/span><span style=\"font-family: 'trebuchet ms', geneva, sans-serif;color: #3366ff\"><strong><span style=\"color: #339966\">m<\/span><span style=\"color: #000000\">ono<\/span><\/strong><\/span><span style=\"font-family: 'trebuchet ms', geneva, sans-serif;color: #000000\"> en s\u00edlabas.<\/span><\/div>\n<\/div>\n<div style=\"text-align: center\"><span style=\"font-family: 'trebuchet ms', geneva, sans-serif;color: #000000\">&#8211; Nos quedamos con la s\u00edlaba <span style=\"color: #3366ff\"><strong><span style=\"color: #339966\">m<\/span><span style=\"color: #000000\">o<\/span><\/strong><\/span>.<\/span><\/div>\n<div style=\"text-align: center\"><span style=\"font-family: 'trebuchet ms', geneva, sans-serif;color: #000000\">&#8211; Recortamos la s\u00edlaba <span style=\"color: #3366ff\"><strong><span style=\"color: #339966\">m<span style=\"color: #000000\">o<\/span><\/span><\/strong><\/span>&nbsp;y nos quedamos con el sonido <span style=\"color: #339966\"><strong>m<\/strong><\/span>.<\/span><\/div>\n<div style=\"text-align: center\"><span style=\"font-family: 'trebuchet ms', geneva, sans-serif\"><span style=\"color: #000000\">&#8211; Escribimos las s\u00edlabas<\/span> <span style=\"color: #3366ff\"><strong><span style=\"color: #339966\">m<\/span><span style=\"color: #000000\">a<\/span><\/strong><\/span><span style=\"color: #000000\"> &#8211;<\/span> <span style=\"color: #3366ff\"><strong><span style=\"color: #339966\">m<\/span><span style=\"color: #000000\">e<\/span><\/strong><\/span><span style=\"color: #000000\"> &#8211;<\/span> <span style=\"color: #3366ff\"><strong><span style=\"color: #339966\">m<\/span><span style=\"color: #000000\">i<\/span><\/strong><\/span><span style=\"color: #000000\"> &#8211;<\/span> <span style=\"color: #3366ff\"><strong><span style=\"color: #339966\">m<\/span><span style=\"color: #000000\">o<\/span><\/strong><\/span><span style=\"color: #000000\"> &#8211;<\/span> <span style=\"color: #3366ff\"><strong><span style=\"color: #339966\">m<\/span><span style=\"color: #000000\">u<\/span><\/strong><\/span><span style=\"color: #000000\"> en nuestro cuaderno<\/span><\/span><\/div>\n<div style=\"text-align: center\"><span style=\"font-family: 'trebuchet ms', geneva, sans-serif;color: #000000\">con letras min\u00fasculas y may\u00fasculas.<\/span><\/div>\n<div style=\"text-align: center\"><span style=\"font-family: 'trebuchet ms', geneva, sans-serif\"><span style=\"color: #000000\">&#8211; Decimos palabras que tengan el sonido<\/span> <span style=\"color: #3366ff\"><span style=\"color: #339966\"><strong>m<\/strong><\/span><span style=\"color: #000000\"> y las escribimos en nuestro cuaderno.<\/span><\/span><\/span><\/div>\n","protected":false},"excerpt":{"rendered":"<p>Trabajamos con la palabra. &#8211; Cortamos la palabra mono en s\u00edlabas. &#8211; Nos quedamos con la s\u00edlaba mo. &#8211; Recortamos la s\u00edlaba mo&nbsp;y nos quedamos con el sonido m. &#8211; Escribimos las s\u00edlabas ma&#46;&#46;&#46;<\/p>\n","protected":false},"author":10307,"featured_media":0,"comment_status":"closed","ping_status":"closed","sticky":false,"template":"","format":"standard","meta":{"ngg_post_thumbnail":0,"footnotes":""},"categories":[52,15,22],"tags":[],"aioseo_notices":[],"_links":{"self":[{"href":"https:\/\/blogsaverroes.juntadeandalucia.es\/aurelio\/wp-json\/wp\/v2\/posts\/446"}],"collection":[{"href":"https:\/\/blogsaverroes.juntadeandalucia.es\/aurelio\/wp-json\/wp\/v2\/posts"}],"about":[{"href":"https:\/\/blogsaverroes.juntadeandalucia.es\/aurelio\/wp-json\/wp\/v2\/types\/post"}],"author":[{"embeddable":true,"href":"https:\/\/blogsaverroes.juntadeandalucia.es\/aurelio\/wp-json\/wp\/v2\/users\/10307"}],"replies":[{"embeddable":true,"href":"https:\/\/blogsaverroes.juntadeandalucia.es\/aurelio\/wp-json\/wp\/v2\/comments?post=446"}],"version-history":[{"count":3,"href":"https:\/\/blogsaverroes.juntadeandalucia.es\/aurelio\/wp-json\/wp\/v2\/posts\/446\/revisions"}],"predecessor-version":[{"id":467,"href":"https:\/\/blogsaverroes.juntadeandalucia.es\/aurelio\/wp-json\/wp\/v2\/posts\/446\/revisions\/467"}],"wp:attachment":[{"href":"https:\/\/blogsaverroes.juntadeandalucia.es\/aurelio\/wp-json\/wp\/v2\/media?parent=446"}],"wp:term":[{"taxonomy":"category","embeddable":true,"href":"https:\/\/blogsaverroes.juntadeandalucia.es\/aurelio\/wp-json\/wp\/v2\/categories?post=446"},{"taxonomy":"post_tag","embeddable":true,"href":"https:\/\/blogsaverroes.juntadeandalucia.es\/aurelio\/wp-json\/wp\/v2\/tags?post=446"}],"curies":[{"name":"wp","href":"https:\/\/api.w.org\/{rel}","templated":true}]}}