{"id":2602,"date":"2021-09-29T13:23:55","date_gmt":"2021-09-29T11:23:55","guid":{"rendered":"https:\/\/blogsaverroes.juntadeandalucia.es\/auxiliaresconversacionsevilla\/?p=2602"},"modified":"2021-09-29T13:25:12","modified_gmt":"2021-09-29T11:25:12","slug":"materiales-recursos-y-experiencias","status":"publish","type":"post","link":"https:\/\/blogsaverroes.juntadeandalucia.es\/auxiliaresconversacionsevilla\/2021\/09\/29\/materiales-recursos-y-experiencias\/","title":{"rendered":"Materiales, recursos y experiencias"},"content":{"rendered":"<p>Desde la siguiente imagen se puede acceder a toda la informaci\u00f3n sobre auxiliares de conversaci\u00f3n en Espa\u00f1a 2021\/22<\/p>\n<p><a href=\"https:\/\/www.educacionyfp.gob.es\/servicios-al-ciudadano\/catalogo\/general\/99\/998188\/ficha\/998188-2021.html#dg8\"><img loading=\"lazy\" decoding=\"async\" class=\"aligncenter wp-image-2603 size-large\" src=\"https:\/\/blogsaverroes.juntadeandalucia.es\/auxiliaresconversacionsevilla\/files\/2021\/09\/Sin-t\u00edtulo-1-1024x476.jpg\" alt=\"\" width=\"1024\" height=\"476\" srcset=\"https:\/\/blogsaverroes.juntadeandalucia.es\/auxiliaresconversacionsevilla\/files\/2021\/09\/Sin-t\u00edtulo-1-1024x476.jpg 1024w, https:\/\/blogsaverroes.juntadeandalucia.es\/auxiliaresconversacionsevilla\/files\/2021\/09\/Sin-t\u00edtulo-1-300x140.jpg 300w, https:\/\/blogsaverroes.juntadeandalucia.es\/auxiliaresconversacionsevilla\/files\/2021\/09\/Sin-t\u00edtulo-1-768x357.jpg 768w, https:\/\/blogsaverroes.juntadeandalucia.es\/auxiliaresconversacionsevilla\/files\/2021\/09\/Sin-t\u00edtulo-1.jpg 1305w\" sizes=\"(max-width: 1024px) 100vw, 1024px\" \/><\/a><\/p>\n<p style=\"text-align: center\"><strong>Hay que destacar la secci\u00f3n de Materiales, recursos y experiencias por su inter\u00e9s para la tarea que vais a desarrollar<\/strong><\/p>\n<p><a href=\"https:\/\/www.educacionyfp.gob.es\/servicios-al-ciudadano\/catalogo\/general\/99\/998188\/ficha\/998188-2021.html#dg8\"><img loading=\"lazy\" decoding=\"async\" class=\"aligncenter wp-image-2604 size-large\" src=\"https:\/\/blogsaverroes.juntadeandalucia.es\/auxiliaresconversacionsevilla\/files\/2021\/09\/Sin-t\u00edtulo-2-1024x391.jpg\" alt=\"\" width=\"1024\" height=\"391\" srcset=\"https:\/\/blogsaverroes.juntadeandalucia.es\/auxiliaresconversacionsevilla\/files\/2021\/09\/Sin-t\u00edtulo-2-1024x391.jpg 1024w, https:\/\/blogsaverroes.juntadeandalucia.es\/auxiliaresconversacionsevilla\/files\/2021\/09\/Sin-t\u00edtulo-2-300x114.jpg 300w, https:\/\/blogsaverroes.juntadeandalucia.es\/auxiliaresconversacionsevilla\/files\/2021\/09\/Sin-t\u00edtulo-2-768x293.jpg 768w, https:\/\/blogsaverroes.juntadeandalucia.es\/auxiliaresconversacionsevilla\/files\/2021\/09\/Sin-t\u00edtulo-2.jpg 1355w\" sizes=\"(max-width: 1024px) 100vw, 1024px\" \/><\/a><\/p>\n","protected":false},"excerpt":{"rendered":"<p>Desde la siguiente imagen se puede acceder a toda la informaci\u00f3n sobre auxiliares de conversaci\u00f3n en Espa\u00f1a 2021\/22 Hay que destacar la secci\u00f3n de Materiales, recursos y experiencias por su inter\u00e9s para la tarea&#46;&#46;&#46;<\/p>\n","protected":false},"author":1252,"featured_media":0,"comment_status":"open","ping_status":"closed","sticky":false,"template":"","format":"standard","meta":{"ngg_post_thumbnail":0,"footnotes":""},"categories":[17301,6,2354,17302,1,17297],"tags":[],"aioseo_notices":[],"_links":{"self":[{"href":"https:\/\/blogsaverroes.juntadeandalucia.es\/auxiliaresconversacionsevilla\/wp-json\/wp\/v2\/posts\/2602"}],"collection":[{"href":"https:\/\/blogsaverroes.juntadeandalucia.es\/auxiliaresconversacionsevilla\/wp-json\/wp\/v2\/posts"}],"about":[{"href":"https:\/\/blogsaverroes.juntadeandalucia.es\/auxiliaresconversacionsevilla\/wp-json\/wp\/v2\/types\/post"}],"author":[{"embeddable":true,"href":"https:\/\/blogsaverroes.juntadeandalucia.es\/auxiliaresconversacionsevilla\/wp-json\/wp\/v2\/users\/1252"}],"replies":[{"embeddable":true,"href":"https:\/\/blogsaverroes.juntadeandalucia.es\/auxiliaresconversacionsevilla\/wp-json\/wp\/v2\/comments?post=2602"}],"version-history":[{"count":2,"href":"https:\/\/blogsaverroes.juntadeandalucia.es\/auxiliaresconversacionsevilla\/wp-json\/wp\/v2\/posts\/2602\/revisions"}],"predecessor-version":[{"id":2606,"href":"https:\/\/blogsaverroes.juntadeandalucia.es\/auxiliaresconversacionsevilla\/wp-json\/wp\/v2\/posts\/2602\/revisions\/2606"}],"wp:attachment":[{"href":"https:\/\/blogsaverroes.juntadeandalucia.es\/auxiliaresconversacionsevilla\/wp-json\/wp\/v2\/media?parent=2602"}],"wp:term":[{"taxonomy":"category","embeddable":true,"href":"https:\/\/blogsaverroes.juntadeandalucia.es\/auxiliaresconversacionsevilla\/wp-json\/wp\/v2\/categories?post=2602"},{"taxonomy":"post_tag","embeddable":true,"href":"https:\/\/blogsaverroes.juntadeandalucia.es\/auxiliaresconversacionsevilla\/wp-json\/wp\/v2\/tags?post=2602"}],"curies":[{"name":"wp","href":"https:\/\/api.w.org\/{rel}","templated":true}]}}