{"id":2806,"date":"2022-09-30T13:19:40","date_gmt":"2022-09-30T11:19:40","guid":{"rendered":"https:\/\/blogsaverroes.juntadeandalucia.es\/auxiliaresconversacionsevilla\/?p=2806"},"modified":"2022-09-30T13:20:00","modified_gmt":"2022-09-30T11:20:00","slug":"2806","status":"publish","type":"post","link":"https:\/\/blogsaverroes.juntadeandalucia.es\/auxiliaresconversacionsevilla\/2022\/09\/30\/2806\/","title":{"rendered":"Primeros d\u00edas en los centros"},"content":{"rendered":"<p style=\"text-align: justify\"><span style=\"color: #008000\"><strong>El lunes pr\u00f3ximo os incorpor\u00e1is a los centros biling\u00fces y estos primeros d\u00edas van a ser fundamentales as\u00ed que, por favor, cuidad estos primeros encuentros y los v\u00ednculos que vais a empezar a crear.&nbsp;<\/strong> <\/span><\/p>\n<p style=\"text-align: justify\"><strong><span style=\"color: #008000\">Adem\u00e1s de daros a conocer, ser\u00eda genial que tuvieseis un per\u00edodo de observaci\u00f3n que os permitiera conocer la metodolog\u00eda y las din\u00e1micas en el aula biling\u00fce. Menciono a continuaci\u00f3n varios documentos, incluidos en la&nbsp; <a style=\"color: #008000\" href=\"http:\/\/www.juntadeandalucia.es\/export\/drupaljda\/Guia_informativa_centros_ense%C3%B1anza_bilingue_.pdf\">Gu\u00eda informativa para centros de ense\u00f1anza biling\u00fce, 2013<\/a>&nbsp;que seguro os facilitar\u00e1n la tarea y a los que pod\u00e9is acceder desde cada una de las im\u00e1genes:<\/span><\/strong><\/p>\n<p>&nbsp;<\/p>\n<p><a href=\"https:\/\/blogsaverroes.juntadeandalucia.es\/centrosbilinguessevilla\/files\/2018\/09\/anexo04.pdf\"><img loading=\"lazy\" decoding=\"async\" class=\"aligncenter size-full wp-image-2578\" src=\"https:\/\/blogsaverroes.juntadeandalucia.es\/auxiliaresconversacionsevilla\/files\/2021\/09\/Anexo-4-ingl\u00e9s.jpg\" alt=\"\" width=\"606\" height=\"339\" srcset=\"https:\/\/blogsaverroes.juntadeandalucia.es\/auxiliaresconversacionsevilla\/files\/2021\/09\/Anexo-4-ingl\u00e9s.jpg 606w, https:\/\/blogsaverroes.juntadeandalucia.es\/auxiliaresconversacionsevilla\/files\/2021\/09\/Anexo-4-ingl\u00e9s-300x168.jpg 300w\" sizes=\"(max-width: 606px) 100vw, 606px\" \/><\/a><\/p>\n<p>&nbsp;<\/p>\n<p><a href=\"https:\/\/blogsaverroes.juntadeandalucia.es\/centrosbilinguessevilla\/files\/2018\/09\/anexo09.pdf\"><img loading=\"lazy\" decoding=\"async\" class=\"aligncenter size-full wp-image-2579\" src=\"https:\/\/blogsaverroes.juntadeandalucia.es\/auxiliaresconversacionsevilla\/files\/2021\/09\/Anexo-9-ingl\u00e9s.jpg\" alt=\"\" width=\"596\" height=\"358\" srcset=\"https:\/\/blogsaverroes.juntadeandalucia.es\/auxiliaresconversacionsevilla\/files\/2021\/09\/Anexo-9-ingl\u00e9s.jpg 596w, https:\/\/blogsaverroes.juntadeandalucia.es\/auxiliaresconversacionsevilla\/files\/2021\/09\/Anexo-9-ingl\u00e9s-300x180.jpg 300w\" sizes=\"(max-width: 596px) 100vw, 596px\" \/><\/a><\/p>\n<p>&nbsp;<\/p>\n<p><a href=\"https:\/\/blogsaverroes.juntadeandalucia.es\/centrosbilinguessevilla\/files\/2018\/09\/anexo05.pdf\"><img loading=\"lazy\" decoding=\"async\" class=\"aligncenter size-full wp-image-2580\" src=\"https:\/\/blogsaverroes.juntadeandalucia.es\/auxiliaresconversacionsevilla\/files\/2021\/09\/Anexo-4-franc\u00e9s.jpg\" alt=\"\" width=\"624\" height=\"305\" srcset=\"https:\/\/blogsaverroes.juntadeandalucia.es\/auxiliaresconversacionsevilla\/files\/2021\/09\/Anexo-4-franc\u00e9s.jpg 624w, https:\/\/blogsaverroes.juntadeandalucia.es\/auxiliaresconversacionsevilla\/files\/2021\/09\/Anexo-4-franc\u00e9s-300x147.jpg 300w\" sizes=\"(max-width: 624px) 100vw, 624px\" \/><\/a><\/p>\n<p>&nbsp;<\/p>\n<p><a href=\"https:\/\/blogsaverroes.juntadeandalucia.es\/centrosbilinguessevilla\/files\/2018\/09\/anexo10.pdf\"><img loading=\"lazy\" decoding=\"async\" class=\"aligncenter size-full wp-image-2582\" src=\"https:\/\/blogsaverroes.juntadeandalucia.es\/auxiliaresconversacionsevilla\/files\/2021\/09\/Anexo-10-franc\u00e9s.jpg\" alt=\"\" width=\"617\" height=\"340\" srcset=\"https:\/\/blogsaverroes.juntadeandalucia.es\/auxiliaresconversacionsevilla\/files\/2021\/09\/Anexo-10-franc\u00e9s.jpg 617w, https:\/\/blogsaverroes.juntadeandalucia.es\/auxiliaresconversacionsevilla\/files\/2021\/09\/Anexo-10-franc\u00e9s-300x165.jpg 300w\" sizes=\"(max-width: 617px) 100vw, 617px\" \/><\/a><\/p>\n<p>&nbsp;<\/p>\n<p><a href=\"https:\/\/blogsaverroes.juntadeandalucia.es\/centrosbilinguessevilla\/files\/2018\/09\/anexo11.pdf\"><img loading=\"lazy\" decoding=\"async\" class=\"aligncenter size-full wp-image-2584\" src=\"https:\/\/blogsaverroes.juntadeandalucia.es\/auxiliaresconversacionsevilla\/files\/2021\/09\/anexo-11.jpg\" alt=\"\" width=\"698\" height=\"278\" srcset=\"https:\/\/blogsaverroes.juntadeandalucia.es\/auxiliaresconversacionsevilla\/files\/2021\/09\/anexo-11.jpg 698w, https:\/\/blogsaverroes.juntadeandalucia.es\/auxiliaresconversacionsevilla\/files\/2021\/09\/anexo-11-300x119.jpg 300w\" sizes=\"(max-width: 698px) 100vw, 698px\" \/><\/a><\/p>\n<p>&nbsp;<\/p>\n<p><a href=\"https:\/\/blogsaverroes.juntadeandalucia.es\/centrosbilinguessevilla\/files\/2018\/09\/anexo12.pdf\"><img loading=\"lazy\" decoding=\"async\" class=\"aligncenter size-full wp-image-2585\" src=\"https:\/\/blogsaverroes.juntadeandalucia.es\/auxiliaresconversacionsevilla\/files\/2021\/09\/Anexo-12.jpg\" alt=\"\" width=\"681\" height=\"198\" srcset=\"https:\/\/blogsaverroes.juntadeandalucia.es\/auxiliaresconversacionsevilla\/files\/2021\/09\/Anexo-12.jpg 681w, https:\/\/blogsaverroes.juntadeandalucia.es\/auxiliaresconversacionsevilla\/files\/2021\/09\/Anexo-12-300x87.jpg 300w\" sizes=\"(max-width: 681px) 100vw, 681px\" \/><\/a><\/p>\n<p>&nbsp;<\/p>\n","protected":false},"excerpt":{"rendered":"<p>El lunes pr\u00f3ximo os incorpor\u00e1is a los centros biling\u00fces y estos primeros d\u00edas van a ser fundamentales as\u00ed que, por favor, cuidad estos primeros encuentros y los v\u00ednculos que vais a empezar a crear.&nbsp;&#46;&#46;&#46;<\/p>\n","protected":false},"author":1252,"featured_media":0,"comment_status":"open","ping_status":"closed","sticky":false,"template":"","format":"standard","meta":{"ngg_post_thumbnail":0,"footnotes":""},"categories":[17299],"tags":[],"aioseo_notices":[],"_links":{"self":[{"href":"https:\/\/blogsaverroes.juntadeandalucia.es\/auxiliaresconversacionsevilla\/wp-json\/wp\/v2\/posts\/2806"}],"collection":[{"href":"https:\/\/blogsaverroes.juntadeandalucia.es\/auxiliaresconversacionsevilla\/wp-json\/wp\/v2\/posts"}],"about":[{"href":"https:\/\/blogsaverroes.juntadeandalucia.es\/auxiliaresconversacionsevilla\/wp-json\/wp\/v2\/types\/post"}],"author":[{"embeddable":true,"href":"https:\/\/blogsaverroes.juntadeandalucia.es\/auxiliaresconversacionsevilla\/wp-json\/wp\/v2\/users\/1252"}],"replies":[{"embeddable":true,"href":"https:\/\/blogsaverroes.juntadeandalucia.es\/auxiliaresconversacionsevilla\/wp-json\/wp\/v2\/comments?post=2806"}],"version-history":[{"count":2,"href":"https:\/\/blogsaverroes.juntadeandalucia.es\/auxiliaresconversacionsevilla\/wp-json\/wp\/v2\/posts\/2806\/revisions"}],"predecessor-version":[{"id":2808,"href":"https:\/\/blogsaverroes.juntadeandalucia.es\/auxiliaresconversacionsevilla\/wp-json\/wp\/v2\/posts\/2806\/revisions\/2808"}],"wp:attachment":[{"href":"https:\/\/blogsaverroes.juntadeandalucia.es\/auxiliaresconversacionsevilla\/wp-json\/wp\/v2\/media?parent=2806"}],"wp:term":[{"taxonomy":"category","embeddable":true,"href":"https:\/\/blogsaverroes.juntadeandalucia.es\/auxiliaresconversacionsevilla\/wp-json\/wp\/v2\/categories?post=2806"},{"taxonomy":"post_tag","embeddable":true,"href":"https:\/\/blogsaverroes.juntadeandalucia.es\/auxiliaresconversacionsevilla\/wp-json\/wp\/v2\/tags?post=2806"}],"curies":[{"name":"wp","href":"https:\/\/api.w.org\/{rel}","templated":true}]}}