{"id":2914,"date":"2023-02-09T16:31:08","date_gmt":"2023-02-09T15:31:08","guid":{"rendered":"https:\/\/blogsaverroes.juntadeandalucia.es\/auxiliaresconversacionsevilla\/?p=2914"},"modified":"2023-02-10T12:43:35","modified_gmt":"2023-02-10T11:43:35","slug":"apertura-convocatoria-auxiliares-de-conversacion-extranjeros-en-espana-2023-24","status":"publish","type":"post","link":"https:\/\/blogsaverroes.juntadeandalucia.es\/auxiliaresconversacionsevilla\/2023\/02\/09\/apertura-convocatoria-auxiliares-de-conversacion-extranjeros-en-espana-2023-24\/","title":{"rendered":"Apertura convocatoria auxiliares de conversaci\u00f3n extranjeros en Espa\u00f1a, 2023\/24"},"content":{"rendered":"<p>Desde la siguiente imagen se puede acceder a la informaci\u00f3n sobre la convocatoria 2023\/24 de auxiliares de conversaci\u00f3n extranjeros en Espa\u00f1a.<\/p>\n<p>El plazo de presentaci\u00f3n de solicitudes est\u00e1 abierto desde hoy, 9 de febrero, hasta el 4 de abril de 2023.<\/p>\n<p><a href=\"https:\/\/www.educacionyfp.gob.es\/mc\/accion-exterior\/mira-lo-que-hacemos\/centros-programas\/convocatoria-auxiliares-conversacion-extranj.html\"><img loading=\"lazy\" decoding=\"async\" class=\"aligncenter size-large wp-image-2921\" src=\"https:\/\/blogsaverroes.juntadeandalucia.es\/auxiliaresconversacionsevilla\/files\/2023\/02\/Sin-t\u00edtulo-2-1024x565.jpg\" alt=\"\" width=\"1024\" height=\"565\" srcset=\"https:\/\/blogsaverroes.juntadeandalucia.es\/auxiliaresconversacionsevilla\/files\/2023\/02\/Sin-t\u00edtulo-2-1024x565.jpg 1024w, https:\/\/blogsaverroes.juntadeandalucia.es\/auxiliaresconversacionsevilla\/files\/2023\/02\/Sin-t\u00edtulo-2-300x165.jpg 300w, https:\/\/blogsaverroes.juntadeandalucia.es\/auxiliaresconversacionsevilla\/files\/2023\/02\/Sin-t\u00edtulo-2-768x423.jpg 768w, https:\/\/blogsaverroes.juntadeandalucia.es\/auxiliaresconversacionsevilla\/files\/2023\/02\/Sin-t\u00edtulo-2.jpg 1449w\" sizes=\"(max-width: 1024px) 100vw, 1024px\" \/><\/a><\/p>\n","protected":false},"excerpt":{"rendered":"<p>Desde la siguiente imagen se puede acceder a la informaci\u00f3n sobre la convocatoria 2023\/24 de auxiliares de conversaci\u00f3n extranjeros en Espa\u00f1a. El plazo de presentaci\u00f3n de solicitudes est\u00e1 abierto desde hoy, 9 de febrero,&#46;&#46;&#46;<\/p>\n","protected":false},"author":1252,"featured_media":0,"comment_status":"open","ping_status":"closed","sticky":false,"template":"","format":"standard","meta":{"ngg_post_thumbnail":0,"footnotes":""},"categories":[5,1,17297],"tags":[],"aioseo_notices":[],"_links":{"self":[{"href":"https:\/\/blogsaverroes.juntadeandalucia.es\/auxiliaresconversacionsevilla\/wp-json\/wp\/v2\/posts\/2914"}],"collection":[{"href":"https:\/\/blogsaverroes.juntadeandalucia.es\/auxiliaresconversacionsevilla\/wp-json\/wp\/v2\/posts"}],"about":[{"href":"https:\/\/blogsaverroes.juntadeandalucia.es\/auxiliaresconversacionsevilla\/wp-json\/wp\/v2\/types\/post"}],"author":[{"embeddable":true,"href":"https:\/\/blogsaverroes.juntadeandalucia.es\/auxiliaresconversacionsevilla\/wp-json\/wp\/v2\/users\/1252"}],"replies":[{"embeddable":true,"href":"https:\/\/blogsaverroes.juntadeandalucia.es\/auxiliaresconversacionsevilla\/wp-json\/wp\/v2\/comments?post=2914"}],"version-history":[{"count":3,"href":"https:\/\/blogsaverroes.juntadeandalucia.es\/auxiliaresconversacionsevilla\/wp-json\/wp\/v2\/posts\/2914\/revisions"}],"predecessor-version":[{"id":2923,"href":"https:\/\/blogsaverroes.juntadeandalucia.es\/auxiliaresconversacionsevilla\/wp-json\/wp\/v2\/posts\/2914\/revisions\/2923"}],"wp:attachment":[{"href":"https:\/\/blogsaverroes.juntadeandalucia.es\/auxiliaresconversacionsevilla\/wp-json\/wp\/v2\/media?parent=2914"}],"wp:term":[{"taxonomy":"category","embeddable":true,"href":"https:\/\/blogsaverroes.juntadeandalucia.es\/auxiliaresconversacionsevilla\/wp-json\/wp\/v2\/categories?post=2914"},{"taxonomy":"post_tag","embeddable":true,"href":"https:\/\/blogsaverroes.juntadeandalucia.es\/auxiliaresconversacionsevilla\/wp-json\/wp\/v2\/tags?post=2914"}],"curies":[{"name":"wp","href":"https:\/\/api.w.org\/{rel}","templated":true}]}}