{"id":3233,"date":"2024-09-13T13:00:15","date_gmt":"2024-09-13T11:00:15","guid":{"rendered":"https:\/\/blogsaverroes.juntadeandalucia.es\/auxiliaresconversacionsevilla\/?p=3233"},"modified":"2024-09-18T19:33:43","modified_gmt":"2024-09-18T17:33:43","slug":"renovacion-de-la-estancia-por-estudios","status":"publish","type":"post","link":"https:\/\/blogsaverroes.juntadeandalucia.es\/auxiliaresconversacionsevilla\/2024\/09\/13\/renovacion-de-la-estancia-por-estudios\/","title":{"rendered":"Renovaci\u00f3n de la estancia por estudios"},"content":{"rendered":"<p style=\"text-align: center\"><strong>AUXILIARES EXTRACOMUNITARIOS RENOVADORES<\/strong><\/p>\n<p>&nbsp;<\/p>\n<p><strong>Una vez recibida la renovaci\u00f3n para el curso 2024\/2025<\/strong>, es el momento de empezar a hacer algunos tr\u00e1mites. <strong>El m\u00e1s urgente, la&nbsp;solicitud de la pr\u00f3rroga de la estancia por estudios<\/strong>. La pr\u00f3rroga de estudios sustituir\u00e1 al visado.<\/p>\n<p>Os recuerdo el&nbsp;<strong>plazo de solicitud: durante los 60 d\u00edas naturales previos a la fecha de expiraci\u00f3n de la vigencia de la tarjeta o 3 meses despu\u00e9s de la caducidad<\/strong>. Una vez presentada la renovaci\u00f3n vuestra estancia por estudios estar\u00e1 prorrogada hasta la resoluci\u00f3n definitiva del expediente.<\/p>\n<p><strong>DOCUMENTACI\u00d3N:<br \/>\n<\/strong><\/p>\n<ul>\n<li><a class=\"m-link__document--pdf\" href=\"https:\/\/www.inclusion.gob.es\/documents\/410169\/2156469\/00-Formulario_estancia.pdf\/ee0585e7-c013-e763-27dc-bf1830155722?t=1675362813605\"><strong>Impreso de solicitud en modelo oficial&nbsp;(EX \u2013 00)<\/strong><\/a>&nbsp;por duplicado, debidamente cumplimentado y firmado<\/li>\n<li><strong>Pasaporte completo<\/strong>&nbsp;en vigor.<\/li>\n<li><strong>Carta de renovaci\u00f3n enviada por la Consejer\u00eda.<\/strong><\/li>\n<li><strong>Fotocopia de la tarjeta de estancia.<\/strong><\/li>\n<li><strong>Las tasas de pr\u00f3rroga:<\/strong><\/li>\n<li><a title=\"Enlace externo al portal. Se abrir\u00e1 en una pesta\u00f1a nueva.\" href=\"https:\/\/sede.administracionespublicas.gob.es\/pagina\/index\/directorio\/tasa052\" target=\"_blank\" rel=\"noopener noreferrer\"><strong>Modelo 790 c\u00f3digo 052<\/strong><\/a><\/li>\n<\/ul>\n<p><strong>LUGAR DE PRESENTACI\u00d3N:<\/strong>&nbsp;en cualquier registro p\u00fablico, o en una oficina de Correos mediante sobre abierto, y dirigida a la Oficina de Extranjer\u00eda de la provincia de desarrollo de la actividad.&nbsp;<strong><a href=\"https:\/\/mpt.gob.es\/portal\/delegaciones_gobierno\/extranjeria\/extranjeria_ddgg.htm\">Aqu\u00ed<\/a><\/strong>&nbsp; pod\u00e9is consultar los datos de las oficinas de extranjer\u00eda.<\/p>\n<p><strong>PLAZO DE RESOLUCI\u00d3N DE LA SOLICITUD:&nbsp;<\/strong>3 meses contados a partir del d\u00eda siguiente a la fecha en que haya tenido entrada en el registro del \u00f3rgano competente en su tramitaci\u00f3n.&nbsp;&nbsp;<em>(Cuando no se haya podido notificar la resoluci\u00f3n se anunciar\u00e1 en el&nbsp;<a title=\"Enlace externo al portal. Se abrir\u00e1 en una pesta\u00f1a nueva.\" href=\"https:\/\/www.boe.es\/notificaciones\/\" target=\"_blank\" rel=\"noopener noreferrer\">Tabl\u00f3n Edictal \u00danico&nbsp;<abbr title=\"Tabl\u00f3n Editorial \u00danico\">(TEU)<\/abbr><\/a>. Si se hubiera optado por notificaci\u00f3n electr\u00f3nica o normativamente estuviera obligado a utilizar ese medio, la resoluci\u00f3n se notificar\u00e1 mediante publicaci\u00f3n en la sede electr\u00f3nica. Si no se accediera a la resoluci\u00f3n en 10 d\u00edas naturales desde su publicaci\u00f3n se dar\u00e1 por notificada)<\/em>.<\/p>\n<ul>\n<li><strong>En el plazo de un mes&nbsp;<\/strong>desde la notificaci\u00f3n,<strong>&nbsp; deber\u00e9is solicitar personalmente la tarjeta de identidad de extranjero<\/strong>&nbsp;en la Oficina de Extranjer\u00eda o Comisar\u00eda de Polic\u00eda de la provincia donde vay\u00e1is a colaborar.&nbsp;&nbsp;<strong><a href=\"https:\/\/mpt.gob.es\/portal\/delegaciones_gobierno\/extranjeria\/extranjeria_ddgg.htm\">Aqu\u00ed<\/a><\/strong>&nbsp;pod\u00e9is consultar los datos de las oficinas de extranjer\u00eda, el horario de atenci\u00f3n y si ten\u00e9is que pedir cita previa.<\/li>\n<li><strong>En el momento del tr\u00e1mite<\/strong>&nbsp;de huella tendr\u00e9is que mostrar vuestro pasaporte o t\u00edtulo de viaje y aportar la siguiente documentaci\u00f3n:\n<ul>\n<li><a class=\"m-link__document--pdf\" href=\"https:\/\/www.inclusion.gob.es\/documents\/410169\/2156469\/17-Formulario_TIE.pdf\/dd3218fc-855b-0afb-dd0a-fbf2ec76b862?t=1674731356427\"><strong>Solicitud de tarjeta de estudiante extranjero<\/strong>, en modelo oficial (EX-17)<\/a><\/li>\n<li><strong>Justificante del abono de la tasa<\/strong>&nbsp;de la tarjeta,&nbsp;<a href=\"https:\/\/sede.policia.gob.es\/Tasa790_012\/\"><strong>Modelo 790 c\u00f3digo 12<\/strong><\/a><strong>.<\/strong><\/li>\n<li><strong>Una fotograf\u00eda reciente en color,<\/strong>&nbsp;en fondo blanco, tama\u00f1o carn\u00e9.<\/li>\n<li style=\"text-align: left\">En caso de cambio de domicilio certificado de empadronamiento con menos de 3 meses de antig\u00fcedad, y&nbsp;<strong>\u00a1ASUNTO CONCLUIDO!<\/strong><img loading=\"lazy\" decoding=\"async\" class=\"size-full wp-image-3041 alignright\" src=\"https:\/\/blogsaverroes.juntadeandalucia.es\/auxiliaresconversacionsevilla\/files\/2023\/09\/descarga.jpg\" alt=\"\" width=\"276\" height=\"183\"><\/li>\n<\/ul>\n<\/li>\n<\/ul>\n<p><em><strong>&nbsp;<\/strong><\/em><\/p>\n<p>&nbsp;<\/p>\n","protected":false},"excerpt":{"rendered":"<p>AUXILIARES EXTRACOMUNITARIOS RENOVADORES &nbsp; Una vez recibida la renovaci\u00f3n para el curso 2024\/2025, es el momento de empezar a hacer algunos tr\u00e1mites. El m\u00e1s urgente, la&nbsp;solicitud de la pr\u00f3rroga de la estancia por estudios.&#46;&#46;&#46;<\/p>\n","protected":false},"author":1252,"featured_media":0,"comment_status":"open","ping_status":"closed","sticky":false,"template":"","format":"standard","meta":{"ngg_post_thumbnail":0,"footnotes":""},"categories":[17297],"tags":[],"aioseo_notices":[],"_links":{"self":[{"href":"https:\/\/blogsaverroes.juntadeandalucia.es\/auxiliaresconversacionsevilla\/wp-json\/wp\/v2\/posts\/3233"}],"collection":[{"href":"https:\/\/blogsaverroes.juntadeandalucia.es\/auxiliaresconversacionsevilla\/wp-json\/wp\/v2\/posts"}],"about":[{"href":"https:\/\/blogsaverroes.juntadeandalucia.es\/auxiliaresconversacionsevilla\/wp-json\/wp\/v2\/types\/post"}],"author":[{"embeddable":true,"href":"https:\/\/blogsaverroes.juntadeandalucia.es\/auxiliaresconversacionsevilla\/wp-json\/wp\/v2\/users\/1252"}],"replies":[{"embeddable":true,"href":"https:\/\/blogsaverroes.juntadeandalucia.es\/auxiliaresconversacionsevilla\/wp-json\/wp\/v2\/comments?post=3233"}],"version-history":[{"count":2,"href":"https:\/\/blogsaverroes.juntadeandalucia.es\/auxiliaresconversacionsevilla\/wp-json\/wp\/v2\/posts\/3233\/revisions"}],"predecessor-version":[{"id":3235,"href":"https:\/\/blogsaverroes.juntadeandalucia.es\/auxiliaresconversacionsevilla\/wp-json\/wp\/v2\/posts\/3233\/revisions\/3235"}],"wp:attachment":[{"href":"https:\/\/blogsaverroes.juntadeandalucia.es\/auxiliaresconversacionsevilla\/wp-json\/wp\/v2\/media?parent=3233"}],"wp:term":[{"taxonomy":"category","embeddable":true,"href":"https:\/\/blogsaverroes.juntadeandalucia.es\/auxiliaresconversacionsevilla\/wp-json\/wp\/v2\/categories?post=3233"},{"taxonomy":"post_tag","embeddable":true,"href":"https:\/\/blogsaverroes.juntadeandalucia.es\/auxiliaresconversacionsevilla\/wp-json\/wp\/v2\/tags?post=3233"}],"curies":[{"name":"wp","href":"https:\/\/api.w.org\/{rel}","templated":true}]}}