{"id":3259,"date":"2024-10-11T10:26:18","date_gmt":"2024-10-11T08:26:18","guid":{"rendered":"https:\/\/blogsaverroes.juntadeandalucia.es\/auxiliaresconversacionsevilla\/?p=3259"},"modified":"2024-10-11T10:26:18","modified_gmt":"2024-10-11T08:26:18","slug":"materiales-jornada-acogida-y-formacion-de-asistentes-linguisticos","status":"publish","type":"post","link":"https:\/\/blogsaverroes.juntadeandalucia.es\/auxiliaresconversacionsevilla\/2024\/10\/11\/materiales-jornada-acogida-y-formacion-de-asistentes-linguisticos\/","title":{"rendered":"Materiales Jornada Acogida y Formaci\u00f3n de Asistentes Ling\u00fc\u00edsticos"},"content":{"rendered":"<p>Desde las im\u00e1genes inferiores puede accederse a las presentaciones expuestas en la Jornada de Acogida y Formaci\u00f3n de Asistentes Ling\u00fc\u00edsticos 2024\/25 celebrada el 10 de octubre en el IES Heli\u00f3polis de Sevilla.<\/p>\n<p><a href=\"https:\/\/drive.google.com\/file\/d\/1cbNiqQTMaSwRK9Ihuvc8HRcjYTx4Wehn\/view\"><img loading=\"lazy\" decoding=\"async\" class=\"alignleft wp-image-3264\" src=\"https:\/\/blogsaverroes.juntadeandalucia.es\/auxiliaresconversacionsevilla\/files\/2024\/10\/Sin-titulo-6-300x169.jpg\" alt=\"\" width=\"400\" height=\"225\" srcset=\"https:\/\/blogsaverroes.juntadeandalucia.es\/auxiliaresconversacionsevilla\/files\/2024\/10\/Sin-titulo-6-300x169.jpg 300w, https:\/\/blogsaverroes.juntadeandalucia.es\/auxiliaresconversacionsevilla\/files\/2024\/10\/Sin-titulo-6-768x433.jpg 768w, https:\/\/blogsaverroes.juntadeandalucia.es\/auxiliaresconversacionsevilla\/files\/2024\/10\/Sin-titulo-6.jpg 999w\" sizes=\"(max-width: 400px) 100vw, 400px\" \/><\/a><\/p>\n<p><a href=\"https:\/\/blogsaverroes.juntadeandalucia.es\/auxiliaresconversacionsevilla\/files\/2024\/10\/Jornada-Acogida-Asistentes-Linguisticos-2024_2025.pdf\"><img loading=\"lazy\" decoding=\"async\" class=\"wp-image-3263 alignright\" src=\"https:\/\/blogsaverroes.juntadeandalucia.es\/auxiliaresconversacionsevilla\/files\/2024\/10\/Sin-titulo-5-1024x401.jpg\" alt=\"\" width=\"600\" height=\"235\" srcset=\"https:\/\/blogsaverroes.juntadeandalucia.es\/auxiliaresconversacionsevilla\/files\/2024\/10\/Sin-titulo-5-1024x401.jpg 1024w, https:\/\/blogsaverroes.juntadeandalucia.es\/auxiliaresconversacionsevilla\/files\/2024\/10\/Sin-titulo-5-300x117.jpg 300w, https:\/\/blogsaverroes.juntadeandalucia.es\/auxiliaresconversacionsevilla\/files\/2024\/10\/Sin-titulo-5-768x301.jpg 768w, https:\/\/blogsaverroes.juntadeandalucia.es\/auxiliaresconversacionsevilla\/files\/2024\/10\/Sin-titulo-5.jpg 1242w\" sizes=\"(max-width: 600px) 100vw, 600px\" \/><\/a><\/p>\n<p>&nbsp;<\/p>\n<p>&nbsp;<\/p>\n<p>&nbsp;<\/p>\n<p>&nbsp;<\/p>\n<p>&nbsp;<\/p>\n","protected":false},"excerpt":{"rendered":"<p>Desde las im\u00e1genes inferiores puede accederse a las presentaciones expuestas en la Jornada de Acogida y Formaci\u00f3n de Asistentes Ling\u00fc\u00edsticos 2024\/25 celebrada el 10 de octubre en el IES Heli\u00f3polis de Sevilla. &nbsp; &nbsp;&#46;&#46;&#46;<\/p>\n","protected":false},"author":1252,"featured_media":0,"comment_status":"open","ping_status":"closed","sticky":false,"template":"","format":"standard","meta":{"ngg_post_thumbnail":0,"footnotes":""},"categories":[17299,1,17297,2113],"tags":[],"aioseo_notices":[],"_links":{"self":[{"href":"https:\/\/blogsaverroes.juntadeandalucia.es\/auxiliaresconversacionsevilla\/wp-json\/wp\/v2\/posts\/3259"}],"collection":[{"href":"https:\/\/blogsaverroes.juntadeandalucia.es\/auxiliaresconversacionsevilla\/wp-json\/wp\/v2\/posts"}],"about":[{"href":"https:\/\/blogsaverroes.juntadeandalucia.es\/auxiliaresconversacionsevilla\/wp-json\/wp\/v2\/types\/post"}],"author":[{"embeddable":true,"href":"https:\/\/blogsaverroes.juntadeandalucia.es\/auxiliaresconversacionsevilla\/wp-json\/wp\/v2\/users\/1252"}],"replies":[{"embeddable":true,"href":"https:\/\/blogsaverroes.juntadeandalucia.es\/auxiliaresconversacionsevilla\/wp-json\/wp\/v2\/comments?post=3259"}],"version-history":[{"count":4,"href":"https:\/\/blogsaverroes.juntadeandalucia.es\/auxiliaresconversacionsevilla\/wp-json\/wp\/v2\/posts\/3259\/revisions"}],"predecessor-version":[{"id":3267,"href":"https:\/\/blogsaverroes.juntadeandalucia.es\/auxiliaresconversacionsevilla\/wp-json\/wp\/v2\/posts\/3259\/revisions\/3267"}],"wp:attachment":[{"href":"https:\/\/blogsaverroes.juntadeandalucia.es\/auxiliaresconversacionsevilla\/wp-json\/wp\/v2\/media?parent=3259"}],"wp:term":[{"taxonomy":"category","embeddable":true,"href":"https:\/\/blogsaverroes.juntadeandalucia.es\/auxiliaresconversacionsevilla\/wp-json\/wp\/v2\/categories?post=3259"},{"taxonomy":"post_tag","embeddable":true,"href":"https:\/\/blogsaverroes.juntadeandalucia.es\/auxiliaresconversacionsevilla\/wp-json\/wp\/v2\/tags?post=3259"}],"curies":[{"name":"wp","href":"https:\/\/api.w.org\/{rel}","templated":true}]}}