{"id":3285,"date":"2025-02-06T12:16:51","date_gmt":"2025-02-06T11:16:51","guid":{"rendered":"https:\/\/blogsaverroes.juntadeandalucia.es\/auxiliaresconversacionsevilla\/?p=3285"},"modified":"2025-02-06T12:16:51","modified_gmt":"2025-02-06T11:16:51","slug":"auxiliares-de-conversacion-extranjeros-en-espana-convocatoria-2025-26","status":"publish","type":"post","link":"https:\/\/blogsaverroes.juntadeandalucia.es\/auxiliaresconversacionsevilla\/2025\/02\/06\/auxiliares-de-conversacion-extranjeros-en-espana-convocatoria-2025-26\/","title":{"rendered":"Auxiliares de conversaci\u00f3n extranjeros en Espa\u00f1a. Convocatoria 2025\/26"},"content":{"rendered":"<p>En la p\u00e1gina del Ministerio est\u00e1 publicada la convocatoria de auxiliares de conversaci\u00f3n extranjeros en Espa\u00f1a para el curso 2025\/26. <strong>El Plazo de presentaci\u00f3n de solicitudes se iniciar\u00e1 el pr\u00f3ximo 11 de febrero y finalizar\u00e1 el 26 de marzo de 2025.<\/strong><\/p>\n<p style=\"text-align: center\"><span style=\"color: #333399\"><strong>Desde la siguiente imagen se puede acceder a toda la informaci\u00f3n.<\/strong><\/span><\/p>\n<p style=\"text-align: center\"><a href=\"https:\/\/www.educacionfpydeportes.gob.es\/servicios-al-ciudadano\/catalogo\/general\/99\/998188\/ficha\/998188-2025.html\"><img loading=\"lazy\" decoding=\"async\" class=\"aligncenter size-large wp-image-3286\" src=\"https:\/\/blogsaverroes.juntadeandalucia.es\/auxiliaresconversacionsevilla\/files\/2025\/02\/Sin-titulo-1024x520.jpg\" alt=\"\" width=\"1024\" height=\"520\" srcset=\"https:\/\/blogsaverroes.juntadeandalucia.es\/auxiliaresconversacionsevilla\/files\/2025\/02\/Sin-titulo-1024x520.jpg 1024w, https:\/\/blogsaverroes.juntadeandalucia.es\/auxiliaresconversacionsevilla\/files\/2025\/02\/Sin-titulo-300x152.jpg 300w, https:\/\/blogsaverroes.juntadeandalucia.es\/auxiliaresconversacionsevilla\/files\/2025\/02\/Sin-titulo-768x390.jpg 768w, https:\/\/blogsaverroes.juntadeandalucia.es\/auxiliaresconversacionsevilla\/files\/2025\/02\/Sin-titulo.jpg 1268w\" sizes=\"(max-width: 1024px) 100vw, 1024px\" \/><\/a><\/p>\n<p style=\"text-align: center\"><span style=\"color: #333399\"><strong>Desde esta otra imagen se puede acceder a informaci\u00f3n relevante para las personas interesadas en el Programa.<\/strong><\/span><\/p>\n<p><a href=\"https:\/\/aee.educacionfpydeportes.gob.es\/oportunidades\/todas\/auxiliares-conversacion\/extranjeros.html\"><img loading=\"lazy\" decoding=\"async\" class=\"aligncenter size-full wp-image-3287\" src=\"https:\/\/blogsaverroes.juntadeandalucia.es\/auxiliaresconversacionsevilla\/files\/2025\/02\/Sin-titulo-1.jpg\" alt=\"\" width=\"745\" height=\"803\" srcset=\"https:\/\/blogsaverroes.juntadeandalucia.es\/auxiliaresconversacionsevilla\/files\/2025\/02\/Sin-titulo-1.jpg 745w, https:\/\/blogsaverroes.juntadeandalucia.es\/auxiliaresconversacionsevilla\/files\/2025\/02\/Sin-titulo-1-278x300.jpg 278w\" sizes=\"(max-width: 745px) 100vw, 745px\" \/><\/a><\/p>\n","protected":false},"excerpt":{"rendered":"<p>En la p\u00e1gina del Ministerio est\u00e1 publicada la convocatoria de auxiliares de conversaci\u00f3n extranjeros en Espa\u00f1a para el curso 2025\/26. El Plazo de presentaci\u00f3n de solicitudes se iniciar\u00e1 el pr\u00f3ximo 11 de febrero y&#46;&#46;&#46;<\/p>\n","protected":false},"author":1252,"featured_media":0,"comment_status":"open","ping_status":"closed","sticky":false,"template":"","format":"standard","meta":{"ngg_post_thumbnail":0,"footnotes":""},"categories":[5],"tags":[],"aioseo_notices":[],"_links":{"self":[{"href":"https:\/\/blogsaverroes.juntadeandalucia.es\/auxiliaresconversacionsevilla\/wp-json\/wp\/v2\/posts\/3285"}],"collection":[{"href":"https:\/\/blogsaverroes.juntadeandalucia.es\/auxiliaresconversacionsevilla\/wp-json\/wp\/v2\/posts"}],"about":[{"href":"https:\/\/blogsaverroes.juntadeandalucia.es\/auxiliaresconversacionsevilla\/wp-json\/wp\/v2\/types\/post"}],"author":[{"embeddable":true,"href":"https:\/\/blogsaverroes.juntadeandalucia.es\/auxiliaresconversacionsevilla\/wp-json\/wp\/v2\/users\/1252"}],"replies":[{"embeddable":true,"href":"https:\/\/blogsaverroes.juntadeandalucia.es\/auxiliaresconversacionsevilla\/wp-json\/wp\/v2\/comments?post=3285"}],"version-history":[{"count":1,"href":"https:\/\/blogsaverroes.juntadeandalucia.es\/auxiliaresconversacionsevilla\/wp-json\/wp\/v2\/posts\/3285\/revisions"}],"predecessor-version":[{"id":3288,"href":"https:\/\/blogsaverroes.juntadeandalucia.es\/auxiliaresconversacionsevilla\/wp-json\/wp\/v2\/posts\/3285\/revisions\/3288"}],"wp:attachment":[{"href":"https:\/\/blogsaverroes.juntadeandalucia.es\/auxiliaresconversacionsevilla\/wp-json\/wp\/v2\/media?parent=3285"}],"wp:term":[{"taxonomy":"category","embeddable":true,"href":"https:\/\/blogsaverroes.juntadeandalucia.es\/auxiliaresconversacionsevilla\/wp-json\/wp\/v2\/categories?post=3285"},{"taxonomy":"post_tag","embeddable":true,"href":"https:\/\/blogsaverroes.juntadeandalucia.es\/auxiliaresconversacionsevilla\/wp-json\/wp\/v2\/tags?post=3285"}],"curies":[{"name":"wp","href":"https:\/\/api.w.org\/{rel}","templated":true}]}}