{"id":3339,"date":"2025-05-29T08:54:23","date_gmt":"2025-05-29T06:54:23","guid":{"rendered":"https:\/\/blogsaverroes.juntadeandalucia.es\/auxiliaresconversacionsevilla\/?p=3339"},"modified":"2025-05-29T09:30:31","modified_gmt":"2025-05-29T07:30:31","slug":"final-de-estancia","status":"publish","type":"post","link":"https:\/\/blogsaverroes.juntadeandalucia.es\/auxiliaresconversacionsevilla\/2025\/05\/29\/final-de-estancia\/","title":{"rendered":"Final de estancia"},"content":{"rendered":"<p>Entre hoy y ma\u00f1ana termin\u00e1is vuestra estancia en los centros biling\u00fces. Gracias por todo. Gracias por todo lo que nos dej\u00e1is y ojal\u00e1 teng\u00e1is siempre, en un lugar privilegiado de vuestra memoria, vuestra estancia como auxiliares de conversaci\u00f3n en los centros biling\u00fces de nuestra Comunidad. Sois nuestros mejores contactos en vuestros pa\u00edses de origen y tambi\u00e9n nuestras\/os embajadoras\/es.<\/p>\n<p><img loading=\"lazy\" decoding=\"async\" class=\"size-medium wp-image-3344 alignright\" src=\"https:\/\/blogsaverroes.juntadeandalucia.es\/auxiliaresconversacionsevilla\/files\/2025\/05\/147933510-gracias-gracias-en-espanol-fondo-de-nube-de-palabras-todos-los-idiomas-multilingue-para-la-educacion-300x225.jpg\" alt=\"\" width=\"300\" height=\"225\" srcset=\"https:\/\/blogsaverroes.juntadeandalucia.es\/auxiliaresconversacionsevilla\/files\/2025\/05\/147933510-gracias-gracias-en-espanol-fondo-de-nube-de-palabras-todos-los-idiomas-multilingue-para-la-educacion-300x225.jpg 300w, https:\/\/blogsaverroes.juntadeandalucia.es\/auxiliaresconversacionsevilla\/files\/2025\/05\/147933510-gracias-gracias-en-espanol-fondo-de-nube-de-palabras-todos-los-idiomas-multilingue-para-la-educacion-1024x768.jpg 1024w, https:\/\/blogsaverroes.juntadeandalucia.es\/auxiliaresconversacionsevilla\/files\/2025\/05\/147933510-gracias-gracias-en-espanol-fondo-de-nube-de-palabras-todos-los-idiomas-multilingue-para-la-educacion-768x576.jpg 768w, https:\/\/blogsaverroes.juntadeandalucia.es\/auxiliaresconversacionsevilla\/files\/2025\/05\/147933510-gracias-gracias-en-espanol-fondo-de-nube-de-palabras-todos-los-idiomas-multilingue-para-la-educacion.jpg 1300w\" sizes=\"(max-width: 300px) 100vw, 300px\" \/><\/p>\n","protected":false},"excerpt":{"rendered":"<p>Entre hoy y ma\u00f1ana termin\u00e1is vuestra estancia en los centros biling\u00fces. Gracias por todo. Gracias por todo lo que nos dej\u00e1is y ojal\u00e1 teng\u00e1is siempre, en un lugar privilegiado de vuestra memoria, vuestra estancia&#46;&#46;&#46;<\/p>\n","protected":false},"author":1252,"featured_media":3344,"comment_status":"open","ping_status":"closed","sticky":false,"template":"","format":"standard","meta":{"ngg_post_thumbnail":0,"footnotes":""},"categories":[1,17311],"tags":[],"aioseo_notices":[],"_links":{"self":[{"href":"https:\/\/blogsaverroes.juntadeandalucia.es\/auxiliaresconversacionsevilla\/wp-json\/wp\/v2\/posts\/3339"}],"collection":[{"href":"https:\/\/blogsaverroes.juntadeandalucia.es\/auxiliaresconversacionsevilla\/wp-json\/wp\/v2\/posts"}],"about":[{"href":"https:\/\/blogsaverroes.juntadeandalucia.es\/auxiliaresconversacionsevilla\/wp-json\/wp\/v2\/types\/post"}],"author":[{"embeddable":true,"href":"https:\/\/blogsaverroes.juntadeandalucia.es\/auxiliaresconversacionsevilla\/wp-json\/wp\/v2\/users\/1252"}],"replies":[{"embeddable":true,"href":"https:\/\/blogsaverroes.juntadeandalucia.es\/auxiliaresconversacionsevilla\/wp-json\/wp\/v2\/comments?post=3339"}],"version-history":[{"count":4,"href":"https:\/\/blogsaverroes.juntadeandalucia.es\/auxiliaresconversacionsevilla\/wp-json\/wp\/v2\/posts\/3339\/revisions"}],"predecessor-version":[{"id":3348,"href":"https:\/\/blogsaverroes.juntadeandalucia.es\/auxiliaresconversacionsevilla\/wp-json\/wp\/v2\/posts\/3339\/revisions\/3348"}],"wp:featuredmedia":[{"embeddable":true,"href":"https:\/\/blogsaverroes.juntadeandalucia.es\/auxiliaresconversacionsevilla\/wp-json\/wp\/v2\/media\/3344"}],"wp:attachment":[{"href":"https:\/\/blogsaverroes.juntadeandalucia.es\/auxiliaresconversacionsevilla\/wp-json\/wp\/v2\/media?parent=3339"}],"wp:term":[{"taxonomy":"category","embeddable":true,"href":"https:\/\/blogsaverroes.juntadeandalucia.es\/auxiliaresconversacionsevilla\/wp-json\/wp\/v2\/categories?post=3339"},{"taxonomy":"post_tag","embeddable":true,"href":"https:\/\/blogsaverroes.juntadeandalucia.es\/auxiliaresconversacionsevilla\/wp-json\/wp\/v2\/tags?post=3339"}],"curies":[{"name":"wp","href":"https:\/\/api.w.org\/{rel}","templated":true}]}}