{"id":698,"date":"2015-05-18T22:04:14","date_gmt":"2015-05-18T20:04:14","guid":{"rendered":"http:\/\/blogsaverroes.juntadeandalucia.es\/auxiliaresconversacionsevilla\/?p=698"},"modified":"2020-11-10T21:36:05","modified_gmt":"2020-11-10T20:36:05","slug":"mi-experiencia-como-auxiliar-de-conversacion","status":"publish","type":"post","link":"https:\/\/blogsaverroes.juntadeandalucia.es\/auxiliaresconversacionsevilla\/2015\/05\/18\/mi-experiencia-como-auxiliar-de-conversacion\/","title":{"rendered":"Mi experiencia como auxiliar de conversaci\u00f3n"},"content":{"rendered":"<p style=\"text-align: justify\"><strong>En el blog dedicado al <a href=\"http:\/\/lnx.educacionenmalaga.es\/bilinguismo\/#sthash.WTRYjntK.dpbs\" target=\"_blank\" rel=\"noopener noreferrer\">Pluriling\u00fcismo en M\u00e1laga<\/a> se public\u00f3 hace unos d\u00edas el relato de un auxiliar de conversaci\u00f3n sobre su experiencia en un CEIP de esa provincia.<\/strong><\/p>\n<p>&nbsp;<\/p>\n<p><a href=\"http:\/\/lnx.educacionenmalaga.es\/bilinguismo\/2015\/05\/05\/mi-experiencia-como-auxiliar-de-conversacion-en-ceip-vicente-aleixandre-de-malaga\/#sthash.jHkFy9Re.dpbs\" target=\"_blank\" rel=\"noopener noreferrer\"><img loading=\"lazy\" decoding=\"async\" class=\"aligncenter wp-image-699\" src=\"http:\/\/blogsaverroes.juntadeandalucia.es\/auxiliaresconversacionsevilla\/files\/2015\/05\/Dibujo2-300x287.jpg\" alt=\"Dibujo\" width=\"350\" height=\"336\" srcset=\"https:\/\/blogsaverroes.juntadeandalucia.es\/auxiliaresconversacionsevilla\/files\/2015\/05\/Dibujo2-300x287.jpg 300w, https:\/\/blogsaverroes.juntadeandalucia.es\/auxiliaresconversacionsevilla\/files\/2015\/05\/Dibujo2.jpg 598w\" sizes=\"(max-width: 350px) 100vw, 350px\" \/><\/a><\/p>\n<p style=\"text-align: center\"><strong>Me parece una idea fant\u00e1stica y si os anim\u00e1is, <span style=\"color: #ff0000\">\u00e9ste es vuestro blog.<\/span><\/strong><\/p>\n","protected":false},"excerpt":{"rendered":"<p>En el blog dedicado al Pluriling\u00fcismo en M\u00e1laga se public\u00f3 hace unos d\u00edas el relato de un auxiliar de conversaci\u00f3n sobre su experiencia en un CEIP de esa provincia. &nbsp; Me parece una idea&#46;&#46;&#46;<\/p>\n","protected":false},"author":1252,"featured_media":0,"comment_status":"open","ping_status":"closed","sticky":false,"template":"","format":"standard","meta":{"ngg_post_thumbnail":0,"footnotes":""},"categories":[17302],"tags":[],"aioseo_notices":[],"_links":{"self":[{"href":"https:\/\/blogsaverroes.juntadeandalucia.es\/auxiliaresconversacionsevilla\/wp-json\/wp\/v2\/posts\/698"}],"collection":[{"href":"https:\/\/blogsaverroes.juntadeandalucia.es\/auxiliaresconversacionsevilla\/wp-json\/wp\/v2\/posts"}],"about":[{"href":"https:\/\/blogsaverroes.juntadeandalucia.es\/auxiliaresconversacionsevilla\/wp-json\/wp\/v2\/types\/post"}],"author":[{"embeddable":true,"href":"https:\/\/blogsaverroes.juntadeandalucia.es\/auxiliaresconversacionsevilla\/wp-json\/wp\/v2\/users\/1252"}],"replies":[{"embeddable":true,"href":"https:\/\/blogsaverroes.juntadeandalucia.es\/auxiliaresconversacionsevilla\/wp-json\/wp\/v2\/comments?post=698"}],"version-history":[{"count":3,"href":"https:\/\/blogsaverroes.juntadeandalucia.es\/auxiliaresconversacionsevilla\/wp-json\/wp\/v2\/posts\/698\/revisions"}],"predecessor-version":[{"id":2417,"href":"https:\/\/blogsaverroes.juntadeandalucia.es\/auxiliaresconversacionsevilla\/wp-json\/wp\/v2\/posts\/698\/revisions\/2417"}],"wp:attachment":[{"href":"https:\/\/blogsaverroes.juntadeandalucia.es\/auxiliaresconversacionsevilla\/wp-json\/wp\/v2\/media?parent=698"}],"wp:term":[{"taxonomy":"category","embeddable":true,"href":"https:\/\/blogsaverroes.juntadeandalucia.es\/auxiliaresconversacionsevilla\/wp-json\/wp\/v2\/categories?post=698"},{"taxonomy":"post_tag","embeddable":true,"href":"https:\/\/blogsaverroes.juntadeandalucia.es\/auxiliaresconversacionsevilla\/wp-json\/wp\/v2\/tags?post=698"}],"curies":[{"name":"wp","href":"https:\/\/api.w.org\/{rel}","templated":true}]}}