{"id":18,"date":"2020-04-02T12:05:00","date_gmt":"2020-04-02T12:05:00","guid":{"rendered":""},"modified":"2021-12-02T09:30:44","modified_gmt":"2021-12-02T09:30:44","slug":"18","status":"publish","type":"post","link":"https:\/\/blogsaverroes.juntadeandalucia.es\/baessegundociclo\/2020\/04\/02\/18\/","title":{"rendered":""},"content":{"rendered":"<div style=\"clear: both;text-align: center\"><span style=\"color: blue\"><br \/><\/span><\/div>\n<div style=\"clear: both;text-align: center\"><span style=\"color: blue\"><br \/><\/span><\/div>\n<div style=\"clear: both;text-align: center\"><span style=\"color: blue\"><br \/><\/span><\/div>\n<div style=\"clear: both;text-align: center\"><span style=\"color: blue;font-family: Arial, Helvetica, sans-serif;font-size: large\"><b>2 DE ABRIL: D\u00cdA MUNDIAL DE CONCIENCIACI\u00d3N SOBRE EL AUTISMO<\/b><\/span><\/div>\n<div style=\"clear: both;text-align: center\"><a href=\"https:\/\/blogsaverroes.juntadeandalucia.es\/baessegundociclo\/files\/2020\/04\/thumbnail_IMG-20200402-WA0014.jpg\" style=\"margin-left: 1em;margin-right: 1em\"><img fetchpriority=\"high\" decoding=\"async\" border=\"0\" data-original-height=\"1334\" data-original-width=\"750\" height=\"320\" src=\"https:\/\/blogsaverroes.juntadeandalucia.es\/baessegundociclo\/files\/2020\/04\/thumbnail_IMG-20200402-WA0014-169x300.jpg\" width=\"177\" \/><\/a><\/div>\n<div style=\"text-align: center\"><span style=\"color: blue;font-family: Arial, Helvetica, sans-serif\"><b>\u00abPuedo APRENDER. Puedo TRABAJAR\u00bb<\/b><\/span><\/div>\n<div style=\"text-align: center\"><span style=\"color: blue;font-family: Arial, Helvetica, sans-serif\"><b><br \/><\/b><\/span><\/div>\n<div style=\"text-align: center\"><a href=\"https:\/\/diamundialautismo.com\/puedo-aprender-puedo-trabajar\/#unete-a-la-campana\">https:\/\/diamundialautismo.com\/puedo-aprender-puedo-trabajar\/#unete-a-la-campana<\/a><\/div>\n<div style=\"text-align: center\"><\/div>\n<div style=\"text-align: center\"><span style=\"color: orange;font-family: Arial, Helvetica, sans-serif\"><b>\u00daNETE A LA CAMPA\u00d1A<\/b><\/span><\/div>\n<div style=\"text-align: center\"><span style=\"color: blue;font-family: Arial, Helvetica, sans-serif\"><b><br \/><\/b><\/span><\/div>\n<div style=\"text-align: center\"><span style=\"background-color: white;color: #eeac29;font-size: inherit;font-style: inherit;font-weight: inherit\"><span style=\"font-family: Arial, Helvetica, sans-serif\"><br \/><\/span><\/span><\/div>\n<div style=\"text-align: center\"><span style=\"font-family: Arial, Helvetica, sans-serif\"><span style=\"background-color: white;color: #eeac29;font-size: inherit;font-style: inherit;font-weight: inherit\">Si quieres apoyar la&nbsp;campa\u00f1a&nbsp;<\/span><strong style=\"background-color: white;border: 0px transparent;color: inherit;font-size: inherit;font-style: inherit;font-variant: inherit;line-height: inherit;margin: 0px;padding: 0px;vertical-align: baseline\">\u201cPuedo APRENDER. Puedo TRABAJAR\u201d<\/strong><span style=\"background-color: white;color: #eeac29;font-size: inherit;font-style: inherit;font-weight: inherit\">&nbsp;<\/span><span style=\"background-color: white;color: #eeac29;font-size: inherit;font-style: inherit;font-weight: inherit\">y mostrar as\u00ed tu compromiso y solidaridad con las personas con TEA y sus familias, te lo ponemos muy f\u00e1cil: tan solo tienes que compartir en tus redes sociales una foto, un v\u00eddeo o&nbsp;un&nbsp;gif&nbsp;haciendo el gesto de la campa\u00f1a, junto al hashtag<\/span><span style=\"background-color: white;color: #eeac29;font-size: inherit;font-style: inherit;font-weight: inherit\">&nbsp;<\/span><strong style=\"background-color: white;border: 0px transparent;color: inherit;font-size: inherit;font-style: inherit;font-variant: inherit;line-height: inherit;margin: 0px;padding: 0px;vertical-align: baseline\">#DiaMundialAutismo<\/strong><span style=\"background-color: white;color: #eeac29;font-size: inherit;font-style: inherit;font-weight: inherit\">.<\/span><\/span><\/div>\n<div style=\"text-align: center\"><span style=\"font-family: Arial, Helvetica, sans-serif\"><span style=\"background-color: white;color: #eeac29;font-size: inherit;font-style: inherit;font-weight: inherit\"><br \/><\/span><\/span><\/div>\n<div style=\"text-align: center\"><span style=\"font-family: Arial, Helvetica, sans-serif\"><strong style=\"border: 0px transparent;color: #85c8d0;font-size: inherit;font-style: inherit;font-variant: inherit;line-height: inherit;margin: 0px;padding: 0px;vertical-align: baseline\">\u00bfCu\u00e1l es el gesto?<\/strong><\/span><\/div>\n<div style=\"text-align: center\"><span style=\"font-family: Arial, Helvetica, sans-serif\"><span style=\"color: #3b3b3b;font-size: inherit;font-style: inherit;font-weight: inherit\">Tan sencillo como sostener con la mano una herramienta o utensilio, vinculada al \u00e1mbito de la educaci\u00f3n o del trabajo y relacionada con alguna de tus habilidades o capacidades. El objetivo de este gesto es mostrar que cada persona es diferente y tiene unas determinadas fortalezas, que la sociedad puede y debe fomentar para ser cada vez m\u00e1s inclusiva y respetuosa con la diversidad.<\/span><\/span><\/div>\n<div style=\"text-align: center\"><span style=\"background-color: white;color: #3b3b3b;font-size: inherit;font-style: inherit;font-weight: inherit\"><span style=\"font-family: Arial, Helvetica, sans-serif\">Porque las personas&nbsp;con TEA&nbsp;son&nbsp;miembros de pleno derecho de la sociedad, por lo que&nbsp;deben tener las mismas oportunidades para expresar su potencial&nbsp;tanto&nbsp;en&nbsp;el \u00e1mbito de la educaci\u00f3n como&nbsp;en el mundo&nbsp;laboral,&nbsp;gracias a&nbsp;entornos accesibles y apoyos adecuados.<\/span><\/span><\/div>\n","protected":false},"excerpt":{"rendered":"<p>2 DE ABRIL: D\u00cdA MUNDIAL DE CONCIENCIACI\u00d3N SOBRE EL AUTISMO \u00abPuedo APRENDER. Puedo TRABAJAR\u00bb https:\/\/diamundialautismo.com\/puedo-aprender-puedo-trabajar\/#unete-a-la-campana \u00daNETE A LA CAMPA\u00d1A Si quieres apoyar la&nbsp;campa\u00f1a&nbsp;\u201cPuedo APRENDER. Puedo TRABAJAR\u201d&nbsp;y mostrar as\u00ed tu compromiso y solidaridad con las&#46;&#46;&#46;<\/p>\n","protected":false},"author":7794,"featured_media":23,"comment_status":"open","ping_status":"open","sticky":false,"template":"","format":"standard","meta":{"ngg_post_thumbnail":0,"footnotes":""},"categories":[4],"tags":[],"aioseo_notices":[],"_links":{"self":[{"href":"https:\/\/blogsaverroes.juntadeandalucia.es\/baessegundociclo\/wp-json\/wp\/v2\/posts\/18"}],"collection":[{"href":"https:\/\/blogsaverroes.juntadeandalucia.es\/baessegundociclo\/wp-json\/wp\/v2\/posts"}],"about":[{"href":"https:\/\/blogsaverroes.juntadeandalucia.es\/baessegundociclo\/wp-json\/wp\/v2\/types\/post"}],"author":[{"embeddable":true,"href":"https:\/\/blogsaverroes.juntadeandalucia.es\/baessegundociclo\/wp-json\/wp\/v2\/users\/7794"}],"replies":[{"embeddable":true,"href":"https:\/\/blogsaverroes.juntadeandalucia.es\/baessegundociclo\/wp-json\/wp\/v2\/comments?post=18"}],"version-history":[{"count":1,"href":"https:\/\/blogsaverroes.juntadeandalucia.es\/baessegundociclo\/wp-json\/wp\/v2\/posts\/18\/revisions"}],"predecessor-version":[{"id":24,"href":"https:\/\/blogsaverroes.juntadeandalucia.es\/baessegundociclo\/wp-json\/wp\/v2\/posts\/18\/revisions\/24"}],"wp:featuredmedia":[{"embeddable":true,"href":"https:\/\/blogsaverroes.juntadeandalucia.es\/baessegundociclo\/wp-json\/wp\/v2\/media\/23"}],"wp:attachment":[{"href":"https:\/\/blogsaverroes.juntadeandalucia.es\/baessegundociclo\/wp-json\/wp\/v2\/media?parent=18"}],"wp:term":[{"taxonomy":"category","embeddable":true,"href":"https:\/\/blogsaverroes.juntadeandalucia.es\/baessegundociclo\/wp-json\/wp\/v2\/categories?post=18"},{"taxonomy":"post_tag","embeddable":true,"href":"https:\/\/blogsaverroes.juntadeandalucia.es\/baessegundociclo\/wp-json\/wp\/v2\/tags?post=18"}],"curies":[{"name":"wp","href":"https:\/\/api.w.org\/{rel}","templated":true}]}}