{"id":3438,"date":"2021-09-02T13:34:20","date_gmt":"2021-09-02T11:34:20","guid":{"rendered":"https:\/\/blogsaverroes.juntadeandalucia.es\/becreadelegacionmalaga\/?p=3438"},"modified":"2021-09-02T13:34:20","modified_gmt":"2021-09-02T11:34:20","slug":"abierto-el-plazo-de-solicitud-de-inscripcion-en-comunica-y-plc-21-22","status":"publish","type":"post","link":"https:\/\/blogsaverroes.juntadeandalucia.es\/becreadelegacionmalaga\/2021\/09\/02\/abierto-el-plazo-de-solicitud-de-inscripcion-en-comunica-y-plc-21-22\/","title":{"rendered":"Abierto el plazo de solicitud de inscripci\u00f3n en ComunicA y PLC 21-22"},"content":{"rendered":"<div><img loading=\"lazy\" decoding=\"async\" class=\"size-full wp-image-3439 aligncenter\" src=\"https:\/\/blogsaverroes.juntadeandalucia.es\/becreadelegacionmalaga\/files\/2021\/09\/Captura-3.png\" alt=\"PROGRAMAS DE INNOVACI\u00d3N\" width=\"331\" height=\"181\" srcset=\"https:\/\/blogsaverroes.juntadeandalucia.es\/becreadelegacionmalaga\/files\/2021\/09\/Captura-3.png 331w, https:\/\/blogsaverroes.juntadeandalucia.es\/becreadelegacionmalaga\/files\/2021\/09\/Captura-3-300x164.png 300w\" sizes=\"(max-width: 331px) 100vw, 331px\" \/><\/div>\n<div>&nbsp;<\/div>\n<div class=\"tituloCajaColorJunta\">Abierto el plazo de solicitud de inscripci\u00f3n en ComunicA y PLC 21-22<\/div>\n<div class=\"tituloCaja\">Plazo<\/div>\n<p>Del 1 al 30 de septiembre est\u00e1 abierto el periodo para solicitar los Programas para la Innovaci\u00f3n Educativa ComunicA y Proyecto Ling\u00fc\u00edstico de Centro, convocados por la&nbsp;&nbsp;<a href=\"https:\/\/www.juntadeandalucia.es\/educacion\/portals\/delegate\/content\/e5e9d7aa-efd9-4360-9f37-b3866808a860\/Resoluci%C3%B3n%20de%2016%20de%20julio%20de%202021%20(pdf)\" target=\"_blank\" rel=\"noopener noreferrer\">Resoluci\u00f3n de 16 de julio de 2021<\/a>&nbsp;de la Direcci\u00f3n General de Innovaci\u00f3n y Formaci\u00f3n del Profesorado.<\/p>\n<div class=\"tituloCaja\">Dosieres de la convocatoria<\/div>\n<p><a class=\"icopdf\" title=\"Dosier ComunicA 2021-2022\" href=\"https:\/\/portals.ced.junta-andalucia.es\/educacion\/portals\/ishare-servlet\/content\/5c987e23-6d9c-491d-b7b1-3a81fca300ad\" target=\"_blank\" rel=\"noopener noreferrer\">Dosier ComunicA 2021-2022<\/a><\/p>\n<p><a class=\"icopdf\" title=\"Dosier PLC 2021-2022\" href=\"https:\/\/portals.ced.junta-andalucia.es\/educacion\/portals\/ishare-servlet\/content\/34463e77-edf7-4844-b7eb-75f611dc94e2\" target=\"_blank\" rel=\"noopener noreferrer\">Dosier PLC 2021-2022<\/a><\/p>\n<div class=\"tituloCaja\">Inscripci\u00f3n en Programas de Innovaci\u00f3n Educativa: tutorial S\u00e9neca<\/div>\n<p>[youtube https:\/\/www.youtube.com\/watch?v=-fbjq9uDWpc]<\/p>\n<div class=\"tituloCaja\">Reconocimiento de la participaci\u00f3n<\/div>\n<table style=\"width: 77.1356%;height: 432px\" border=\"1\" width=\"568\" cellspacing=\"0\" cellpadding=\"2\" align=\"center\">\n<colgroup>\n<col width=\"19\">\n<col width=\"216\">\n<col width=\"318\"><\/colgroup>\n<tbody>\n<tr style=\"height: 80px\">\n<td style=\"height: 80px\" width=\"19\" height=\"30\">\n<p class=\"western\" align=\"CENTER\">NIVEL<\/p>\n<\/td>\n<td style=\"height: 80px\" width=\"216\">\n<p class=\"western\" align=\"CENTER\"><b>RECONOCIMIENTO COORDINACI\u00d3N<\/b><\/p>\n<\/td>\n<td style=\"height: 80px\" width=\"318\">\n<p class=\"western\" align=\"CENTER\"><b>RECONOCIMIENTO PARTICIPANTES<\/b><\/p>\n<\/td>\n<\/tr>\n<tr style=\"height: 176px\">\n<td style=\"height: 176px\" width=\"19\">\n<p class=\"western\" align=\"CENTER\"><b>P1<\/b><\/p>\n<\/td>\n<td style=\"height: 176px\" width=\"216\">\n<p class=\"western\" align=\"LEFT\">A efectos de provisi\u00f3n de vacantes 1 punto \/ A efectos de sexenios 30h de formaci\u00f3n \/ A efectos de reconocimiento en la selecci\u00f3n para la direcci\u00f3n 0,15 puntos<\/p>\n<\/td>\n<td style=\"height: 176px\" width=\"318\">\n<p class=\"western\" align=\"LEFT\">A efectos de provisi\u00f3n de vacantes 0,5 puntos \/ A efectos de sexenios 20h de formaci\u00f3n \/&nbsp;A efectos de reconocimiento en la selecci\u00f3n para la direcci\u00f3n 0,10 puntos<\/p>\n<\/td>\n<\/tr>\n<tr style=\"height: 176px\">\n<td style=\"height: 176px\" width=\"19\">\n<p class=\"western\" align=\"CENTER\"><b>P2<\/b><\/p>\n<\/td>\n<td style=\"height: 176px\" width=\"216\">\n<p class=\"western\" align=\"LEFT\">A efectos de provisi\u00f3n de vacantes 0,5 puntos \/ A efectos de sexenios 30h de formaci\u00f3n \/ A efectos de reconocimiento en la selecci\u00f3n para la direcci\u00f3n 0,15 puntos<\/p>\n<\/td>\n<td style=\"height: 176px\" width=\"318\">\n<p class=\"western\" align=\"LEFT\">A efectos de provisi\u00f3n de vacantes 0,2 puntos \/ A efectos de sexenios 20h de formaci\u00f3n \/ A efectos de reconocimiento en la selecci\u00f3n para la direcci\u00f3n 0,10 puntos<\/p>\n<\/td>\n<\/tr>\n<\/tbody>\n<\/table>\n<h2>Documentos asociados:<\/h2>\n<ul>\n<li><a href=\"https:\/\/blogsaverroes.juntadeandalucia.es\/becreadelegacionmalaga\/files\/2021\/09\/Cat\u00e1logo-Programas-2021-22.pdf\">Cat\u00e1logo Programas 2021-22<\/a><\/li>\n<li><a href=\"https:\/\/blogsaverroes.juntadeandalucia.es\/becreadelegacionmalaga\/files\/2021\/09\/Dosier-ComunicA-2021-2022.pdf\">Dosier ComunicA 2021-2022<\/a><\/li>\n<li><a href=\"https:\/\/blogsaverroes.juntadeandalucia.es\/becreadelegacionmalaga\/files\/2021\/09\/Dosier-PLC-2021-2022.pdf\">Dosier PLC 2021-2022<\/a><\/li>\n<\/ul>\n<p>&nbsp;<\/p>\n","protected":false},"excerpt":{"rendered":"<p>&nbsp; Abierto el plazo de solicitud de inscripci\u00f3n en ComunicA y PLC 21-22 Plazo Del 1 al 30 de septiembre est\u00e1 abierto el periodo para solicitar los Programas para la Innovaci\u00f3n Educativa ComunicA y Proyecto&#46;&#46;&#46;<\/p>\n","protected":false},"author":8078,"featured_media":3439,"comment_status":"open","ping_status":"open","sticky":false,"template":"","format":"standard","meta":{"ngg_post_thumbnail":0,"footnotes":""},"categories":[1196899,7227,1194807],"tags":[1196899,2194790,7227,2194791],"aioseo_notices":[],"post_mailing_queue_ids":[],"_links":{"self":[{"href":"https:\/\/blogsaverroes.juntadeandalucia.es\/becreadelegacionmalaga\/wp-json\/wp\/v2\/posts\/3438"}],"collection":[{"href":"https:\/\/blogsaverroes.juntadeandalucia.es\/becreadelegacionmalaga\/wp-json\/wp\/v2\/posts"}],"about":[{"href":"https:\/\/blogsaverroes.juntadeandalucia.es\/becreadelegacionmalaga\/wp-json\/wp\/v2\/types\/post"}],"author":[{"embeddable":true,"href":"https:\/\/blogsaverroes.juntadeandalucia.es\/becreadelegacionmalaga\/wp-json\/wp\/v2\/users\/8078"}],"replies":[{"embeddable":true,"href":"https:\/\/blogsaverroes.juntadeandalucia.es\/becreadelegacionmalaga\/wp-json\/wp\/v2\/comments?post=3438"}],"version-history":[{"count":2,"href":"https:\/\/blogsaverroes.juntadeandalucia.es\/becreadelegacionmalaga\/wp-json\/wp\/v2\/posts\/3438\/revisions"}],"predecessor-version":[{"id":3444,"href":"https:\/\/blogsaverroes.juntadeandalucia.es\/becreadelegacionmalaga\/wp-json\/wp\/v2\/posts\/3438\/revisions\/3444"}],"wp:featuredmedia":[{"embeddable":true,"href":"https:\/\/blogsaverroes.juntadeandalucia.es\/becreadelegacionmalaga\/wp-json\/wp\/v2\/media\/3439"}],"wp:attachment":[{"href":"https:\/\/blogsaverroes.juntadeandalucia.es\/becreadelegacionmalaga\/wp-json\/wp\/v2\/media?parent=3438"}],"wp:term":[{"taxonomy":"category","embeddable":true,"href":"https:\/\/blogsaverroes.juntadeandalucia.es\/becreadelegacionmalaga\/wp-json\/wp\/v2\/categories?post=3438"},{"taxonomy":"post_tag","embeddable":true,"href":"https:\/\/blogsaverroes.juntadeandalucia.es\/becreadelegacionmalaga\/wp-json\/wp\/v2\/tags?post=3438"}],"curies":[{"name":"wp","href":"https:\/\/api.w.org\/{rel}","templated":true}]}}