{"id":3534,"date":"2021-10-20T12:44:04","date_gmt":"2021-10-20T10:44:04","guid":{"rendered":"https:\/\/blogsaverroes.juntadeandalucia.es\/becreadelegacionmalaga\/?p=3534"},"modified":"2021-10-20T12:44:04","modified_gmt":"2021-10-20T10:44:04","slug":"resolucion-de-19-de-octubre-de-2021-de-la-direccion-general-de-formacion-del-profesorado-e-innovacion-educativa-por-la-que-se-convoca-el-iii-torneo-de-debate-educativo-de-andalucia","status":"publish","type":"post","link":"https:\/\/blogsaverroes.juntadeandalucia.es\/becreadelegacionmalaga\/2021\/10\/20\/resolucion-de-19-de-octubre-de-2021-de-la-direccion-general-de-formacion-del-profesorado-e-innovacion-educativa-por-la-que-se-convoca-el-iii-torneo-de-debate-educativo-de-andalucia\/","title":{"rendered":"Resoluci\u00f3n de 19 de octubre de 2021, de la Direcci\u00f3n General de Formaci\u00f3n del Profesorado e Innovaci\u00f3n Educativa, por la que se convoca el III Torneo de Debate Educativo de Andaluc\u00eda"},"content":{"rendered":"<section class=\"cuerpo detalle_html\">\n<div class=\"inner_cuerpo\">\n<p><img loading=\"lazy\" decoding=\"async\" class=\"aligncenter size-full wp-image-3535\" src=\"https:\/\/blogsaverroes.juntadeandalucia.es\/becreadelegacionmalaga\/files\/2021\/10\/1541159593883EDU-Logo-Torneo-de-bachillerato-Estandar.jpg\" alt=\"\" width=\"930\" height=\"548\" srcset=\"https:\/\/blogsaverroes.juntadeandalucia.es\/becreadelegacionmalaga\/files\/2021\/10\/1541159593883EDU-Logo-Torneo-de-bachillerato-Estandar.jpg 930w, https:\/\/blogsaverroes.juntadeandalucia.es\/becreadelegacionmalaga\/files\/2021\/10\/1541159593883EDU-Logo-Torneo-de-bachillerato-Estandar-300x177.jpg 300w, https:\/\/blogsaverroes.juntadeandalucia.es\/becreadelegacionmalaga\/files\/2021\/10\/1541159593883EDU-Logo-Torneo-de-bachillerato-Estandar-768x453.jpg 768w\" sizes=\"(max-width: 930px) 100vw, 930px\" \/><\/p>\n<p>Se convoca el III Torneo de Debate Educativo de Andaluc\u00eda y sus fases correspondientes, de centros docentes, provincial y auton\u00f3mica para el curso 2021\/2022.<\/p>\n<p>El Torneo se concibe como un foro de discusi\u00f3n y di\u00e1logo que refuerza las actuaciones que se desarrollan en los centros educativos andaluces en torno al debate. Tiene fundamentalmente un car\u00e1cter formativo, no competitivo, ya que la preparaci\u00f3n para el debate hace necesario el ejercicio activo de la expresi\u00f3n y la comprensi\u00f3n, tanto oral como escrita, a la vez que desarrolla el pensamiento cr\u00edtico, lo que ofrece a los docentes una herramienta de enorme utilidad para la formaci\u00f3n integral del alumnado y para el desarrollo de los contenidos de cada materia.<\/p>\n<p>Para poder participar en este IIi Torneo de Debate Educativo, los centros docentes de Andaluc\u00eda que imparten Ense\u00f1anza Secundaria Obligatoria, Ciclos Formativos de Grado Medio y Bachillerato, deber\u00e1n inscribirse previamente. Para ello cumplimentar\u00e1n el formulario de solicitud en el sistema S\u00e9neca&nbsp;<strong>hasta el d\u00eda 29 de&nbsp; octubre de 2021, inclusive<\/strong>.<\/p>\n<\/div>\n<\/section>\n<section class=\"section_widget_abaco contenidos cont_relacionados_normativa\">\n<header>\n<h1 class=\"titulo\">Contenidos relacionados<\/h1>\n<\/header>\n<div class=\"wrapper-listado vista_listado\">\n<ul class=\"listado\">\n<li class=\"item item_listado\">\n<div class=\"inner-item\">\n<div class=\"item_icon ico_normativa\">Icono descriptivo<\/div>\n<p>&nbsp;<a title=\"Ir a: Resoluci\u00f3n de 19 de octubre de 2021, de la Direcci\u00f3n General de Formaci\u00f3n del Profesorado e Innovaci\u00f3n Educativa, por la que se convoca el III Torneo de Debate Educativo de Andaluc\u00eda\" href=\"https:\/\/www.juntadeandalucia.es\/educacion\/portals\/web\/ced\/contenidos\/-\/contenidos\/detalle\/resolucion-de-19-de-octubre-de-2021-de-la-direccion-general-de-formacion-del-profesorado-e-innovacion-educativa-por-la-1uwcdhe1oua7n\" target=\"_self\" rel=\"noopener noreferrer\">Resoluci\u00f3n de 19 de octubre de 2021, de la Direcci\u00f3n General de Formaci\u00f3n del Profesorado e Innovaci\u00f3n Educativa, por la que se convoca el III Torneo de Debate Educativo de Andaluc\u00eda<\/a><\/div>\n<\/li>\n<\/ul>\n<\/div>\n<\/section>\n","protected":false},"excerpt":{"rendered":"<p>Se convoca el III Torneo de Debate Educativo de Andaluc\u00eda y sus fases correspondientes, de centros docentes, provincial y auton\u00f3mica para el curso 2021\/2022. El Torneo se concibe como un foro de discusi\u00f3n y di\u00e1logo&#46;&#46;&#46;<\/p>\n","protected":false},"author":8078,"featured_media":3535,"comment_status":"open","ping_status":"open","sticky":false,"template":"","format":"standard","meta":{"ngg_post_thumbnail":0,"footnotes":""},"categories":[2188062],"tags":[100,2194823,10696,2194824],"aioseo_notices":[],"post_mailing_queue_ids":[],"_links":{"self":[{"href":"https:\/\/blogsaverroes.juntadeandalucia.es\/becreadelegacionmalaga\/wp-json\/wp\/v2\/posts\/3534"}],"collection":[{"href":"https:\/\/blogsaverroes.juntadeandalucia.es\/becreadelegacionmalaga\/wp-json\/wp\/v2\/posts"}],"about":[{"href":"https:\/\/blogsaverroes.juntadeandalucia.es\/becreadelegacionmalaga\/wp-json\/wp\/v2\/types\/post"}],"author":[{"embeddable":true,"href":"https:\/\/blogsaverroes.juntadeandalucia.es\/becreadelegacionmalaga\/wp-json\/wp\/v2\/users\/8078"}],"replies":[{"embeddable":true,"href":"https:\/\/blogsaverroes.juntadeandalucia.es\/becreadelegacionmalaga\/wp-json\/wp\/v2\/comments?post=3534"}],"version-history":[{"count":1,"href":"https:\/\/blogsaverroes.juntadeandalucia.es\/becreadelegacionmalaga\/wp-json\/wp\/v2\/posts\/3534\/revisions"}],"predecessor-version":[{"id":3536,"href":"https:\/\/blogsaverroes.juntadeandalucia.es\/becreadelegacionmalaga\/wp-json\/wp\/v2\/posts\/3534\/revisions\/3536"}],"wp:featuredmedia":[{"embeddable":true,"href":"https:\/\/blogsaverroes.juntadeandalucia.es\/becreadelegacionmalaga\/wp-json\/wp\/v2\/media\/3535"}],"wp:attachment":[{"href":"https:\/\/blogsaverroes.juntadeandalucia.es\/becreadelegacionmalaga\/wp-json\/wp\/v2\/media?parent=3534"}],"wp:term":[{"taxonomy":"category","embeddable":true,"href":"https:\/\/blogsaverroes.juntadeandalucia.es\/becreadelegacionmalaga\/wp-json\/wp\/v2\/categories?post=3534"},{"taxonomy":"post_tag","embeddable":true,"href":"https:\/\/blogsaverroes.juntadeandalucia.es\/becreadelegacionmalaga\/wp-json\/wp\/v2\/tags?post=3534"}],"curies":[{"name":"wp","href":"https:\/\/api.w.org\/{rel}","templated":true}]}}