{"id":3568,"date":"2021-11-02T13:36:06","date_gmt":"2021-11-02T12:36:06","guid":{"rendered":"https:\/\/blogsaverroes.juntadeandalucia.es\/becreadelegacionmalaga\/?p=3568"},"modified":"2021-11-02T13:36:36","modified_gmt":"2021-11-02T12:36:36","slug":"3568","status":"publish","type":"post","link":"https:\/\/blogsaverroes.juntadeandalucia.es\/becreadelegacionmalaga\/2021\/11\/02\/3568\/","title":{"rendered":"CONVOCADA LA NOVENA EDICI\u00d3N DEL CERTAMEN ESCOLAR &#8216;MI LIBRO PREFERIDO&#8217; QUE ORGANIZAN FUNDACI\u00d3N CAJASOL Y FUNDACI\u00d3N JOS\u00c9 MANUEL LARA"},"content":{"rendered":"<p align=\"center\"><b><img loading=\"lazy\" decoding=\"async\" class=\"aligncenter size-full wp-image-3569\" src=\"https:\/\/blogsaverroes.juntadeandalucia.es\/becreadelegacionmalaga\/files\/2021\/11\/image002.jpg\" alt=\"\" width=\"397\" height=\"151\" srcset=\"https:\/\/blogsaverroes.juntadeandalucia.es\/becreadelegacionmalaga\/files\/2021\/11\/image002.jpg 397w, https:\/\/blogsaverroes.juntadeandalucia.es\/becreadelegacionmalaga\/files\/2021\/11\/image002-300x114.jpg 300w\" sizes=\"(max-width: 397px) 100vw, 397px\" \/><\/b><\/p>\n<h3 align=\"center\">Fundaci\u00f3n Cajasol y Fundaci\u00f3n Jos\u00e9 Manuel Lara convocan<\/h3>\n<h3 align=\"center\">la novena edici\u00f3n del concurso \u2018Mi libro preferido\u2019<\/h3>\n<h3 align=\"center\"><img loading=\"lazy\" decoding=\"async\" class=\"aligncenter size-full wp-image-3570\" src=\"https:\/\/blogsaverroes.juntadeandalucia.es\/becreadelegacionmalaga\/files\/2021\/11\/image003.png\" alt=\"\" width=\"274\" height=\"274\" srcset=\"https:\/\/blogsaverroes.juntadeandalucia.es\/becreadelegacionmalaga\/files\/2021\/11\/image003.png 274w, https:\/\/blogsaverroes.juntadeandalucia.es\/becreadelegacionmalaga\/files\/2021\/11\/image003-150x150.png 150w, https:\/\/blogsaverroes.juntadeandalucia.es\/becreadelegacionmalaga\/files\/2021\/11\/image003-80x80.png 80w\" sizes=\"(max-width: 274px) 100vw, 274px\" \/><\/h3>\n<h4 align=\"center\">El plazo de admisi\u00f3n de originales para participar en este certamen escolar finaliza el 1 de marzo de 2022<\/h4>\n<h4>&nbsp;<\/h4>\n<p align=\"center\"><b>Estimado amigo:<span class=\"x_x_x_x_apple-converted-space\">&nbsp;<\/span><\/b><\/p>\n<p align=\"center\"><b>Te hago llegar la convocatoria y bases de una nueva edici\u00f3n del concurso escolar \u2018Mi libro preferido\u2019, que llega a su novena entrega. Al tratarse de una iniciativa que tiene como objetivo el fomento de la lectura, espero que sea de tu inter\u00e9s y que puedas darle la mayor difusi\u00f3n posible. &nbsp;<\/b><\/p>\n<p align=\"center\"><b>&nbsp;<\/b><\/p>\n<p align=\"center\"><b>GRACIAS<\/b><\/p>\n<div>\n<p align=\"center\">&nbsp;<\/p>\n<\/div>\n<p align=\"center\">&nbsp;<\/p>\n<p>&nbsp;<\/p>\n<p align=\"center\">&nbsp;<\/p>\n<p>Os animamos a participar en la novena edici\u00f3n de \u2018Mi libro preferido\u2019, nuestro concurso de relatos para alumnos de 1\u00ba y 2\u00ba de Educaci\u00f3n Secundaria Obligatoria matriculados en Centros Educativos de las ocho provincias andaluzas, ya sean de ense\u00f1anza p\u00fablica, concertada o privada, y que incluye, los IES (Institutos P\u00fablicos) que participan en los programas \u2018Comunica\u2019 o \u2018PLC (Proyecto Ling\u00fc\u00edstico de Centro)\u2019 de la Consejer\u00eda de Educaci\u00f3n y Deporte de la Junta de Andaluc\u00eda.<\/p>\n<p>Organizado y convocado por la Fundaci\u00f3n Cajasol y la Fundaci\u00f3n Jos\u00e9 Manuel Lara, este certamen fomenta la lectura entre los m\u00e1s j\u00f3venes a trav\u00e9s de una peque\u00f1a reflexi\u00f3n \u2013un escrito con una extensi\u00f3n de no m\u00e1s de dos p\u00e1ginas o 3.000 caracteres con espacios-, en la que comentan cu\u00e1l es o ha sido su libro preferido.<\/p>\n<p>Cada instituto participante seleccionar\u00e1 los cinco mejores trabajos de los presentados por cada clase o curso (n\u00famero orientativo), redacciones que se ir\u00e1n publicando en la nueva web del certamen:<span class=\"x_x_x_x_apple-converted-space\">&nbsp;<\/span><strong><a href=\"http:\/\/www.milibropreferido.es\" target=\"_blank\" rel=\"noopener noreferrer\">www.milibropreferido.es<\/a><\/strong><\/p>\n<p>El plazo de admisi\u00f3n de originales &nbsp;comenz\u00f3 el 1 de noviembre de 2021 y finaliza el 1 de marzo de 2022.<\/p>\n<p>De entre todos los textos presentados, un jurado elegir\u00e1 los ocho mejores uno por cada provincia) y premiar\u00e1 a sus autores:<\/p>\n<ul type=\"disc\">\n<li class=\"x_x_x_x_MsoNormal\">Primer premio para los alumnos ganadores (uno por cada provincia): una tableta que incluye una selecci\u00f3n digital de lecturas juveniles, y un libro dedicado por un autor del grupo Planeta,&nbsp;as\u00ed como un cheque-libro para los centros educativos.<\/li>\n<li class=\"x_x_x_x_MsoNormal\">Alumnos finalistas (dos por cada provincia): una tableta con una selecci\u00f3n digital de libros.<\/li>\n<li class=\"x_x_x_x_MsoNormal\">Profesores representantes de los alumnos ganadores (uno por cada provincia): un libro electr\u00f3nico.<\/li>\n<\/ul>\n<p>Asimismo, se elegir\u00e1 un \u00fanico texto como \u2018ganador absoluto\u2019, cuyo autor recibir\u00e1 \u2013junto con la tableta digital y el libro- un premio extra: un viaje para tres personas a la ciudad de Madrid con estancia de una noche y visita guiada a la Real Academia Espa\u00f1ola y\/o Biblioteca Nacional (este premio estar\u00e1 marcado por las condiciones de la pandemia). El ganador\/a tendr\u00e1 que ir acompa\u00f1ado por dos adultos y se cubrir\u00e1n gastos de desplazamiento y alojamiento.<\/p>\n<p>La IX edici\u00f3n de \u2018Mi libro preferido\u2019 permite participar, adem\u00e1s de con un relato escrito, con la creaci\u00f3n opcional de un booktrailer del libro preferido por el alumno. Cada participante podr\u00e1 mandar un booktrailer junto a su relato escrito sobre el libro que haya elegido. No se admitir\u00e1 ning\u00fan v\u00eddeo si no viene acompa\u00f1ado de un formato escrito. Se valorar\u00e1 la creatividad en su elaboraci\u00f3n y se realizar\u00e1 una menci\u00f3n especial al alumno autor del mejor booktrailer en la gala de la VIII edici\u00f3n de \u2018Mi libro preferido\u2019, prevista para el mes de junio en la sede de la Fundaci\u00f3n Cajasol en Sevilla.<\/p>\n<p>&nbsp;<\/p>\n<p align=\"center\"><b>En la web del concurso<span class=\"x_x_x_x_apple-converted-space\">&nbsp;<\/span><a href=\"http:\/\/www.milibropreferido.es\" target=\"_blank\" rel=\"noopener noreferrer\">www.milibropreferido.es<\/a><span class=\"x_x_x_x_apple-converted-space\">&nbsp;<\/span>se pueden consultar las bases de este concurso y aparecen las direcciones y tel\u00e9fonos de contacto para cualquier consulta o para ampliar informaci\u00f3n.<\/b><\/p>\n","protected":false},"excerpt":{"rendered":"<p>Fundaci\u00f3n Cajasol y Fundaci\u00f3n Jos\u00e9 Manuel Lara convocan la novena edici\u00f3n del concurso \u2018Mi libro preferido\u2019 El plazo de admisi\u00f3n de originales para participar en este certamen escolar finaliza el 1 de marzo de 2022&#46;&#46;&#46;<\/p>\n","protected":false},"author":8078,"featured_media":3570,"comment_status":"open","ping_status":"open","sticky":false,"template":"","format":"standard","meta":{"ngg_post_thumbnail":0,"footnotes":""},"categories":[946,10758,1196899,431,306,182,1194807,260],"tags":[268,182,2194841,2194842],"aioseo_notices":[],"post_mailing_queue_ids":[],"_links":{"self":[{"href":"https:\/\/blogsaverroes.juntadeandalucia.es\/becreadelegacionmalaga\/wp-json\/wp\/v2\/posts\/3568"}],"collection":[{"href":"https:\/\/blogsaverroes.juntadeandalucia.es\/becreadelegacionmalaga\/wp-json\/wp\/v2\/posts"}],"about":[{"href":"https:\/\/blogsaverroes.juntadeandalucia.es\/becreadelegacionmalaga\/wp-json\/wp\/v2\/types\/post"}],"author":[{"embeddable":true,"href":"https:\/\/blogsaverroes.juntadeandalucia.es\/becreadelegacionmalaga\/wp-json\/wp\/v2\/users\/8078"}],"replies":[{"embeddable":true,"href":"https:\/\/blogsaverroes.juntadeandalucia.es\/becreadelegacionmalaga\/wp-json\/wp\/v2\/comments?post=3568"}],"version-history":[{"count":2,"href":"https:\/\/blogsaverroes.juntadeandalucia.es\/becreadelegacionmalaga\/wp-json\/wp\/v2\/posts\/3568\/revisions"}],"predecessor-version":[{"id":3572,"href":"https:\/\/blogsaverroes.juntadeandalucia.es\/becreadelegacionmalaga\/wp-json\/wp\/v2\/posts\/3568\/revisions\/3572"}],"wp:featuredmedia":[{"embeddable":true,"href":"https:\/\/blogsaverroes.juntadeandalucia.es\/becreadelegacionmalaga\/wp-json\/wp\/v2\/media\/3570"}],"wp:attachment":[{"href":"https:\/\/blogsaverroes.juntadeandalucia.es\/becreadelegacionmalaga\/wp-json\/wp\/v2\/media?parent=3568"}],"wp:term":[{"taxonomy":"category","embeddable":true,"href":"https:\/\/blogsaverroes.juntadeandalucia.es\/becreadelegacionmalaga\/wp-json\/wp\/v2\/categories?post=3568"},{"taxonomy":"post_tag","embeddable":true,"href":"https:\/\/blogsaverroes.juntadeandalucia.es\/becreadelegacionmalaga\/wp-json\/wp\/v2\/tags?post=3568"}],"curies":[{"name":"wp","href":"https:\/\/api.w.org\/{rel}","templated":true}]}}