{"id":3653,"date":"2021-12-07T14:09:51","date_gmt":"2021-12-07T13:09:51","guid":{"rendered":"https:\/\/blogsaverroes.juntadeandalucia.es\/becreadelegacionmalaga\/?p=3653"},"modified":"2021-12-08T09:00:29","modified_gmt":"2021-12-08T08:00:29","slug":"3653","status":"publish","type":"post","link":"https:\/\/blogsaverroes.juntadeandalucia.es\/becreadelegacionmalaga\/2021\/12\/07\/3653\/","title":{"rendered":"OS INVITAMOS A LAS REDES SOCIALES DE BECREA M\u00c1LAGA"},"content":{"rendered":"<p><img loading=\"lazy\" decoding=\"async\" class=\"aligncenter size-full wp-image-3657\" src=\"https:\/\/blogsaverroes.juntadeandalucia.es\/becreadelegacionmalaga\/files\/2021\/12\/facebook-5445671_960_720.png\" alt=\"\" width=\"960\" height=\"679\" srcset=\"https:\/\/blogsaverroes.juntadeandalucia.es\/becreadelegacionmalaga\/files\/2021\/12\/facebook-5445671_960_720.png 960w, https:\/\/blogsaverroes.juntadeandalucia.es\/becreadelegacionmalaga\/files\/2021\/12\/facebook-5445671_960_720-300x212.png 300w, https:\/\/blogsaverroes.juntadeandalucia.es\/becreadelegacionmalaga\/files\/2021\/12\/facebook-5445671_960_720-768x543.png 768w\" sizes=\"(max-width: 960px) 100vw, 960px\" \/>Desde el \u00c1mbito Ling\u00fc\u00edstico del Servicio de Ordenaci\u00f3n Educativa de la Delegaci\u00f3n de Educaci\u00f3n en M\u00e1laga queremos informaros de nuestras redes sociales de BECREA M\u00e1laga, a trav\u00e9s de las cuales informamos de las novedades, tr\u00e1mites y otras cuestiones de inter\u00e9s relacionadas con las Bibliotecas Escolares y la innovaci\u00f3n dentro del \u00c1mbito Ling\u00fc\u00edstico (PLC, ComunicA, Debate escolar&#8230;).<\/p>\n<p>Os invitamos a que os suscrib\u00e1is a ellos para estar al d\u00eda de nuestras publicaciones.<\/p>\n<p style=\"text-align: left\">BLOG DEL BECREA M\u00c1LAGA:<\/p>\n<p style=\"text-align: left\"><a href=\"https:\/\/blogsaverroes.juntadeandalucia.es\/becreadelegacionmalaga\/\">https:\/\/blogsaverroes.juntadeandalucia.es\/becreadelegacionmalaga\/<br \/>\n<\/a><\/p>\n<p style=\"text-align: left\">TWITTER:<\/p>\n<p style=\"text-align: left\"><a href=\"https:\/\/twitter.com\/RedBECREA\">https:\/\/twitter.com\/RedBECREA<br \/>\n<\/a><\/p>\n<p style=\"text-align: left\">FACEBOOK:<\/p>\n<p style=\"text-align: left\"><a href=\"https:\/\/www.facebook.com\/RedBECREAMalaga\/\">https:\/\/www.facebook.com\/RedBECREAMalaga\/<\/a><\/p>\n<p style=\"text-align: left\">INSTAGRAM:<br \/>\n<a href=\"https:\/\/www.instagram.com\/becreamalaga\/\"><br \/>\n&nbsp; https:\/\/www.instagram.com\/becreamalaga\/<br \/>\n<\/a><br \/>\nPINTEREST:<\/p>\n<p style=\"text-align: left\"><a href=\"https:\/\/www.pinterest.es\/redbecrea\/_created\/\">https:\/\/www.pinterest.es\/redbecrea\/_created\/<\/a><\/p>\n<p style=\"text-align: left\">&nbsp;<\/p>\n<p>As\u00ed mismo, dada la importancia de la difusi\u00f3n de los proyectos de nuestras Bibliotecas Escolares (evidencias, actividades, pr\u00e1cticas de ensayo, buenas pr\u00e1cticas&#8230; ), ponemos a vuestra disposici\u00f3n nuestro blog y redes con el fin de que pod\u00e1is dar a conocer vuestras actividades y buenas pr\u00e1cticas.<\/p>\n<p>Para ello, solo ten\u00e9is que enviarnos un correo a esta direcci\u00f3n, en el que se haga una breve descripci\u00f3n de la actividad acompa\u00f1adas de algunas fotos o v\u00eddeo. Estas publicaciones ser\u00e1n adem\u00e1s compartidas en el bolet\u00edn informativo mensual BECREAM\u00e1laga as\u00ed como en las redes sociales oficiales a nivel regional.<\/p>\n<p>becrea.dpma.ced@juntadeandalucia.es<\/p>\n<p>Un saludo<\/p>\n<p>Raquel Gonz\u00e1lez.<\/p>\n<p>&nbsp;<\/p>\n<p>V\u00eddeo de&nbsp;<a href=\"https:\/\/pixabay.com\/es\/users\/15946987-15946987\/?utm_source=link-attribution&amp;utm_medium=referral&amp;utm_campaign=image&amp;utm_content=35344\">Florin Chivu<\/a>&nbsp;de&nbsp;<a href=\"https:\/\/pixabay.com\/es\/?utm_source=link-attribution&amp;utm_medium=referral&amp;utm_campaign=image&amp;utm_content=35344\">Pixabay<\/a>&nbsp;<\/p>\n","protected":false},"excerpt":{"rendered":"<p>Desde el \u00c1mbito Ling\u00fc\u00edstico del Servicio de Ordenaci\u00f3n Educativa de la Delegaci\u00f3n de Educaci\u00f3n en M\u00e1laga queremos informaros de nuestras redes sociales de BECREA M\u00e1laga, a trav\u00e9s de las cuales informamos de las novedades, tr\u00e1mites&#46;&#46;&#46;<\/p>\n","protected":false},"author":8078,"featured_media":3657,"comment_status":"open","ping_status":"open","sticky":false,"template":"","format":"standard","meta":{"ngg_post_thumbnail":0,"footnotes":""},"categories":[11909],"tags":[2194869,2194861],"aioseo_notices":[],"post_mailing_queue_ids":[],"_links":{"self":[{"href":"https:\/\/blogsaverroes.juntadeandalucia.es\/becreadelegacionmalaga\/wp-json\/wp\/v2\/posts\/3653"}],"collection":[{"href":"https:\/\/blogsaverroes.juntadeandalucia.es\/becreadelegacionmalaga\/wp-json\/wp\/v2\/posts"}],"about":[{"href":"https:\/\/blogsaverroes.juntadeandalucia.es\/becreadelegacionmalaga\/wp-json\/wp\/v2\/types\/post"}],"author":[{"embeddable":true,"href":"https:\/\/blogsaverroes.juntadeandalucia.es\/becreadelegacionmalaga\/wp-json\/wp\/v2\/users\/8078"}],"replies":[{"embeddable":true,"href":"https:\/\/blogsaverroes.juntadeandalucia.es\/becreadelegacionmalaga\/wp-json\/wp\/v2\/comments?post=3653"}],"version-history":[{"count":6,"href":"https:\/\/blogsaverroes.juntadeandalucia.es\/becreadelegacionmalaga\/wp-json\/wp\/v2\/posts\/3653\/revisions"}],"predecessor-version":[{"id":3661,"href":"https:\/\/blogsaverroes.juntadeandalucia.es\/becreadelegacionmalaga\/wp-json\/wp\/v2\/posts\/3653\/revisions\/3661"}],"wp:featuredmedia":[{"embeddable":true,"href":"https:\/\/blogsaverroes.juntadeandalucia.es\/becreadelegacionmalaga\/wp-json\/wp\/v2\/media\/3657"}],"wp:attachment":[{"href":"https:\/\/blogsaverroes.juntadeandalucia.es\/becreadelegacionmalaga\/wp-json\/wp\/v2\/media?parent=3653"}],"wp:term":[{"taxonomy":"category","embeddable":true,"href":"https:\/\/blogsaverroes.juntadeandalucia.es\/becreadelegacionmalaga\/wp-json\/wp\/v2\/categories?post=3653"},{"taxonomy":"post_tag","embeddable":true,"href":"https:\/\/blogsaverroes.juntadeandalucia.es\/becreadelegacionmalaga\/wp-json\/wp\/v2\/tags?post=3653"}],"curies":[{"name":"wp","href":"https:\/\/api.w.org\/{rel}","templated":true}]}}