{"id":4113,"date":"2022-06-15T09:29:29","date_gmt":"2022-06-15T07:29:29","guid":{"rendered":"https:\/\/blogsaverroes.juntadeandalucia.es\/becreadelegacionmalaga\/?p=4113"},"modified":"2022-06-17T08:15:44","modified_gmt":"2022-06-17T06:15:44","slug":"memoria-anual-y-certificacion-bibliotecas-escolares","status":"publish","type":"post","link":"https:\/\/blogsaverroes.juntadeandalucia.es\/becreadelegacionmalaga\/2022\/06\/15\/memoria-anual-y-certificacion-bibliotecas-escolares\/","title":{"rendered":"MEMORIA ANUAL Y CERTIFICACI\u00d3N BIBLIOTECAS ESCOLARES"},"content":{"rendered":"<section class=\"cuerpo detalle_html\">\n<div class=\"inner_cuerpo\">\n<h3 style=\"text-align: center\"><span style=\"text-decoration: underline\"><span style=\"color: #339966;font-size: 18pt;text-decoration: underline\">Plazo, perfiles y rutas en S\u00e9neca para actualizar participantes, cumplimentar la memoria anual y certificar la participaci\u00f3n en la Organizaci\u00f3n y funcionamiento de las bibliotecas escolares 2021-2022<\/span><\/span><\/h3>\n<h3><span style=\"color: #339966\">1. Plazo<\/span><\/h3>\n<p><strong>Desde el 15 de mayo hasta el d\u00eda 30 de junio de 2022<\/strong>&nbsp;estar\u00e1 habilitado en S\u00e9neca el plazo para revisar y modificar, en su caso, los datos del profesorado participante en la Organizaci\u00f3n y funcionamiento de la biblioteca escolar, as\u00ed como para cumplimentar la Memoria anual y firmar el Acta de certificaci\u00f3n de la participaci\u00f3n.<\/p>\n<p>Solo cumplimentada y validada la Memoria anual se podr\u00e1 proceder a certificar la participaci\u00f3n.<\/p>\n<p><strong>Antes de firmar el Acta de certificaci\u00f3n conviene revisar bien los datos de participantes<\/strong>.<\/p>\n<p>Tanto la cumplimentaci\u00f3n de la memoria como la realizaci\u00f3n y firma del acta de certificaci\u00f3n se realizan en S\u00e9neca<strong>&nbsp;con perfil de Coordinador\/a de Programa Educativo<\/strong>.<\/p>\n<p>La vigencia de dicho perfil caduca con la finalizaci\u00f3n del a\u00f1o escolar. Por ello hay que respetar los plazos establecidos.<\/p>\n<h3><span style=\"color: #339966\">2. Actualizaci\u00f3n de datos del profesorado participante<\/span><\/h3>\n<p>Si no se grabaron los datos del profesorado participante en S\u00e9neca ni en el periodo de grabaci\u00f3n ni en el subsanaci\u00f3n de datos, o si es necesario modificarlos, ahora se puede hacer.<\/p>\n<p>Si es necesario&nbsp;<strong>grabar o modificar<\/strong>&nbsp;los datos de la persona&nbsp;<strong>Responsable<\/strong>, debe hacerse con&nbsp;<strong>perfil de Direcci\u00f3n<\/strong>.<\/p>\n<p>Si es necesario&nbsp;<strong>modificar<\/strong>&nbsp;solamente los datos del profesorado participante en el&nbsp;<strong>Equipo de apoyo<\/strong>, se puede hacer tanto con&nbsp;<strong>perfil de Direcci\u00f3n<\/strong>&nbsp;como con&nbsp;<strong>perfil de Coordinador\/a de Programa Educativo<\/strong>.<\/p>\n<p>La&nbsp;<strong>ruta en S\u00e9neca<\/strong>&nbsp;para modificar datos del profesorado participante es:<\/p>\n<p>S\u00e9neca\/Centro\/Organizaci\u00f3n y funcionamiento de bib. Esc.\/Participantes\/Seleccionar a\u00f1o acad\u00e9mico: 2021-2022\/Seleccionar Sector: Responsable o Equipo de apoyo\/A\u00f1adir\/Marcar o desmarcar\/Aceptar<\/p>\n<h4>La modificaci\u00f3n de datos del profesorado participante paso a paso<\/h4>\n<p>&nbsp;<\/p>\n<div><iframe src=\"https:\/\/www.canva.com\/design\/DAE_D20T47A\/view?embed\"><\/iframe><\/div>\n<p><a href=\"https:\/\/www.canva.com\/design\/DAE_D20T47A\/view?utm_content=DAE_D20T47A&amp;utm_campaign=designshare&amp;utm_medium=embeds&amp;utm_source=link\" target=\"_blank\" rel=\"noopener noreferrer\">Actualizaci\u00f3n Participantes<\/a>&nbsp;de departamento comunicacion&nbsp;<\/p>\n<h3><span style=\"color: #339966\">3. Memoria anual<\/span><\/h3>\n<p>La Memoria anual la realiza la persona responsable de la biblioteca escolar con&nbsp;<strong>perfil de Coordinador\/a de Programa Educativo<\/strong>.<\/p>\n<p>La&nbsp;<strong>ruta en S\u00e9neca<\/strong>&nbsp;para realizar la Memoria es:<\/p>\n<p>S\u00e9neca\/Centro\/Organizaci\u00f3n y funcionamiento de bib. esc.\/Memorias anuales\/ Seleccionar a\u00f1o acad\u00e9mico: 2021-2022\/Memoria anual Organizaci\u00f3n y Funcionamiento de las Bibliotecas Escolares del curso 2021\/22\/Cumplimentar\/Aceptar<\/p>\n<h4>La cumplimentaci\u00f3n de la memoria anual paso a paso<\/h4>\n<p>&nbsp;<\/p>\n<div><iframe src=\"https:\/\/www.canva.com\/design\/DAE_KQ3IzjI\/view?embed\"><\/iframe><\/div>\n<p><a href=\"https:\/\/www.canva.com\/design\/DAE_KQ3IzjI\/view?utm_content=DAE_KQ3IzjI&amp;utm_campaign=designshare&amp;utm_medium=embeds&amp;utm_source=link\" target=\"_blank\" rel=\"noopener noreferrer\">Memoria anual 2021-2022&nbsp;<\/a>de departamento comunicacion&nbsp;<\/p>\n<h3><span style=\"color: #339966\">4. Certificaci\u00f3n de la participaci\u00f3n<\/span><\/h3>\n<p>El Acta de certificaci\u00f3n de la participaci\u00f3n la realiza en S\u00e9neca la persona responsable de la biblioteca escolar con&nbsp;<strong>perfil de Coordinador\/a de Programa Educativo<\/strong>.<\/p>\n<p>Requiere la&nbsp;<strong>firma digital<\/strong>&nbsp;de la persona&nbsp;<strong>responsable de la biblioteca escolar<\/strong>&nbsp;y el&nbsp;<strong>visto bueno<\/strong>, tambi\u00e9n&nbsp;<strong>con firma digital<\/strong>, del&nbsp;<strong>Director o Directora<\/strong>&nbsp;del centro.<\/p>\n<p>La&nbsp;<strong>ruta<\/strong>&nbsp;para realizarla es:<\/p>\n<p>S\u00e9neca\/Utilidades\/Documentos\/Centro\/Organizaci\u00f3n y funcionamiento de las bibliotecas \/Acta de certificaci\u00f3n de la participaci\u00f3n\/Seleccionar a\u00f1o de participaci\u00f3n: 2021-2022\/ Seleccionar participantes\/Aceptar\/Firmar<\/p>\n<p>Una vez generada y firmada correctamente por la persona responsable de la biblioteca escolar, el Acta pasar\u00e1 a la Bandeja de firmas del Director o Directora del centro, que tendr\u00e1 que darle el visto bueno firm\u00e1ndola a su vez digitalmente.&nbsp;<strong>En ning\u00fan caso se debe cambiar el nombre del documento<\/strong>.<\/p>\n<p>En los Servicios Centrales de la Consejer\u00eda se generar\u00e1n y firmar\u00e1n digitalmente los certificados individuales de la persona responsable y de los miembros del equipo de apoyo para que tengan validez ante todos los organismos.<\/p>\n<p>El certificado individual se podr\u00e1 descargar accediendo con perfil de profesorado a Centro\/Premios y proyectos educativos\/Certificaciones de participaci\u00f3n.<\/p>\n<p>Asimismo la participaci\u00f3n ser\u00e1 registrada en el sistema de gesti\u00f3n de recursos humanos (SIRhUSE), de forma que sea tenida en cuenta en el curr\u00edculum de cada profesional.<\/p>\n<h4>La firma del acta de certificaci\u00f3n paso a paso<\/h4>\n<p>&nbsp;<\/p>\n<div><iframe src=\"https:\/\/www.canva.com\/design\/DAE_Qk7s_mU\/view?embed\"><\/iframe><\/div>\n<p><a href=\"https:\/\/www.canva.com\/design\/DAE_Qk7s_mU\/view?utm_content=DAE_Qk7s_mU&amp;utm_campaign=designshare&amp;utm_medium=embeds&amp;utm_source=link\" target=\"_blank\" rel=\"noopener noreferrer\">Firmar Acta de certificaci\u00f3n<\/a>&nbsp;de departamento comunicacion&nbsp;<\/p>\n<h3><span style=\"color: #339966\">5. Recepci\u00f3n de certificados individuales de participaci\u00f3n<\/span><\/h3>\n<p>En los Servicios Centrales de la Consejer\u00eda se generar\u00e1n y firmar\u00e1n digitalmente los certificados individuales de la persona responsable y de los miembros del equipo de apoyo para que tengan validez ante todos los organismos.<\/p>\n<p>El certificado individual de cada docente se podr\u00e1 descargar de S\u00e9neca accediendo con&nbsp;<strong>perfil de profesorado<\/strong>&nbsp;a&nbsp;<strong>Centro\/Premios y proyectos educativos\/Certificaciones de participaci\u00f3n<\/strong>.<\/p>\n<p>&nbsp;<\/p>\n<\/div>\n<\/section>\n<section class=\"section_widget_abaco documentos doc_relacionados_web\">\n<header>\n<h1 class=\"titulo\">Tutoriales<\/h1>\n<\/header>\n<div class=\"wrapper-listado\">\n<ul class=\"listado\">\n<li class=\"item item_listado\">\n<div class=\"inner-item\">\n<p><a title=\"Pulse para visualizar el documento:&nbsp;Tutorial. Modificaci\u00f3n participantes Biblioteca. Memoria Anual. Acta Certificaci\u00f3n\" href=\"https:\/\/www.juntadeandalucia.es\/educacion\/portals\/delegate\/content\/f8d51c5d-004c-41d7-8c04-d28a3251f28f\/Tutorial.%20Modificaci%C3%B3n%20participantes%20Biblioteca.%20Memoria%20Anual.%20Acta%20Certificaci%C3%B3n\" target=\"_blank\" rel=\"noopener noreferrer\">Tutorial. Modificaci\u00f3n participantes Biblioteca. Memoria Anual. Acta Certificaci\u00f3n (PDF \/ 881.09Kb)<\/a><\/p>\n<\/div>\n<\/li>\n<li class=\"item item_listado\">\n<div class=\"inner-item\">\n<p><a title=\"Pulse para visualizar el documento:&nbsp;Paso a paso. Actualizaci\u00f3n de participantes 21-22\" href=\"https:\/\/www.juntadeandalucia.es\/educacion\/portals\/delegate\/content\/1b79c65d-676b-4cf8-9595-3eb6adfa95d4\/Paso%20a%20paso.%20Actualizaci%C3%B3n%20de%20participantes%2021-22\" target=\"_blank\" rel=\"noopener noreferrer\">Paso a paso. Actualizaci\u00f3n de participantes 21-22 (PDF \/ 1217.75Kb)<\/a><\/p>\n<\/div>\n<\/li>\n<li class=\"item item_listado\">\n<div class=\"inner-item\">\n<p><a title=\"Pulse para visualizar el documento:&nbsp;Paso a paso. Memoria anual 2021-2022\" href=\"https:\/\/www.juntadeandalucia.es\/educacion\/portals\/delegate\/content\/4e7bcf09-b488-40e7-b0d5-7b6dca3d4372\/Paso%20a%20paso.%20Memoria%20anual%202021-2022\" target=\"_blank\" rel=\"noopener noreferrer\">Paso a paso. Memoria anual 2021-2022 (PDF \/ 339.25Kb)<\/a><\/p>\n<\/div>\n<\/li>\n<li class=\"item item_listado\">\n<div class=\"inner-item\">\n<p><a title=\"Pulse para visualizar el documento:&nbsp;Paso a paso. Firma del Acta de certificaci\u00f3n de la participaci\u00f3n\" href=\"https:\/\/www.juntadeandalucia.es\/educacion\/portals\/delegate\/content\/43e502b3-fd50-48de-a852-b36a43455a8e\/Paso%20a%20paso.%20Firma%20del%20Acta%20de%20certificaci%C3%B3n%20de%20la%20participaci%C3%B3n\" target=\"_blank\" rel=\"noopener noreferrer\">Paso a paso. Firma del Acta de certificaci\u00f3n de la participaci\u00f3n (PDF \/ 704.67Kb)<\/a><\/p>\n<\/div>\n<\/li>\n<\/ul>\n<\/div>\n<\/section>\n","protected":false},"excerpt":{"rendered":"<p>Plazo, perfiles y rutas en S\u00e9neca para actualizar participantes, cumplimentar la memoria anual y certificar la participaci\u00f3n en la Organizaci\u00f3n y funcionamiento de las bibliotecas escolares 2021-2022 1. Plazo Desde el 15 de mayo hasta&#46;&#46;&#46;<\/p>\n","protected":false},"author":8078,"featured_media":4115,"comment_status":"open","ping_status":"open","sticky":false,"template":"","format":"standard","meta":{"ngg_post_thumbnail":0,"footnotes":""},"categories":[2187895,2194778,11909],"tags":[2194896,2194822,2195004,2195006,2194994,2194995,2195005],"aioseo_notices":[],"post_mailing_queue_ids":[],"_links":{"self":[{"href":"https:\/\/blogsaverroes.juntadeandalucia.es\/becreadelegacionmalaga\/wp-json\/wp\/v2\/posts\/4113"}],"collection":[{"href":"https:\/\/blogsaverroes.juntadeandalucia.es\/becreadelegacionmalaga\/wp-json\/wp\/v2\/posts"}],"about":[{"href":"https:\/\/blogsaverroes.juntadeandalucia.es\/becreadelegacionmalaga\/wp-json\/wp\/v2\/types\/post"}],"author":[{"embeddable":true,"href":"https:\/\/blogsaverroes.juntadeandalucia.es\/becreadelegacionmalaga\/wp-json\/wp\/v2\/users\/8078"}],"replies":[{"embeddable":true,"href":"https:\/\/blogsaverroes.juntadeandalucia.es\/becreadelegacionmalaga\/wp-json\/wp\/v2\/comments?post=4113"}],"version-history":[{"count":4,"href":"https:\/\/blogsaverroes.juntadeandalucia.es\/becreadelegacionmalaga\/wp-json\/wp\/v2\/posts\/4113\/revisions"}],"predecessor-version":[{"id":4118,"href":"https:\/\/blogsaverroes.juntadeandalucia.es\/becreadelegacionmalaga\/wp-json\/wp\/v2\/posts\/4113\/revisions\/4118"}],"wp:featuredmedia":[{"embeddable":true,"href":"https:\/\/blogsaverroes.juntadeandalucia.es\/becreadelegacionmalaga\/wp-json\/wp\/v2\/media\/4115"}],"wp:attachment":[{"href":"https:\/\/blogsaverroes.juntadeandalucia.es\/becreadelegacionmalaga\/wp-json\/wp\/v2\/media?parent=4113"}],"wp:term":[{"taxonomy":"category","embeddable":true,"href":"https:\/\/blogsaverroes.juntadeandalucia.es\/becreadelegacionmalaga\/wp-json\/wp\/v2\/categories?post=4113"},{"taxonomy":"post_tag","embeddable":true,"href":"https:\/\/blogsaverroes.juntadeandalucia.es\/becreadelegacionmalaga\/wp-json\/wp\/v2\/tags?post=4113"}],"curies":[{"name":"wp","href":"https:\/\/api.w.org\/{rel}","templated":true}]}}