{"id":2557,"date":"2021-01-28T10:00:02","date_gmt":"2021-01-28T10:00:02","guid":{"rendered":"http:\/\/blogsaverroes.juntadeandalucia.es\/belengines\/?p=2557"},"modified":"2021-02-12T18:39:24","modified_gmt":"2021-02-12T18:39:24","slug":"dia-de-la-paz-2","status":"publish","type":"post","link":"https:\/\/blogsaverroes.juntadeandalucia.es\/belengines\/2021\/01\/28\/dia-de-la-paz-2\/","title":{"rendered":"D\u00cdA DE LA PAZ."},"content":{"rendered":"<p><a href=\"https:\/\/blogsaverroes.juntadeandalucia.es\/belengines\/files\/2021\/01\/Ficus-scaled.jpg\"><img loading=\"lazy\" decoding=\"async\" class=\"alignnone size-medium wp-image-2573\" src=\"https:\/\/blogsaverroes.juntadeandalucia.es\/belengines\/files\/2021\/01\/Ficus-300x225.jpg\" alt=\"\" width=\"300\" height=\"225\" srcset=\"https:\/\/blogsaverroes.juntadeandalucia.es\/belengines\/files\/2021\/01\/Ficus-300x225.jpg 300w, https:\/\/blogsaverroes.juntadeandalucia.es\/belengines\/files\/2021\/01\/Ficus-1024x768.jpg 1024w, https:\/\/blogsaverroes.juntadeandalucia.es\/belengines\/files\/2021\/01\/Ficus-768x576.jpg 768w, https:\/\/blogsaverroes.juntadeandalucia.es\/belengines\/files\/2021\/01\/Ficus-1536x1152.jpg 1536w, https:\/\/blogsaverroes.juntadeandalucia.es\/belengines\/files\/2021\/01\/Ficus-2048x1536.jpg 2048w, https:\/\/blogsaverroes.juntadeandalucia.es\/belengines\/files\/2021\/01\/Ficus-scaled.jpg 1600w\" sizes=\"(max-width: 300px) 100vw, 300px\" \/><\/a><a href=\"https:\/\/blogsaverroes.juntadeandalucia.es\/belengines\/files\/2021\/01\/Foto-Paz.--scaled.jpg\"><img loading=\"lazy\" decoding=\"async\" class=\"alignnone size-medium wp-image-2558\" src=\"https:\/\/blogsaverroes.juntadeandalucia.es\/belengines\/files\/2021\/01\/Foto-Paz.--300x225.jpg\" alt=\"\" width=\"300\" height=\"225\" srcset=\"https:\/\/blogsaverroes.juntadeandalucia.es\/belengines\/files\/2021\/01\/Foto-Paz.--300x225.jpg 300w, https:\/\/blogsaverroes.juntadeandalucia.es\/belengines\/files\/2021\/01\/Foto-Paz.--1024x768.jpg 1024w, https:\/\/blogsaverroes.juntadeandalucia.es\/belengines\/files\/2021\/01\/Foto-Paz.--768x576.jpg 768w, https:\/\/blogsaverroes.juntadeandalucia.es\/belengines\/files\/2021\/01\/Foto-Paz.--1536x1152.jpg 1536w, https:\/\/blogsaverroes.juntadeandalucia.es\/belengines\/files\/2021\/01\/Foto-Paz.--2048x1536.jpg 2048w, https:\/\/blogsaverroes.juntadeandalucia.es\/belengines\/files\/2021\/01\/Foto-Paz.--24x18.jpg 24w, https:\/\/blogsaverroes.juntadeandalucia.es\/belengines\/files\/2021\/01\/Foto-Paz.--36x27.jpg 36w, https:\/\/blogsaverroes.juntadeandalucia.es\/belengines\/files\/2021\/01\/Foto-Paz.--48x36.jpg 48w, https:\/\/blogsaverroes.juntadeandalucia.es\/belengines\/files\/2021\/01\/Foto-Paz.--scaled.jpg 1600w\" sizes=\"(max-width: 300px) 100vw, 300px\" \/><\/a><\/p>\n<div dir=\"auto\">Este curso para el d\u00eda de la Paz: Vamos a trabajar el concepto de paz desde las malas conductas y acciones y como valor innato que fomentamos a trav\u00e9s de la autoestima, del conocimiento de nuestras propias emociones ,del reconocimiento de las emociones de los dem\u00e1s y de la empat\u00eda.<\/div>\n<div dir=\"auto\">\u00abLa vacuna del buen trato.\u00bb<\/div>\n<div dir=\"auto\">La violencia como los virus producen v\u00edctimas:todos salimos perdiendo cuando estalla.<\/div>\n","protected":false},"excerpt":{"rendered":"<p>Este curso para el d\u00eda de la Paz: Vamos a trabajar el concepto de paz desde las malas conductas y acciones y como valor innato que fomentamos a trav\u00e9s de la autoestima, del conocimiento de nuestras propias emociones ,del reconocimiento de las emociones de los dem\u00e1s y de la empat\u00eda. \u00abLa vacuna del buen trato.\u00bb [&hellip;]<\/p>\n","protected":false},"author":1921,"featured_media":0,"comment_status":"open","ping_status":"open","sticky":false,"template":"","format":"standard","meta":{"_et_pb_use_builder":"","_et_pb_old_content":"","_et_gb_content_width":"","ngg_post_thumbnail":0,"footnotes":""},"categories":[11909],"tags":[],"aioseo_notices":[],"_links":{"self":[{"href":"https:\/\/blogsaverroes.juntadeandalucia.es\/belengines\/wp-json\/wp\/v2\/posts\/2557"}],"collection":[{"href":"https:\/\/blogsaverroes.juntadeandalucia.es\/belengines\/wp-json\/wp\/v2\/posts"}],"about":[{"href":"https:\/\/blogsaverroes.juntadeandalucia.es\/belengines\/wp-json\/wp\/v2\/types\/post"}],"author":[{"embeddable":true,"href":"https:\/\/blogsaverroes.juntadeandalucia.es\/belengines\/wp-json\/wp\/v2\/users\/1921"}],"replies":[{"embeddable":true,"href":"https:\/\/blogsaverroes.juntadeandalucia.es\/belengines\/wp-json\/wp\/v2\/comments?post=2557"}],"version-history":[{"count":2,"href":"https:\/\/blogsaverroes.juntadeandalucia.es\/belengines\/wp-json\/wp\/v2\/posts\/2557\/revisions"}],"predecessor-version":[{"id":2574,"href":"https:\/\/blogsaverroes.juntadeandalucia.es\/belengines\/wp-json\/wp\/v2\/posts\/2557\/revisions\/2574"}],"wp:attachment":[{"href":"https:\/\/blogsaverroes.juntadeandalucia.es\/belengines\/wp-json\/wp\/v2\/media?parent=2557"}],"wp:term":[{"taxonomy":"category","embeddable":true,"href":"https:\/\/blogsaverroes.juntadeandalucia.es\/belengines\/wp-json\/wp\/v2\/categories?post=2557"},{"taxonomy":"post_tag","embeddable":true,"href":"https:\/\/blogsaverroes.juntadeandalucia.es\/belengines\/wp-json\/wp\/v2\/tags?post=2557"}],"curies":[{"name":"wp","href":"https:\/\/api.w.org\/{rel}","templated":true}]}}