{"id":3094,"date":"2022-03-08T10:28:29","date_gmt":"2022-03-08T10:28:29","guid":{"rendered":"http:\/\/blogsaverroes.juntadeandalucia.es\/belengines\/?p=3094"},"modified":"2022-03-10T12:19:32","modified_gmt":"2022-03-10T12:19:32","slug":"8-de-marzo","status":"publish","type":"post","link":"https:\/\/blogsaverroes.juntadeandalucia.es\/belengines\/2022\/03\/08\/8-de-marzo\/","title":{"rendered":"8 DE MARZO.JUNTOS POR LA IGUALDAD."},"content":{"rendered":"<p>Este 8 de Marzo, bajo el lema \u201cJUNT@S POR LA IGUALDAD\u201dreivindicamos un principio que va m\u00e1s all\u00e1 de la conciliaci\u00f3n familiar y laboral; la corresponsabilidad, que persigue, como fin fundamental, el reparto efectivo de las tareas y obligaciones entre hombres y mujeres. No se trata \u00fanicamente de conceder medios a los trabajadores y trabajadoras para que les resulte m\u00e1s f\u00e1cil compatibilizar trabajo y obligaciones personales y familiares, sino del reparto equitativo de \u00e9stas, de tal forma que sean asumidas en condiciones de igualdad.<\/p>\n<p>As\u00ed, apostamos por la corresponsabilidad de g\u00e9nero, el reparto de los cuidados y las masculinidades libres e igualitarias como premisas sin las cuales no se lograr\u00e1 una verdadera igualdad real y efectiva.<\/p>\n<p>Corresponsabilidad es compartir las tareas entre hombres y mujeres, el espacio p\u00fablico y privado, es deconstruir los roles tradicionales de g\u00e9nero, participar en la misma medida en el trabajo no remunerado y remunerado, teniendo por ello, las mismas oportunidades para desarrollar la vida personal, familiar y laboral.<\/p>\n<p>La igualdad es una causa de todos y todas. Libera tambi\u00e9n a los hombres de las consecuencias del machismo, posibilit\u00e1ndoles espacios de relaciones interpersonales, emocionales, de crianza,etc. y vivir una masculinidad libre e igualitaria.<\/p>\n<p>Queda mucho camino por recorrer, pero JUNT@S POR LA IGUALDAD, lo conseguiremos.<\/p>\n<p><a href=\"https:\/\/blogsaverroes.juntadeandalucia.es\/belengines\/files\/2022\/03\/D\u00cdA-DE-LA-MUJER.-1.jpg\"><img loading=\"lazy\" decoding=\"async\" class=\"alignnone size-medium wp-image-3095\" src=\"https:\/\/blogsaverroes.juntadeandalucia.es\/belengines\/files\/2022\/03\/D\u00cdA-DE-LA-MUJER.-1-138x300.jpg\" alt=\"\" width=\"138\" height=\"300\" srcset=\"https:\/\/blogsaverroes.juntadeandalucia.es\/belengines\/files\/2022\/03\/D\u00cdA-DE-LA-MUJER.-1-138x300.jpg 138w, https:\/\/blogsaverroes.juntadeandalucia.es\/belengines\/files\/2022\/03\/D\u00cdA-DE-LA-MUJER.-1-472x1024.jpg 472w, https:\/\/blogsaverroes.juntadeandalucia.es\/belengines\/files\/2022\/03\/D\u00cdA-DE-LA-MUJER.-1-708x1536.jpg 708w, https:\/\/blogsaverroes.juntadeandalucia.es\/belengines\/files\/2022\/03\/D\u00cdA-DE-LA-MUJER.-1.jpg 738w\" sizes=\"(max-width: 138px) 100vw, 138px\" \/><\/a> <a href=\"https:\/\/blogsaverroes.juntadeandalucia.es\/belengines\/files\/2022\/03\/D\u00cdA-DE-LA-MUJER-2.jpg\"><img loading=\"lazy\" decoding=\"async\" class=\"alignnone size-medium wp-image-3096\" src=\"https:\/\/blogsaverroes.juntadeandalucia.es\/belengines\/files\/2022\/03\/D\u00cdA-DE-LA-MUJER-2-300x138.jpg\" alt=\"\" width=\"300\" height=\"138\" srcset=\"https:\/\/blogsaverroes.juntadeandalucia.es\/belengines\/files\/2022\/03\/D\u00cdA-DE-LA-MUJER-2-300x138.jpg 300w, https:\/\/blogsaverroes.juntadeandalucia.es\/belengines\/files\/2022\/03\/D\u00cdA-DE-LA-MUJER-2-1024x472.jpg 1024w, https:\/\/blogsaverroes.juntadeandalucia.es\/belengines\/files\/2022\/03\/D\u00cdA-DE-LA-MUJER-2-768x354.jpg 768w, https:\/\/blogsaverroes.juntadeandalucia.es\/belengines\/files\/2022\/03\/D\u00cdA-DE-LA-MUJER-2-1536x708.jpg 1536w, https:\/\/blogsaverroes.juntadeandalucia.es\/belengines\/files\/2022\/03\/D\u00cdA-DE-LA-MUJER-2.jpg 1600w\" sizes=\"(max-width: 300px) 100vw, 300px\" \/><\/a><\/p>\n<p><a href=\"https:\/\/blogsaverroes.juntadeandalucia.es\/belengines\/files\/2022\/03\/Logo-pacto-de-ESTADO.jpeg\"><img loading=\"lazy\" decoding=\"async\" class=\"alignnone size-medium wp-image-3133\" src=\"https:\/\/blogsaverroes.juntadeandalucia.es\/belengines\/files\/2022\/03\/Logo-pacto-de-ESTADO-300x47.jpeg\" alt=\"\" width=\"300\" height=\"47\" srcset=\"https:\/\/blogsaverroes.juntadeandalucia.es\/belengines\/files\/2022\/03\/Logo-pacto-de-ESTADO-300x47.jpeg 300w, https:\/\/blogsaverroes.juntadeandalucia.es\/belengines\/files\/2022\/03\/Logo-pacto-de-ESTADO-1024x159.jpeg 1024w, https:\/\/blogsaverroes.juntadeandalucia.es\/belengines\/files\/2022\/03\/Logo-pacto-de-ESTADO-768x119.jpeg 768w, https:\/\/blogsaverroes.juntadeandalucia.es\/belengines\/files\/2022\/03\/Logo-pacto-de-ESTADO.jpeg 1198w\" sizes=\"(max-width: 300px) 100vw, 300px\" \/><\/a><\/p>\n","protected":false},"excerpt":{"rendered":"<p>Este 8 de Marzo, bajo el lema \u201cJUNT@S POR LA IGUALDAD\u201dreivindicamos un principio que va m\u00e1s all\u00e1 de la conciliaci\u00f3n familiar y laboral; la corresponsabilidad, que persigue, como fin fundamental, el reparto efectivo de las tareas y obligaciones entre hombres y mujeres. No se trata \u00fanicamente de conceder medios a los trabajadores y trabajadoras para [&hellip;]<\/p>\n","protected":false},"author":1921,"featured_media":0,"comment_status":"open","ping_status":"open","sticky":false,"template":"","format":"standard","meta":{"_et_pb_use_builder":"","_et_pb_old_content":"","_et_gb_content_width":"","ngg_post_thumbnail":0,"footnotes":""},"categories":[11909],"tags":[],"aioseo_notices":[],"_links":{"self":[{"href":"https:\/\/blogsaverroes.juntadeandalucia.es\/belengines\/wp-json\/wp\/v2\/posts\/3094"}],"collection":[{"href":"https:\/\/blogsaverroes.juntadeandalucia.es\/belengines\/wp-json\/wp\/v2\/posts"}],"about":[{"href":"https:\/\/blogsaverroes.juntadeandalucia.es\/belengines\/wp-json\/wp\/v2\/types\/post"}],"author":[{"embeddable":true,"href":"https:\/\/blogsaverroes.juntadeandalucia.es\/belengines\/wp-json\/wp\/v2\/users\/1921"}],"replies":[{"embeddable":true,"href":"https:\/\/blogsaverroes.juntadeandalucia.es\/belengines\/wp-json\/wp\/v2\/comments?post=3094"}],"version-history":[{"count":3,"href":"https:\/\/blogsaverroes.juntadeandalucia.es\/belengines\/wp-json\/wp\/v2\/posts\/3094\/revisions"}],"predecessor-version":[{"id":3141,"href":"https:\/\/blogsaverroes.juntadeandalucia.es\/belengines\/wp-json\/wp\/v2\/posts\/3094\/revisions\/3141"}],"wp:attachment":[{"href":"https:\/\/blogsaverroes.juntadeandalucia.es\/belengines\/wp-json\/wp\/v2\/media?parent=3094"}],"wp:term":[{"taxonomy":"category","embeddable":true,"href":"https:\/\/blogsaverroes.juntadeandalucia.es\/belengines\/wp-json\/wp\/v2\/categories?post=3094"},{"taxonomy":"post_tag","embeddable":true,"href":"https:\/\/blogsaverroes.juntadeandalucia.es\/belengines\/wp-json\/wp\/v2\/tags?post=3094"}],"curies":[{"name":"wp","href":"https:\/\/api.w.org\/{rel}","templated":true}]}}