{"id":133,"date":"2021-10-24T10:25:51","date_gmt":"2021-10-24T10:25:51","guid":{"rendered":"https:\/\/blogsaverroes.juntadeandalucia.es\/biblioalvar\/?p=133"},"modified":"2021-10-24T10:32:44","modified_gmt":"2021-10-24T10:32:44","slug":"feria-del-libro","status":"publish","type":"post","link":"https:\/\/blogsaverroes.juntadeandalucia.es\/biblioalvar\/2021\/10\/24\/feria-del-libro\/","title":{"rendered":"BUENA ACOGIDA DE LA FERIA DEL LIBRO ENTRE NUESTRO ALUMNADO"},"content":{"rendered":"<p>Esta semana&nbsp; hemos celebrado la \u00abFeria del libro\u00bb en nuestro instituto. Durante estos d\u00edas, el alumnado de nuestro centro ha visitado la exposici\u00f3n en el sal\u00f3n de actos y han sido muchos los que han aprovechado esta oportunidad para conocer y comprar aquellas obras que les han interesado.<\/p>\n<p><img loading=\"lazy\" decoding=\"async\" class=\"size-medium wp-image-134\" src=\"https:\/\/blogsaverroes.juntadeandalucia.es\/biblioalvar\/files\/2021\/10\/IMG_20211024_120318-300x276.jpg\" alt=\"\" width=\"300\" height=\"276\" srcset=\"https:\/\/blogsaverroes.juntadeandalucia.es\/biblioalvar\/files\/2021\/10\/IMG_20211024_120318-300x276.jpg 300w, https:\/\/blogsaverroes.juntadeandalucia.es\/biblioalvar\/files\/2021\/10\/IMG_20211024_120318-1024x943.jpg 1024w, https:\/\/blogsaverroes.juntadeandalucia.es\/biblioalvar\/files\/2021\/10\/IMG_20211024_120318-768x707.jpg 768w, https:\/\/blogsaverroes.juntadeandalucia.es\/biblioalvar\/files\/2021\/10\/IMG_20211024_120318-1536x1415.jpg 1536w, https:\/\/blogsaverroes.juntadeandalucia.es\/biblioalvar\/files\/2021\/10\/IMG_20211024_120318.jpg 2023w\" sizes=\"(max-width: 300px) 100vw, 300px\" \/><\/p>\n<p><img loading=\"lazy\" decoding=\"async\" class=\"alignnone size-medium wp-image-136\" src=\"https:\/\/blogsaverroes.juntadeandalucia.es\/biblioalvar\/files\/2021\/10\/IMG_20211021_083758-300x225.jpg\" alt=\"\" width=\"300\" height=\"225\" srcset=\"https:\/\/blogsaverroes.juntadeandalucia.es\/biblioalvar\/files\/2021\/10\/IMG_20211021_083758-300x225.jpg 300w, https:\/\/blogsaverroes.juntadeandalucia.es\/biblioalvar\/files\/2021\/10\/IMG_20211021_083758-1024x768.jpg 1024w, https:\/\/blogsaverroes.juntadeandalucia.es\/biblioalvar\/files\/2021\/10\/IMG_20211021_083758-768x576.jpg 768w, https:\/\/blogsaverroes.juntadeandalucia.es\/biblioalvar\/files\/2021\/10\/IMG_20211021_083758-1536x1152.jpg 1536w, https:\/\/blogsaverroes.juntadeandalucia.es\/biblioalvar\/files\/2021\/10\/IMG_20211021_083758-2048x1536.jpg 2048w\" sizes=\"(max-width: 300px) 100vw, 300px\" \/><\/p>\n<p>&nbsp;<\/p>\n<p>Adem\u00e1s,&nbsp; tambi\u00e9n ha sido una buena ocasi\u00f3n para conseguir los t\u00edtulos de las lecturas obligatorias de este curso.&nbsp; Un a\u00f1o m\u00e1s, hemos podido comprobar que esta actividad es muy bien recibida entre nuestros alumnos que han vuelto a demostrarnos su inter\u00e9s por la literatura. Muchas gracias a todos\/as.&nbsp;<\/p>\n","protected":false},"excerpt":{"rendered":"<p>Esta semana&nbsp; hemos celebrado la \u00abFeria del libro\u00bb en nuestro instituto. Durante estos d\u00edas, el alumnado de nuestro centro ha visitado la exposici\u00f3n en el sal\u00f3n de actos y han sido muchos los que&#46;&#46;&#46;<\/p>\n","protected":false},"author":12615,"featured_media":136,"comment_status":"open","ping_status":"open","sticky":false,"template":"","format":"standard","meta":{"ngg_post_thumbnail":0,"footnotes":""},"categories":[11],"tags":[],"aioseo_notices":[],"_links":{"self":[{"href":"https:\/\/blogsaverroes.juntadeandalucia.es\/biblioalvar\/wp-json\/wp\/v2\/posts\/133"}],"collection":[{"href":"https:\/\/blogsaverroes.juntadeandalucia.es\/biblioalvar\/wp-json\/wp\/v2\/posts"}],"about":[{"href":"https:\/\/blogsaverroes.juntadeandalucia.es\/biblioalvar\/wp-json\/wp\/v2\/types\/post"}],"author":[{"embeddable":true,"href":"https:\/\/blogsaverroes.juntadeandalucia.es\/biblioalvar\/wp-json\/wp\/v2\/users\/12615"}],"replies":[{"embeddable":true,"href":"https:\/\/blogsaverroes.juntadeandalucia.es\/biblioalvar\/wp-json\/wp\/v2\/comments?post=133"}],"version-history":[{"count":6,"href":"https:\/\/blogsaverroes.juntadeandalucia.es\/biblioalvar\/wp-json\/wp\/v2\/posts\/133\/revisions"}],"predecessor-version":[{"id":142,"href":"https:\/\/blogsaverroes.juntadeandalucia.es\/biblioalvar\/wp-json\/wp\/v2\/posts\/133\/revisions\/142"}],"wp:featuredmedia":[{"embeddable":true,"href":"https:\/\/blogsaverroes.juntadeandalucia.es\/biblioalvar\/wp-json\/wp\/v2\/media\/136"}],"wp:attachment":[{"href":"https:\/\/blogsaverroes.juntadeandalucia.es\/biblioalvar\/wp-json\/wp\/v2\/media?parent=133"}],"wp:term":[{"taxonomy":"category","embeddable":true,"href":"https:\/\/blogsaverroes.juntadeandalucia.es\/biblioalvar\/wp-json\/wp\/v2\/categories?post=133"},{"taxonomy":"post_tag","embeddable":true,"href":"https:\/\/blogsaverroes.juntadeandalucia.es\/biblioalvar\/wp-json\/wp\/v2\/tags?post=133"}],"curies":[{"name":"wp","href":"https:\/\/api.w.org\/{rel}","templated":true}]}}