{"id":220,"date":"2022-04-21T17:15:03","date_gmt":"2022-04-21T17:15:03","guid":{"rendered":"https:\/\/blogsaverroes.juntadeandalucia.es\/biblioalvar\/?p=220"},"modified":"2022-04-21T17:42:39","modified_gmt":"2022-04-21T17:42:39","slug":"semana-del-libro","status":"publish","type":"post","link":"https:\/\/blogsaverroes.juntadeandalucia.es\/biblioalvar\/2022\/04\/21\/semana-del-libro\/","title":{"rendered":"SEMANA DEL LIBRO"},"content":{"rendered":"<p><img loading=\"lazy\" decoding=\"async\" class=\"aligncenter wp-image-221\" src=\"https:\/\/blogsaverroes.juntadeandalucia.es\/biblioalvar\/files\/2022\/04\/IMG_20220421_124648_edit_21207794233742-210x300.jpg\" alt=\"\" width=\"258\" height=\"368\"><\/p>\n<p>Desde el Departamento de Lengua castellana y Literatura-Cl\u00e1sicas, y en colaboraci\u00f3n con la Biblioteca y el Departamento de Coeducaci\u00f3n, hemos preparado un programa de actividades para celebrar la Semana del Libro en el que hemos querido unir la tem\u00e1tica \u00abMujer, vida y Literatura\u00bb.<\/p>\n","protected":false},"excerpt":{"rendered":"<p>Desde el Departamento de Lengua castellana y Literatura-Cl\u00e1sicas, y en colaboraci\u00f3n con la Biblioteca y el Departamento de Coeducaci\u00f3n, hemos preparado un programa de actividades para celebrar la Semana del Libro en el que&#46;&#46;&#46;<\/p>\n","protected":false},"author":12615,"featured_media":221,"comment_status":"open","ping_status":"open","sticky":false,"template":"","format":"standard","meta":{"ngg_post_thumbnail":0,"footnotes":""},"categories":[11],"tags":[],"aioseo_notices":[],"_links":{"self":[{"href":"https:\/\/blogsaverroes.juntadeandalucia.es\/biblioalvar\/wp-json\/wp\/v2\/posts\/220"}],"collection":[{"href":"https:\/\/blogsaverroes.juntadeandalucia.es\/biblioalvar\/wp-json\/wp\/v2\/posts"}],"about":[{"href":"https:\/\/blogsaverroes.juntadeandalucia.es\/biblioalvar\/wp-json\/wp\/v2\/types\/post"}],"author":[{"embeddable":true,"href":"https:\/\/blogsaverroes.juntadeandalucia.es\/biblioalvar\/wp-json\/wp\/v2\/users\/12615"}],"replies":[{"embeddable":true,"href":"https:\/\/blogsaverroes.juntadeandalucia.es\/biblioalvar\/wp-json\/wp\/v2\/comments?post=220"}],"version-history":[{"count":3,"href":"https:\/\/blogsaverroes.juntadeandalucia.es\/biblioalvar\/wp-json\/wp\/v2\/posts\/220\/revisions"}],"predecessor-version":[{"id":228,"href":"https:\/\/blogsaverroes.juntadeandalucia.es\/biblioalvar\/wp-json\/wp\/v2\/posts\/220\/revisions\/228"}],"wp:featuredmedia":[{"embeddable":true,"href":"https:\/\/blogsaverroes.juntadeandalucia.es\/biblioalvar\/wp-json\/wp\/v2\/media\/221"}],"wp:attachment":[{"href":"https:\/\/blogsaverroes.juntadeandalucia.es\/biblioalvar\/wp-json\/wp\/v2\/media?parent=220"}],"wp:term":[{"taxonomy":"category","embeddable":true,"href":"https:\/\/blogsaverroes.juntadeandalucia.es\/biblioalvar\/wp-json\/wp\/v2\/categories?post=220"},{"taxonomy":"post_tag","embeddable":true,"href":"https:\/\/blogsaverroes.juntadeandalucia.es\/biblioalvar\/wp-json\/wp\/v2\/tags?post=220"}],"curies":[{"name":"wp","href":"https:\/\/api.w.org\/{rel}","templated":true}]}}