{"id":491,"date":"2022-12-17T18:12:16","date_gmt":"2022-12-17T18:12:16","guid":{"rendered":"https:\/\/blogsaverroes.juntadeandalucia.es\/biblioalvar\/?p=491"},"modified":"2022-12-18T11:51:35","modified_gmt":"2022-12-18T11:51:35","slug":"taller-de-haikus","status":"publish","type":"post","link":"https:\/\/blogsaverroes.juntadeandalucia.es\/biblioalvar\/2022\/12\/17\/taller-de-haikus\/","title":{"rendered":"TALLER DE HAIKUS CON 2\u00ba ESO"},"content":{"rendered":"<p>&nbsp; &nbsp; &nbsp; &nbsp; &nbsp; &nbsp; &nbsp; &nbsp; &nbsp; &nbsp; &nbsp; &nbsp; &nbsp; &nbsp; &nbsp; &nbsp; &nbsp; &nbsp; &nbsp; &nbsp; &nbsp; &nbsp; &nbsp; &nbsp; &nbsp;<img loading=\"lazy\" decoding=\"async\" class=\"alignnone size-medium wp-image-503\" src=\"https:\/\/blogsaverroes.juntadeandalucia.es\/biblioalvar\/files\/2022\/12\/IMG-20221110-WA0008-296x300.jpg\" alt=\"\" width=\"296\" height=\"300\" srcset=\"https:\/\/blogsaverroes.juntadeandalucia.es\/biblioalvar\/files\/2022\/12\/IMG-20221110-WA0008-296x300.jpg 296w, https:\/\/blogsaverroes.juntadeandalucia.es\/biblioalvar\/files\/2022\/12\/IMG-20221110-WA0008-1009x1024.jpg 1009w, https:\/\/blogsaverroes.juntadeandalucia.es\/biblioalvar\/files\/2022\/12\/IMG-20221110-WA0008-768x779.jpg 768w, https:\/\/blogsaverroes.juntadeandalucia.es\/biblioalvar\/files\/2022\/12\/IMG-20221110-WA0008-80x80.jpg 80w, https:\/\/blogsaverroes.juntadeandalucia.es\/biblioalvar\/files\/2022\/12\/IMG-20221110-WA0008.jpg 1368w\" sizes=\"(max-width: 296px) 100vw, 296px\" \/><\/p>\n<p>El alumnado de 2\u00baeso C ha tenido la oportunidad de participar en un taller de haikus impartido por la escritora y especialista en esta poes\u00eda japonesa, Pilar Rosell\u00f3. La actividad ha contado con dos sesiones&nbsp; en la que los alumnos han podido conocer la sencillez y profundidad de estos versos orientales. Durante el primer d\u00eda, la ponente les introdujo algunos conceptos relacionadas con la cultura nipona que les&nbsp; ayud\u00f3 a acercarse a la sensibilidad que se percibe y que se transmite en estos poemas.&nbsp; Gracias a su explicaci\u00f3n aprendieron que los haikus entra\u00f1an un sentimiento de admiraci\u00f3n o fascinaci\u00f3n del poeta respecto a la contemplaci\u00f3n de la naturaleza. Un concepto que pondr\u00edan en pr\u00e1ctica en la segunda sesi\u00f3n del taller. De hecho, en esta segunda parte&nbsp; de la actividad, los alumnos comenzaron a escribir sus propios versos. Finalmente, para redactar sus poemas, algunos se inspiraron en las magn\u00edficas fotograf\u00edas de la profesora y fot\u00f3grafa, Ana Retamero.<\/p>\n<p>Aqu\u00ed os mostramos algunos de los haikus escritos por nuestro alumnado, esperamos que os gusten, a nosotros nos han encantado.&nbsp;<\/p>\n\n\t\t<style>\n\t\t\t#gallery-1 {\n\t\t\t\tmargin: auto;\n\t\t\t}\n\t\t\t#gallery-1 .gallery-item {\n\t\t\t\tfloat: left;\n\t\t\t\tmargin-top: 10px;\n\t\t\t\ttext-align: center;\n\t\t\t\twidth: 33%;\n\t\t\t}\n\t\t\t#gallery-1 img {\n\t\t\t\tborder: 2px solid #cfcfcf;\n\t\t\t}\n\t\t\t#gallery-1 .gallery-caption {\n\t\t\t\tmargin-left: 0;\n\t\t\t}\n\t\t\t\/* see gallery_shortcode() in wp-includes\/media.php *\/\n\t\t<\/style>\n\t\t<div id='gallery-1' class='gallery galleryid-491 gallery-columns-3 gallery-size-thumbnail'><dl class='gallery-item'>\n\t\t\t<dt class='gallery-icon landscape'>\n\t\t\t\t<a href='https:\/\/blogsaverroes.juntadeandalucia.es\/biblioalvar\/2022\/12\/17\/taller-de-haikus\/hdrpl-16\/'><img loading=\"lazy\" decoding=\"async\" width=\"150\" height=\"150\" src=\"https:\/\/blogsaverroes.juntadeandalucia.es\/biblioalvar\/files\/2022\/12\/IMG_20221207_115350_edit_1099326892193188-150x150.jpg\" class=\"attachment-thumbnail size-thumbnail\" alt=\"\" srcset=\"https:\/\/blogsaverroes.juntadeandalucia.es\/biblioalvar\/files\/2022\/12\/IMG_20221207_115350_edit_1099326892193188-150x150.jpg 150w, https:\/\/blogsaverroes.juntadeandalucia.es\/biblioalvar\/files\/2022\/12\/IMG_20221207_115350_edit_1099326892193188-80x80.jpg 80w, https:\/\/blogsaverroes.juntadeandalucia.es\/biblioalvar\/files\/2022\/12\/IMG_20221207_115350_edit_1099326892193188-320x320.jpg 320w\" sizes=\"(max-width: 150px) 100vw, 150px\" \/><\/a>\n\t\t\t<\/dt><\/dl><dl class='gallery-item'>\n\t\t\t<dt class='gallery-icon portrait'>\n\t\t\t\t<a href='https:\/\/blogsaverroes.juntadeandalucia.es\/biblioalvar\/2022\/12\/17\/taller-de-haikus\/qrf-25\/'><img loading=\"lazy\" decoding=\"async\" width=\"150\" height=\"150\" src=\"https:\/\/blogsaverroes.juntadeandalucia.es\/biblioalvar\/files\/2022\/12\/IMG_20221207_115427_edit_1099296127992151-150x150.jpg\" class=\"attachment-thumbnail size-thumbnail\" alt=\"\" srcset=\"https:\/\/blogsaverroes.juntadeandalucia.es\/biblioalvar\/files\/2022\/12\/IMG_20221207_115427_edit_1099296127992151-150x150.jpg 150w, https:\/\/blogsaverroes.juntadeandalucia.es\/biblioalvar\/files\/2022\/12\/IMG_20221207_115427_edit_1099296127992151-80x80.jpg 80w, https:\/\/blogsaverroes.juntadeandalucia.es\/biblioalvar\/files\/2022\/12\/IMG_20221207_115427_edit_1099296127992151-320x320.jpg 320w\" sizes=\"(max-width: 150px) 100vw, 150px\" \/><\/a>\n\t\t\t<\/dt><\/dl><dl class='gallery-item'>\n\t\t\t<dt class='gallery-icon landscape'>\n\t\t\t\t<a href='https:\/\/blogsaverroes.juntadeandalucia.es\/biblioalvar\/2022\/12\/17\/taller-de-haikus\/hdrpl-15\/'><img loading=\"lazy\" decoding=\"async\" width=\"150\" height=\"150\" src=\"https:\/\/blogsaverroes.juntadeandalucia.es\/biblioalvar\/files\/2022\/12\/IMG_20221207_115516_edit_1099277437624446-150x150.jpg\" class=\"attachment-thumbnail size-thumbnail\" alt=\"\" srcset=\"https:\/\/blogsaverroes.juntadeandalucia.es\/biblioalvar\/files\/2022\/12\/IMG_20221207_115516_edit_1099277437624446-150x150.jpg 150w, https:\/\/blogsaverroes.juntadeandalucia.es\/biblioalvar\/files\/2022\/12\/IMG_20221207_115516_edit_1099277437624446-80x80.jpg 80w, https:\/\/blogsaverroes.juntadeandalucia.es\/biblioalvar\/files\/2022\/12\/IMG_20221207_115516_edit_1099277437624446-320x320.jpg 320w\" sizes=\"(max-width: 150px) 100vw, 150px\" \/><\/a>\n\t\t\t<\/dt><\/dl><br style=\"clear: both\" \/><dl class='gallery-item'>\n\t\t\t<dt class='gallery-icon landscape'>\n\t\t\t\t<a href='https:\/\/blogsaverroes.juntadeandalucia.es\/biblioalvar\/2022\/12\/17\/taller-de-haikus\/hdrpl-14\/'><img loading=\"lazy\" decoding=\"async\" width=\"150\" height=\"150\" src=\"https:\/\/blogsaverroes.juntadeandalucia.es\/biblioalvar\/files\/2022\/12\/IMG_20221207_115602_edit_1099250264165596-scaled-e1671298818584-150x150.jpg\" class=\"attachment-thumbnail size-thumbnail\" alt=\"\" srcset=\"https:\/\/blogsaverroes.juntadeandalucia.es\/biblioalvar\/files\/2022\/12\/IMG_20221207_115602_edit_1099250264165596-scaled-e1671298818584-150x150.jpg 150w, https:\/\/blogsaverroes.juntadeandalucia.es\/biblioalvar\/files\/2022\/12\/IMG_20221207_115602_edit_1099250264165596-scaled-e1671298818584-80x80.jpg 80w, https:\/\/blogsaverroes.juntadeandalucia.es\/biblioalvar\/files\/2022\/12\/IMG_20221207_115602_edit_1099250264165596-scaled-e1671298818584-320x320.jpg 320w\" sizes=\"(max-width: 150px) 100vw, 150px\" \/><\/a>\n\t\t\t<\/dt><\/dl><dl class='gallery-item'>\n\t\t\t<dt class='gallery-icon landscape'>\n\t\t\t\t<a href='https:\/\/blogsaverroes.juntadeandalucia.es\/biblioalvar\/2022\/12\/17\/taller-de-haikus\/hdrpl-12\/'><img loading=\"lazy\" decoding=\"async\" width=\"150\" height=\"150\" src=\"https:\/\/blogsaverroes.juntadeandalucia.es\/biblioalvar\/files\/2022\/12\/IMG_20221216_114301_edit_1256252673192681-1-150x150.jpg\" class=\"attachment-thumbnail size-thumbnail\" alt=\"\" srcset=\"https:\/\/blogsaverroes.juntadeandalucia.es\/biblioalvar\/files\/2022\/12\/IMG_20221216_114301_edit_1256252673192681-1-150x150.jpg 150w, https:\/\/blogsaverroes.juntadeandalucia.es\/biblioalvar\/files\/2022\/12\/IMG_20221216_114301_edit_1256252673192681-1-80x80.jpg 80w, https:\/\/blogsaverroes.juntadeandalucia.es\/biblioalvar\/files\/2022\/12\/IMG_20221216_114301_edit_1256252673192681-1-320x320.jpg 320w\" sizes=\"(max-width: 150px) 100vw, 150px\" \/><\/a>\n\t\t\t<\/dt><\/dl><dl class='gallery-item'>\n\t\t\t<dt class='gallery-icon landscape'>\n\t\t\t\t<a href='https:\/\/blogsaverroes.juntadeandalucia.es\/biblioalvar\/2022\/12\/17\/taller-de-haikus\/hdrpl-11\/'><img loading=\"lazy\" decoding=\"async\" width=\"150\" height=\"150\" src=\"https:\/\/blogsaverroes.juntadeandalucia.es\/biblioalvar\/files\/2022\/12\/IMG_20221216_114311_edit_1256231971594767-150x150.jpg\" class=\"attachment-thumbnail size-thumbnail\" alt=\"\" srcset=\"https:\/\/blogsaverroes.juntadeandalucia.es\/biblioalvar\/files\/2022\/12\/IMG_20221216_114311_edit_1256231971594767-150x150.jpg 150w, https:\/\/blogsaverroes.juntadeandalucia.es\/biblioalvar\/files\/2022\/12\/IMG_20221216_114311_edit_1256231971594767-80x80.jpg 80w, https:\/\/blogsaverroes.juntadeandalucia.es\/biblioalvar\/files\/2022\/12\/IMG_20221216_114311_edit_1256231971594767-320x320.jpg 320w\" sizes=\"(max-width: 150px) 100vw, 150px\" \/><\/a>\n\t\t\t<\/dt><\/dl><br style=\"clear: both\" \/><dl class='gallery-item'>\n\t\t\t<dt class='gallery-icon landscape'>\n\t\t\t\t<a href='https:\/\/blogsaverroes.juntadeandalucia.es\/biblioalvar\/2022\/12\/17\/taller-de-haikus\/qrf-24\/'><img loading=\"lazy\" decoding=\"async\" width=\"150\" height=\"150\" src=\"https:\/\/blogsaverroes.juntadeandalucia.es\/biblioalvar\/files\/2022\/12\/IMG_20221216_114245_edit_1256301166664548-150x150.jpg\" class=\"attachment-thumbnail size-thumbnail\" alt=\"\" srcset=\"https:\/\/blogsaverroes.juntadeandalucia.es\/biblioalvar\/files\/2022\/12\/IMG_20221216_114245_edit_1256301166664548-150x150.jpg 150w, https:\/\/blogsaverroes.juntadeandalucia.es\/biblioalvar\/files\/2022\/12\/IMG_20221216_114245_edit_1256301166664548-80x80.jpg 80w, https:\/\/blogsaverroes.juntadeandalucia.es\/biblioalvar\/files\/2022\/12\/IMG_20221216_114245_edit_1256301166664548-320x320.jpg 320w\" sizes=\"(max-width: 150px) 100vw, 150px\" \/><\/a>\n\t\t\t<\/dt><\/dl>\n\t\t\t<br style='clear: both' \/>\n\t\t<\/div>\n\n","protected":false},"excerpt":{"rendered":"<p>&nbsp; &nbsp; &nbsp; &nbsp; &nbsp; &nbsp; &nbsp; &nbsp; &nbsp; &nbsp; &nbsp; &nbsp; &nbsp; &nbsp; &nbsp; &nbsp; &nbsp; &nbsp; &nbsp; &nbsp; &nbsp; &nbsp; &nbsp; &nbsp; &nbsp; El alumnado de 2\u00baeso C ha tenido la oportunidad&#46;&#46;&#46;<\/p>\n","protected":false},"author":12615,"featured_media":503,"comment_status":"open","ping_status":"open","sticky":false,"template":"","format":"standard","meta":{"ngg_post_thumbnail":0,"footnotes":""},"categories":[11],"tags":[],"aioseo_notices":[],"_links":{"self":[{"href":"https:\/\/blogsaverroes.juntadeandalucia.es\/biblioalvar\/wp-json\/wp\/v2\/posts\/491"}],"collection":[{"href":"https:\/\/blogsaverroes.juntadeandalucia.es\/biblioalvar\/wp-json\/wp\/v2\/posts"}],"about":[{"href":"https:\/\/blogsaverroes.juntadeandalucia.es\/biblioalvar\/wp-json\/wp\/v2\/types\/post"}],"author":[{"embeddable":true,"href":"https:\/\/blogsaverroes.juntadeandalucia.es\/biblioalvar\/wp-json\/wp\/v2\/users\/12615"}],"replies":[{"embeddable":true,"href":"https:\/\/blogsaverroes.juntadeandalucia.es\/biblioalvar\/wp-json\/wp\/v2\/comments?post=491"}],"version-history":[{"count":6,"href":"https:\/\/blogsaverroes.juntadeandalucia.es\/biblioalvar\/wp-json\/wp\/v2\/posts\/491\/revisions"}],"predecessor-version":[{"id":516,"href":"https:\/\/blogsaverroes.juntadeandalucia.es\/biblioalvar\/wp-json\/wp\/v2\/posts\/491\/revisions\/516"}],"wp:featuredmedia":[{"embeddable":true,"href":"https:\/\/blogsaverroes.juntadeandalucia.es\/biblioalvar\/wp-json\/wp\/v2\/media\/503"}],"wp:attachment":[{"href":"https:\/\/blogsaverroes.juntadeandalucia.es\/biblioalvar\/wp-json\/wp\/v2\/media?parent=491"}],"wp:term":[{"taxonomy":"category","embeddable":true,"href":"https:\/\/blogsaverroes.juntadeandalucia.es\/biblioalvar\/wp-json\/wp\/v2\/categories?post=491"},{"taxonomy":"post_tag","embeddable":true,"href":"https:\/\/blogsaverroes.juntadeandalucia.es\/biblioalvar\/wp-json\/wp\/v2\/tags?post=491"}],"curies":[{"name":"wp","href":"https:\/\/api.w.org\/{rel}","templated":true}]}}