{"id":347,"date":"2021-04-22T09:00:04","date_gmt":"2021-04-22T08:00:04","guid":{"rendered":"https:\/\/blogsaverroes.juntadeandalucia.es\/bibliocazaban\/?p=347"},"modified":"2021-04-23T13:09:15","modified_gmt":"2021-04-23T12:09:15","slug":"diadellibro2021","status":"publish","type":"post","link":"https:\/\/blogsaverroes.juntadeandalucia.es\/bibliocazaban\/2021\/04\/22\/diadellibro2021\/","title":{"rendered":"\u00a1 D\u00cdA DEL LIBRO 2021 !"},"content":{"rendered":"<p><span style=\"font-size: 14pt;color: #008000\">&nbsp; &nbsp;El 23 de abril celebramos el d\u00eda del libro.<\/span> En este enlace pod\u00e9is ir al sitio de la UNESCO (Organizaci\u00f3n de las Naciones Unidas para la Educaci\u00f3n, la Ciencia y la Cultura) en el que hablan de esta conmemoraci\u00f3n:&nbsp; <a href=\"https:\/\/es.unesco.org\/commemorations\/worldbookday\" target=\"_blank\" rel=\"noopener noreferrer\">UNESCO-D\u00cdA DEL LIBRO<\/a><\/p>\n<p>En nuestro cole lo celebraremos por todo lo alto con diferentes actividades, tanto a nivel de centro como de aula. Una de ellas ser\u00e1 la lectura al aire libre:&nbsp;<\/p>\n<p><img loading=\"lazy\" decoding=\"async\" class=\"alignnone size-medium wp-image-350 aligncenter\" src=\"https:\/\/blogsaverroes.juntadeandalucia.es\/bibliocazaban\/files\/2021\/04\/lecturairelibre-300x195.jpg\" alt=\"\" width=\"300\" height=\"195\" srcset=\"https:\/\/blogsaverroes.juntadeandalucia.es\/bibliocazaban\/files\/2021\/04\/lecturairelibre-300x195.jpg 300w, https:\/\/blogsaverroes.juntadeandalucia.es\/bibliocazaban\/files\/2021\/04\/lecturairelibre-1024x667.jpg 1024w, https:\/\/blogsaverroes.juntadeandalucia.es\/bibliocazaban\/files\/2021\/04\/lecturairelibre-768x500.jpg 768w, https:\/\/blogsaverroes.juntadeandalucia.es\/bibliocazaban\/files\/2021\/04\/lecturairelibre-1536x1000.jpg 1536w, https:\/\/blogsaverroes.juntadeandalucia.es\/bibliocazaban\/files\/2021\/04\/lecturairelibre.jpg 1593w\" sizes=\"(max-width: 300px) 100vw, 300px\" \/><\/p>\n<p>Y otra actividad programada es la lectura del Quijote, para lo que se ha elaborado una bonita decoraci\u00f3n:<\/p>\n<p><img loading=\"lazy\" decoding=\"async\" class=\"size-medium wp-image-351 aligncenter\" src=\"https:\/\/blogsaverroes.juntadeandalucia.es\/bibliocazaban\/files\/2021\/04\/decoracionquijote-225x300.jpg\" alt=\"\" width=\"225\" height=\"300\" srcset=\"https:\/\/blogsaverroes.juntadeandalucia.es\/bibliocazaban\/files\/2021\/04\/decoracionquijote-225x300.jpg 225w, https:\/\/blogsaverroes.juntadeandalucia.es\/bibliocazaban\/files\/2021\/04\/decoracionquijote-768x1024.jpg 768w, https:\/\/blogsaverroes.juntadeandalucia.es\/bibliocazaban\/files\/2021\/04\/decoracionquijote-1152x1536.jpg 1152w, https:\/\/blogsaverroes.juntadeandalucia.es\/bibliocazaban\/files\/2021\/04\/decoracionquijote.jpg 1200w\" sizes=\"(max-width: 225px) 100vw, 225px\" \/><\/p>\n<p>Y \u00a1por fin! os presentamos un espacio para que pod\u00e1is leer desde vuestros ordenadores, tabletas o similar. S\u00f3lo ten\u00e9is que hacer clic en la siguiente imagen para acceder:<\/p>\n<p><a title=\"BIBLIOTECA VIRTUAL\" href=\"https:\/\/view.genial.ly\/6068846c7e2ace0cd7da81d2\/presentation-biblioteca-virtual\" target=\"_blank\" rel=\"noopener noreferrer\"><img loading=\"lazy\" decoding=\"async\" class=\"wp-image-354 aligncenter\" src=\"https:\/\/blogsaverroes.juntadeandalucia.es\/bibliocazaban\/files\/2021\/04\/biblioteca-300x169.jpg\" alt=\"\" width=\"510\" height=\"287\" srcset=\"https:\/\/blogsaverroes.juntadeandalucia.es\/bibliocazaban\/files\/2021\/04\/biblioteca-300x169.jpg 300w, https:\/\/blogsaverroes.juntadeandalucia.es\/bibliocazaban\/files\/2021\/04\/biblioteca-768x432.jpg 768w, https:\/\/blogsaverroes.juntadeandalucia.es\/bibliocazaban\/files\/2021\/04\/biblioteca.jpg 1000w\" sizes=\"(max-width: 510px) 100vw, 510px\" \/><\/a><\/p>\n<p style=\"text-align: center\">Tambi\u00e9n os ofrecemos este fant\u00e1stico cuento en el que han participado los ni\u00f1os y ni\u00f1as de 1\u00ba A,&nbsp; \u201cMenudo Castillo\u201d, escrito por Javier Fern\u00e1ndez Jim\u00e9nez e ilustrado por Berta Suescun Erro (Editorial Amigos de Papel):<\/p>\n<p style=\"text-align: center\"><iframe loading=\"lazy\" src=\"\/\/www.youtube.com\/embed\/qunrhvdP638\" width=\"560\" height=\"314\"><\/iframe><\/p>\n<p>&nbsp;Esperamos que os lo pas\u00e9is genial con todas estas propuestas y sobre todo que esta fiesta se alargue los 364 d\u00edas restantes del a\u00f1o, para estar siempre en compa\u00f1\u00eda de vuestras lecturas favoritas. \u00a1 A disfrutar !<\/p>\n","protected":false},"excerpt":{"rendered":"<p>&nbsp; &nbsp;El 23 de abril celebramos el d\u00eda del libro. En este enlace pod\u00e9is ir al sitio de la UNESCO (Organizaci\u00f3n de las Naciones Unidas para la Educaci\u00f3n, la Ciencia y la Cultura) en&#46;&#46;&#46;<\/p>\n","protected":false},"author":845,"featured_media":0,"comment_status":"open","ping_status":"open","sticky":false,"template":"","format":"standard","meta":{"ngg_post_thumbnail":0,"footnotes":""},"categories":[266],"tags":[266,1733092],"aioseo_notices":[],"_links":{"self":[{"href":"https:\/\/blogsaverroes.juntadeandalucia.es\/bibliocazaban\/wp-json\/wp\/v2\/posts\/347"}],"collection":[{"href":"https:\/\/blogsaverroes.juntadeandalucia.es\/bibliocazaban\/wp-json\/wp\/v2\/posts"}],"about":[{"href":"https:\/\/blogsaverroes.juntadeandalucia.es\/bibliocazaban\/wp-json\/wp\/v2\/types\/post"}],"author":[{"embeddable":true,"href":"https:\/\/blogsaverroes.juntadeandalucia.es\/bibliocazaban\/wp-json\/wp\/v2\/users\/845"}],"replies":[{"embeddable":true,"href":"https:\/\/blogsaverroes.juntadeandalucia.es\/bibliocazaban\/wp-json\/wp\/v2\/comments?post=347"}],"version-history":[{"count":5,"href":"https:\/\/blogsaverroes.juntadeandalucia.es\/bibliocazaban\/wp-json\/wp\/v2\/posts\/347\/revisions"}],"predecessor-version":[{"id":362,"href":"https:\/\/blogsaverroes.juntadeandalucia.es\/bibliocazaban\/wp-json\/wp\/v2\/posts\/347\/revisions\/362"}],"wp:attachment":[{"href":"https:\/\/blogsaverroes.juntadeandalucia.es\/bibliocazaban\/wp-json\/wp\/v2\/media?parent=347"}],"wp:term":[{"taxonomy":"category","embeddable":true,"href":"https:\/\/blogsaverroes.juntadeandalucia.es\/bibliocazaban\/wp-json\/wp\/v2\/categories?post=347"},{"taxonomy":"post_tag","embeddable":true,"href":"https:\/\/blogsaverroes.juntadeandalucia.es\/bibliocazaban\/wp-json\/wp\/v2\/tags?post=347"}],"curies":[{"name":"wp","href":"https:\/\/api.w.org\/{rel}","templated":true}]}}