{"id":737,"date":"2023-05-22T08:02:52","date_gmt":"2023-05-22T08:02:52","guid":{"rendered":"https:\/\/blogsaverroes.juntadeandalucia.es\/bibliotega\/?p=737"},"modified":"2023-05-22T08:02:52","modified_gmt":"2023-05-22T08:02:52","slug":"escritor-jerezano-jose-manuel-caballero-bonald","status":"publish","type":"post","link":"https:\/\/blogsaverroes.juntadeandalucia.es\/biblioega\/2023\/05\/22\/escritor-jerezano-jose-manuel-caballero-bonald\/","title":{"rendered":"Escritor jerezano: \u00abJos\u00e9 Manuel Caballero Bonald\u00bb"},"content":{"rendered":"<p><img loading=\"lazy\" decoding=\"async\" class=\"alignleft wp-image-738\" src=\"https:\/\/blogsaverroes.juntadeandalucia.es\/biblioega\/files\/2023\/05\/Captura-de-pantalla-2023-05-20-235204-200x300.jpg\" alt=\"\" width=\"102\" height=\"153\" srcset=\"https:\/\/blogsaverroes.juntadeandalucia.es\/biblioega\/files\/2023\/05\/Captura-de-pantalla-2023-05-20-235204-200x300.jpg 200w, https:\/\/blogsaverroes.juntadeandalucia.es\/biblioega\/files\/2023\/05\/Captura-de-pantalla-2023-05-20-235204.jpg 312w\" sizes=\"(max-width: 102px) 100vw, 102px\" \/>Seguro que te suena el nombre de Caballero Bonald y lo asocias con un instituto de nuestra ciudad y una fundaci\u00f3n. Todo se debe al prestigio de Jos\u00e9 Manuel naci\u00f3 aqu\u00ed en 1926 y falleci\u00f3 no hace mucho en mayo de 2021. No s\u00f3lo escribi\u00f3 novelas sino tambi\u00e9n poes\u00eda y ensayos. Tambi\u00e9n se le conoce como flamenc\u00f3logo. Ha obtenido muchos premios de los cuales Hijo Predilecto de la Provincia de C\u00e1diz, Premios nacionales de las letras y de la poes\u00eda y el Premio Cervantes.&nbsp;<\/p>\n","protected":false},"excerpt":{"rendered":"<p>Seguro que te suena el nombre de Caballero Bonald y lo asocias con un instituto de nuestra ciudad y una fundaci\u00f3n. Todo se debe al prestigio de Jos\u00e9 Manuel naci\u00f3 aqu\u00ed en 1926 y falleci\u00f3 no hace mucho en mayo de 2021. No s\u00f3lo escribi\u00f3 novelas sino tambi\u00e9n poes\u00eda y ensayos. Tambi\u00e9n se le conoce &hellip; <\/p>\n<p><a class=\"more-link btn\" href=\"https:\/\/blogsaverroes.juntadeandalucia.es\/biblioega\/2023\/05\/22\/escritor-jerezano-jose-manuel-caballero-bonald\/\">Seguir leyendo<\/a><\/p>\n","protected":false},"author":10331,"featured_media":0,"comment_status":"open","ping_status":"open","sticky":false,"template":"","format":"standard","meta":{"footnotes":""},"categories":[8],"tags":[],"aioseo_notices":[],"_links":{"self":[{"href":"https:\/\/blogsaverroes.juntadeandalucia.es\/biblioega\/wp-json\/wp\/v2\/posts\/737"}],"collection":[{"href":"https:\/\/blogsaverroes.juntadeandalucia.es\/biblioega\/wp-json\/wp\/v2\/posts"}],"about":[{"href":"https:\/\/blogsaverroes.juntadeandalucia.es\/biblioega\/wp-json\/wp\/v2\/types\/post"}],"author":[{"embeddable":true,"href":"https:\/\/blogsaverroes.juntadeandalucia.es\/biblioega\/wp-json\/wp\/v2\/users\/10331"}],"replies":[{"embeddable":true,"href":"https:\/\/blogsaverroes.juntadeandalucia.es\/biblioega\/wp-json\/wp\/v2\/comments?post=737"}],"version-history":[{"count":0,"href":"https:\/\/blogsaverroes.juntadeandalucia.es\/biblioega\/wp-json\/wp\/v2\/posts\/737\/revisions"}],"wp:attachment":[{"href":"https:\/\/blogsaverroes.juntadeandalucia.es\/biblioega\/wp-json\/wp\/v2\/media?parent=737"}],"wp:term":[{"taxonomy":"category","embeddable":true,"href":"https:\/\/blogsaverroes.juntadeandalucia.es\/biblioega\/wp-json\/wp\/v2\/categories?post=737"},{"taxonomy":"post_tag","embeddable":true,"href":"https:\/\/blogsaverroes.juntadeandalucia.es\/biblioega\/wp-json\/wp\/v2\/tags?post=737"}],"curies":[{"name":"wp","href":"https:\/\/api.w.org\/{rel}","templated":true}]}}