{"id":4061,"date":"2024-01-07T18:49:33","date_gmt":"2024-01-07T18:49:33","guid":{"rendered":"http:\/\/blogsaverroes.juntadeandalucia.es\/biblioplata\/?p=4061"},"modified":"2024-01-07T18:49:33","modified_gmt":"2024-01-07T18:49:33","slug":"biblioteca-programa-reto","status":"publish","type":"post","link":"https:\/\/blogsaverroes.juntadeandalucia.es\/biblioplata\/2024\/01\/07\/biblioteca-programa-reto\/","title":{"rendered":"BIBLIOTECA PROGRAMA RETO"},"content":{"rendered":"<p style=\"text-align: justify\"><b>En nuestro centro desde el curso pasado estamos llevando a cabo el Programa RETO. Las letras que forman el nombre del programa significan Respeto, Empat\u00eda y Tolerancia. Es un proyecto de educaci\u00f3n emocional destinado a nuestro alumnado de educaci\u00f3n infantil y primaria. A trav\u00e9s de este programa queremos dotar a nuestros alumnos y alumnas de las competencias emocionales necesarias para su desarrollo integral, cognitivo y emocional.<\/b><\/p>\n<p style=\"text-align: justify\"><b>Aqu\u00ed os presentamos los libros necesarios para poner en marcha este proyecto y que vamos a trabajar a lo largo del curso. Si quer\u00e9is visualizarlos, pinchar en el enlace de cada libro.<\/b><\/p>\n<p><b>PRIMER TRIMESTRE. <\/b><b>DESCUBRIMOS LAS EMOCIONES.<\/b><\/p>\n<p><span style=\"font-weight: 400\">3 A\u00d1OS. \u00bfC\u00f3mo te sientes?<\/span><\/p>\n\n\t\t<style>\n\t\t\t#gallery-1 {\n\t\t\t\tmargin: auto;\n\t\t\t}\n\t\t\t#gallery-1 .gallery-item {\n\t\t\t\tfloat: left;\n\t\t\t\tmargin-top: 10px;\n\t\t\t\ttext-align: center;\n\t\t\t\twidth: 100%;\n\t\t\t}\n\t\t\t#gallery-1 img {\n\t\t\t\tborder: 2px solid #cfcfcf;\n\t\t\t}\n\t\t\t#gallery-1 .gallery-caption {\n\t\t\t\tmargin-left: 0;\n\t\t\t}\n\t\t\t\/* see gallery_shortcode() in wp-includes\/media.php *\/\n\t\t<\/style>\n\t\t<div id='gallery-1' class='gallery galleryid-4061 gallery-columns-1 gallery-size-large'><dl class='gallery-item'>\n\t\t\t<dt class='gallery-icon portrait'>\n\t\t\t\t<a href='https:\/\/blogsaverroes.juntadeandalucia.es\/biblioplata\/2024\/01\/07\/biblioteca-programa-reto\/sin-titulo\/'><img loading=\"lazy\" decoding=\"async\" width=\"349\" height=\"400\" src=\"https:\/\/blogsaverroes.juntadeandalucia.es\/biblioplata\/files\/2024\/01\/Sin-t\u00edtulo.jpg\" class=\"attachment-large size-large\" alt=\"\" srcset=\"https:\/\/blogsaverroes.juntadeandalucia.es\/biblioplata\/files\/2024\/01\/Sin-t\u00edtulo.jpg 349w, https:\/\/blogsaverroes.juntadeandalucia.es\/biblioplata\/files\/2024\/01\/Sin-t\u00edtulo-262x300.jpg 262w\" sizes=\"(max-width: 349px) 100vw, 349px\" \/><\/a>\n\t\t\t<\/dt><\/dl><br style=\"clear: both\" \/>\n\t\t<\/div>\n\n<p><iframe loading=\"lazy\" title=\"Cuento Infantil: \u00bfC\u00f3mo te sientes? de Anthony Browne\" width=\"500\" height=\"375\" src=\"https:\/\/www.youtube.com\/embed\/AkQ35D0xxeE?feature=oembed&#038;wmode=opaque\" frameborder=\"0\" allow=\"accelerometer; autoplay; clipboard-write; encrypted-media; gyroscope; picture-in-picture; web-share\" referrerpolicy=\"strict-origin-when-cross-origin\" allowfullscreen><\/iframe><\/p>\n<p>4 A\u00d1OS. Un beso antes de desayunar.<\/p>\n\n\t\t<style>\n\t\t\t#gallery-2 {\n\t\t\t\tmargin: auto;\n\t\t\t}\n\t\t\t#gallery-2 .gallery-item {\n\t\t\t\tfloat: left;\n\t\t\t\tmargin-top: 10px;\n\t\t\t\ttext-align: center;\n\t\t\t\twidth: 100%;\n\t\t\t}\n\t\t\t#gallery-2 img {\n\t\t\t\tborder: 2px solid #cfcfcf;\n\t\t\t}\n\t\t\t#gallery-2 .gallery-caption {\n\t\t\t\tmargin-left: 0;\n\t\t\t}\n\t\t\t\/* see gallery_shortcode() in wp-includes\/media.php *\/\n\t\t<\/style>\n\t\t<div id='gallery-2' class='gallery galleryid-4061 gallery-columns-1 gallery-size-large'><dl class='gallery-item'>\n\t\t\t<dt class='gallery-icon portrait'>\n\t\t\t\t<a href='https:\/\/blogsaverroes.juntadeandalucia.es\/biblioplata\/2024\/01\/07\/biblioteca-programa-reto\/sin-titulo-1\/'><img loading=\"lazy\" decoding=\"async\" width=\"394\" height=\"400\" src=\"https:\/\/blogsaverroes.juntadeandalucia.es\/biblioplata\/files\/2024\/01\/Sin-t\u00edtulo-1.jpg\" class=\"attachment-large size-large\" alt=\"\" srcset=\"https:\/\/blogsaverroes.juntadeandalucia.es\/biblioplata\/files\/2024\/01\/Sin-t\u00edtulo-1.jpg 394w, https:\/\/blogsaverroes.juntadeandalucia.es\/biblioplata\/files\/2024\/01\/Sin-t\u00edtulo-1-296x300.jpg 296w\" sizes=\"(max-width: 394px) 100vw, 394px\" \/><\/a>\n\t\t\t<\/dt><\/dl><br style=\"clear: both\" \/>\n\t\t<\/div>\n\n<p><iframe loading=\"lazy\" title=\"Un beso antes de desayunar - videocuento\" width=\"500\" height=\"281\" src=\"https:\/\/www.youtube.com\/embed\/5OxWNw-6l3Y?feature=oembed&#038;wmode=opaque\" frameborder=\"0\" allow=\"accelerometer; autoplay; clipboard-write; encrypted-media; gyroscope; picture-in-picture; web-share\" referrerpolicy=\"strict-origin-when-cross-origin\" allowfullscreen><\/iframe><\/p>\n<p>5 A\u00d1OS. Te quiero, casi siempre.<\/p>\n\n\t\t<style>\n\t\t\t#gallery-3 {\n\t\t\t\tmargin: auto;\n\t\t\t}\n\t\t\t#gallery-3 .gallery-item {\n\t\t\t\tfloat: left;\n\t\t\t\tmargin-top: 10px;\n\t\t\t\ttext-align: center;\n\t\t\t\twidth: 100%;\n\t\t\t}\n\t\t\t#gallery-3 img {\n\t\t\t\tborder: 2px solid #cfcfcf;\n\t\t\t}\n\t\t\t#gallery-3 .gallery-caption {\n\t\t\t\tmargin-left: 0;\n\t\t\t}\n\t\t\t\/* see gallery_shortcode() in wp-includes\/media.php *\/\n\t\t<\/style>\n\t\t<div id='gallery-3' class='gallery galleryid-4061 gallery-columns-1 gallery-size-large'><dl class='gallery-item'>\n\t\t\t<dt class='gallery-icon portrait'>\n\t\t\t\t<a href='https:\/\/blogsaverroes.juntadeandalucia.es\/biblioplata\/2024\/01\/07\/biblioteca-programa-reto\/sin-titulo-2\/'><img loading=\"lazy\" decoding=\"async\" width=\"349\" height=\"400\" src=\"https:\/\/blogsaverroes.juntadeandalucia.es\/biblioplata\/files\/2024\/01\/Sin-t\u00edtulo-2.jpg\" class=\"attachment-large size-large\" alt=\"\" srcset=\"https:\/\/blogsaverroes.juntadeandalucia.es\/biblioplata\/files\/2024\/01\/Sin-t\u00edtulo-2.jpg 349w, https:\/\/blogsaverroes.juntadeandalucia.es\/biblioplata\/files\/2024\/01\/Sin-t\u00edtulo-2-262x300.jpg 262w\" sizes=\"(max-width: 349px) 100vw, 349px\" \/><\/a>\n\t\t\t<\/dt><\/dl><br style=\"clear: both\" \/>\n\t\t<\/div>\n\n<p><iframe loading=\"lazy\" title=\"CUENTOS INFANTILES - TE QUIERO CASI SIEMPRE (COMPLETO)\" width=\"500\" height=\"281\" src=\"https:\/\/www.youtube.com\/embed\/DbZTHxyheXM?feature=oembed&#038;wmode=opaque\" frameborder=\"0\" allow=\"accelerometer; autoplay; clipboard-write; encrypted-media; gyroscope; picture-in-picture; web-share\" referrerpolicy=\"strict-origin-when-cross-origin\" allowfullscreen><\/iframe><\/p>\n<p>PRIMERO. El monstruo de colores.<\/p>\n\n\t\t<style>\n\t\t\t#gallery-4 {\n\t\t\t\tmargin: auto;\n\t\t\t}\n\t\t\t#gallery-4 .gallery-item {\n\t\t\t\tfloat: left;\n\t\t\t\tmargin-top: 10px;\n\t\t\t\ttext-align: center;\n\t\t\t\twidth: 100%;\n\t\t\t}\n\t\t\t#gallery-4 img {\n\t\t\t\tborder: 2px solid #cfcfcf;\n\t\t\t}\n\t\t\t#gallery-4 .gallery-caption {\n\t\t\t\tmargin-left: 0;\n\t\t\t}\n\t\t\t\/* see gallery_shortcode() in wp-includes\/media.php *\/\n\t\t<\/style>\n\t\t<div id='gallery-4' class='gallery galleryid-4061 gallery-columns-1 gallery-size-large'><dl class='gallery-item'>\n\t\t\t<dt class='gallery-icon portrait'>\n\t\t\t\t<a href='https:\/\/blogsaverroes.juntadeandalucia.es\/biblioplata\/2024\/01\/07\/biblioteca-programa-reto\/sin-titulo-3\/'><img loading=\"lazy\" decoding=\"async\" width=\"349\" height=\"400\" src=\"https:\/\/blogsaverroes.juntadeandalucia.es\/biblioplata\/files\/2024\/01\/Sin-t\u00edtulo-3.jpg\" class=\"attachment-large size-large\" alt=\"\" srcset=\"https:\/\/blogsaverroes.juntadeandalucia.es\/biblioplata\/files\/2024\/01\/Sin-t\u00edtulo-3.jpg 349w, https:\/\/blogsaverroes.juntadeandalucia.es\/biblioplata\/files\/2024\/01\/Sin-t\u00edtulo-3-262x300.jpg 262w\" sizes=\"(max-width: 349px) 100vw, 349px\" \/><\/a>\n\t\t\t<\/dt><\/dl><br style=\"clear: both\" \/>\n\t\t<\/div>\n\n<p><iframe loading=\"lazy\" title=\"Cuento &quot;EL MONSTRUO DE COLORES&quot;\ud83c\udfa8 || Maestra Ely || Hab\u00eda una vez...\" width=\"500\" height=\"281\" src=\"https:\/\/www.youtube.com\/embed\/xSCCDF0F49Q?feature=oembed&#038;wmode=opaque\" frameborder=\"0\" allow=\"accelerometer; autoplay; clipboard-write; encrypted-media; gyroscope; picture-in-picture; web-share\" referrerpolicy=\"strict-origin-when-cross-origin\" allowfullscreen><\/iframe><\/p>\n<p>SEGUNDO. \u00bfDe qu\u00e9 color son los besos?<\/p>\n\n\t\t<style>\n\t\t\t#gallery-5 {\n\t\t\t\tmargin: auto;\n\t\t\t}\n\t\t\t#gallery-5 .gallery-item {\n\t\t\t\tfloat: left;\n\t\t\t\tmargin-top: 10px;\n\t\t\t\ttext-align: center;\n\t\t\t\twidth: 100%;\n\t\t\t}\n\t\t\t#gallery-5 img {\n\t\t\t\tborder: 2px solid #cfcfcf;\n\t\t\t}\n\t\t\t#gallery-5 .gallery-caption {\n\t\t\t\tmargin-left: 0;\n\t\t\t}\n\t\t\t\/* see gallery_shortcode() in wp-includes\/media.php *\/\n\t\t<\/style>\n\t\t<div id='gallery-5' class='gallery galleryid-4061 gallery-columns-1 gallery-size-large'><dl class='gallery-item'>\n\t\t\t<dt class='gallery-icon portrait'>\n\t\t\t\t<a href='https:\/\/blogsaverroes.juntadeandalucia.es\/biblioplata\/2024\/01\/07\/biblioteca-programa-reto\/sin-titulo-4\/'><img loading=\"lazy\" decoding=\"async\" width=\"999\" height=\"1000\" src=\"https:\/\/blogsaverroes.juntadeandalucia.es\/biblioplata\/files\/2024\/01\/Sin-t\u00edtulo-4.jpg\" class=\"attachment-large size-large\" alt=\"\" srcset=\"https:\/\/blogsaverroes.juntadeandalucia.es\/biblioplata\/files\/2024\/01\/Sin-t\u00edtulo-4.jpg 999w, https:\/\/blogsaverroes.juntadeandalucia.es\/biblioplata\/files\/2024\/01\/Sin-t\u00edtulo-4-300x300.jpg 300w, https:\/\/blogsaverroes.juntadeandalucia.es\/biblioplata\/files\/2024\/01\/Sin-t\u00edtulo-4-150x150.jpg 150w, https:\/\/blogsaverroes.juntadeandalucia.es\/biblioplata\/files\/2024\/01\/Sin-t\u00edtulo-4-768x769.jpg 768w, https:\/\/blogsaverroes.juntadeandalucia.es\/biblioplata\/files\/2024\/01\/Sin-t\u00edtulo-4-432x432.jpg 432w, https:\/\/blogsaverroes.juntadeandalucia.es\/biblioplata\/files\/2024\/01\/Sin-t\u00edtulo-4-268x268.jpg 268w, https:\/\/blogsaverroes.juntadeandalucia.es\/biblioplata\/files\/2024\/01\/Sin-t\u00edtulo-4-700x701.jpg 700w\" sizes=\"(max-width: 999px) 100vw, 999px\" \/><\/a>\n\t\t\t<\/dt><\/dl><br style=\"clear: both\" \/>\n\t\t<\/div>\n\n<p><iframe loading=\"lazy\" title=\"Mam\u00e1, \u00bfde qu\u00e9 color son los besos? Audiocuento\" width=\"500\" height=\"375\" src=\"https:\/\/www.youtube.com\/embed\/d9V_PYWfoH4?feature=oembed&#038;wmode=opaque\" frameborder=\"0\" allow=\"accelerometer; autoplay; clipboard-write; encrypted-media; gyroscope; picture-in-picture; web-share\" referrerpolicy=\"strict-origin-when-cross-origin\" allowfullscreen><\/iframe><\/p>\n<p>TERCERO. As\u00ed es mi coraz\u00f3n.<\/p>\n\n\t\t<style>\n\t\t\t#gallery-6 {\n\t\t\t\tmargin: auto;\n\t\t\t}\n\t\t\t#gallery-6 .gallery-item {\n\t\t\t\tfloat: left;\n\t\t\t\tmargin-top: 10px;\n\t\t\t\ttext-align: center;\n\t\t\t\twidth: 100%;\n\t\t\t}\n\t\t\t#gallery-6 img {\n\t\t\t\tborder: 2px solid #cfcfcf;\n\t\t\t}\n\t\t\t#gallery-6 .gallery-caption {\n\t\t\t\tmargin-left: 0;\n\t\t\t}\n\t\t\t\/* see gallery_shortcode() in wp-includes\/media.php *\/\n\t\t<\/style>\n\t\t<div id='gallery-6' class='gallery galleryid-4061 gallery-columns-1 gallery-size-large'><dl class='gallery-item'>\n\t\t\t<dt class='gallery-icon portrait'>\n\t\t\t\t<a href='https:\/\/blogsaverroes.juntadeandalucia.es\/biblioplata\/2024\/01\/07\/biblioteca-programa-reto\/sin-titulo-5\/'><img loading=\"lazy\" decoding=\"async\" width=\"999\" height=\"1000\" src=\"https:\/\/blogsaverroes.juntadeandalucia.es\/biblioplata\/files\/2024\/01\/Sin-t\u00edtulo-5.jpg\" class=\"attachment-large size-large\" alt=\"\" srcset=\"https:\/\/blogsaverroes.juntadeandalucia.es\/biblioplata\/files\/2024\/01\/Sin-t\u00edtulo-5.jpg 999w, https:\/\/blogsaverroes.juntadeandalucia.es\/biblioplata\/files\/2024\/01\/Sin-t\u00edtulo-5-300x300.jpg 300w, https:\/\/blogsaverroes.juntadeandalucia.es\/biblioplata\/files\/2024\/01\/Sin-t\u00edtulo-5-150x150.jpg 150w, https:\/\/blogsaverroes.juntadeandalucia.es\/biblioplata\/files\/2024\/01\/Sin-t\u00edtulo-5-768x769.jpg 768w, https:\/\/blogsaverroes.juntadeandalucia.es\/biblioplata\/files\/2024\/01\/Sin-t\u00edtulo-5-432x432.jpg 432w, https:\/\/blogsaverroes.juntadeandalucia.es\/biblioplata\/files\/2024\/01\/Sin-t\u00edtulo-5-268x268.jpg 268w, https:\/\/blogsaverroes.juntadeandalucia.es\/biblioplata\/files\/2024\/01\/Sin-t\u00edtulo-5-700x701.jpg 700w\" sizes=\"(max-width: 999px) 100vw, 999px\" \/><\/a>\n\t\t\t<\/dt><\/dl><br style=\"clear: both\" \/>\n\t\t<\/div>\n\n<p><iframe loading=\"lazy\" title=\"AS\u00cd ES MI CORAZ\u00d3N \ud83d\udc96 Un cuento sobre emociones\" width=\"500\" height=\"281\" src=\"https:\/\/www.youtube.com\/embed\/I_VIPnjRS-8?feature=oembed&#038;wmode=opaque\" frameborder=\"0\" allow=\"accelerometer; autoplay; clipboard-write; encrypted-media; gyroscope; picture-in-picture; web-share\" referrerpolicy=\"strict-origin-when-cross-origin\" allowfullscreen><\/iframe><\/p>\n<p>CUARTO. El ladr\u00f3n de sonrisas.<\/p>\n\n\t\t<style>\n\t\t\t#gallery-7 {\n\t\t\t\tmargin: auto;\n\t\t\t}\n\t\t\t#gallery-7 .gallery-item {\n\t\t\t\tfloat: left;\n\t\t\t\tmargin-top: 10px;\n\t\t\t\ttext-align: center;\n\t\t\t\twidth: 100%;\n\t\t\t}\n\t\t\t#gallery-7 img {\n\t\t\t\tborder: 2px solid #cfcfcf;\n\t\t\t}\n\t\t\t#gallery-7 .gallery-caption {\n\t\t\t\tmargin-left: 0;\n\t\t\t}\n\t\t\t\/* see gallery_shortcode() in wp-includes\/media.php *\/\n\t\t<\/style>\n\t\t<div id='gallery-7' class='gallery galleryid-4061 gallery-columns-1 gallery-size-large'><dl class='gallery-item'>\n\t\t\t<dt class='gallery-icon landscape'>\n\t\t\t\t<a href='https:\/\/blogsaverroes.juntadeandalucia.es\/biblioplata\/2024\/01\/07\/biblioteca-programa-reto\/sin-titulo-6\/'><img loading=\"lazy\" decoding=\"async\" width=\"1000\" height=\"1000\" src=\"https:\/\/blogsaverroes.juntadeandalucia.es\/biblioplata\/files\/2024\/01\/Sin-t\u00edtulo-6.jpg\" class=\"attachment-large size-large\" alt=\"\" srcset=\"https:\/\/blogsaverroes.juntadeandalucia.es\/biblioplata\/files\/2024\/01\/Sin-t\u00edtulo-6.jpg 1000w, https:\/\/blogsaverroes.juntadeandalucia.es\/biblioplata\/files\/2024\/01\/Sin-t\u00edtulo-6-300x300.jpg 300w, https:\/\/blogsaverroes.juntadeandalucia.es\/biblioplata\/files\/2024\/01\/Sin-t\u00edtulo-6-150x150.jpg 150w, https:\/\/blogsaverroes.juntadeandalucia.es\/biblioplata\/files\/2024\/01\/Sin-t\u00edtulo-6-768x768.jpg 768w, https:\/\/blogsaverroes.juntadeandalucia.es\/biblioplata\/files\/2024\/01\/Sin-t\u00edtulo-6-432x432.jpg 432w, https:\/\/blogsaverroes.juntadeandalucia.es\/biblioplata\/files\/2024\/01\/Sin-t\u00edtulo-6-268x268.jpg 268w, https:\/\/blogsaverroes.juntadeandalucia.es\/biblioplata\/files\/2024\/01\/Sin-t\u00edtulo-6-700x700.jpg 700w\" sizes=\"(max-width: 1000px) 100vw, 1000px\" \/><\/a>\n\t\t\t<\/dt><\/dl><br style=\"clear: both\" \/>\n\t\t<\/div>\n\n<p><iframe loading=\"lazy\" title=\"CUENTO: EL LADR\u00d3N DE SONRISAS\" width=\"500\" height=\"375\" src=\"https:\/\/www.youtube.com\/embed\/hX736xU9Qsw?feature=oembed&#038;wmode=opaque\" frameborder=\"0\" allow=\"accelerometer; autoplay; clipboard-write; encrypted-media; gyroscope; picture-in-picture; web-share\" referrerpolicy=\"strict-origin-when-cross-origin\" allowfullscreen><\/iframe><\/p>\n<p>QUINTO. Recetas de lluvia y az\u00facar.<\/p>\n\n\t\t<style>\n\t\t\t#gallery-8 {\n\t\t\t\tmargin: auto;\n\t\t\t}\n\t\t\t#gallery-8 .gallery-item {\n\t\t\t\tfloat: left;\n\t\t\t\tmargin-top: 10px;\n\t\t\t\ttext-align: center;\n\t\t\t\twidth: 100%;\n\t\t\t}\n\t\t\t#gallery-8 img {\n\t\t\t\tborder: 2px solid #cfcfcf;\n\t\t\t}\n\t\t\t#gallery-8 .gallery-caption {\n\t\t\t\tmargin-left: 0;\n\t\t\t}\n\t\t\t\/* see gallery_shortcode() in wp-includes\/media.php *\/\n\t\t<\/style>\n\t\t<div id='gallery-8' class='gallery galleryid-4061 gallery-columns-1 gallery-size-large'><dl class='gallery-item'>\n\t\t\t<dt class='gallery-icon landscape'>\n\t\t\t\t<a href='https:\/\/blogsaverroes.juntadeandalucia.es\/biblioplata\/2024\/01\/07\/biblioteca-programa-reto\/sin-titulo-7\/'><img loading=\"lazy\" decoding=\"async\" width=\"1000\" height=\"1000\" src=\"https:\/\/blogsaverroes.juntadeandalucia.es\/biblioplata\/files\/2024\/01\/Sin-t\u00edtulo-7.jpg\" class=\"attachment-large size-large\" alt=\"\" srcset=\"https:\/\/blogsaverroes.juntadeandalucia.es\/biblioplata\/files\/2024\/01\/Sin-t\u00edtulo-7.jpg 1000w, https:\/\/blogsaverroes.juntadeandalucia.es\/biblioplata\/files\/2024\/01\/Sin-t\u00edtulo-7-300x300.jpg 300w, https:\/\/blogsaverroes.juntadeandalucia.es\/biblioplata\/files\/2024\/01\/Sin-t\u00edtulo-7-150x150.jpg 150w, https:\/\/blogsaverroes.juntadeandalucia.es\/biblioplata\/files\/2024\/01\/Sin-t\u00edtulo-7-768x768.jpg 768w, https:\/\/blogsaverroes.juntadeandalucia.es\/biblioplata\/files\/2024\/01\/Sin-t\u00edtulo-7-432x432.jpg 432w, https:\/\/blogsaverroes.juntadeandalucia.es\/biblioplata\/files\/2024\/01\/Sin-t\u00edtulo-7-268x268.jpg 268w, https:\/\/blogsaverroes.juntadeandalucia.es\/biblioplata\/files\/2024\/01\/Sin-t\u00edtulo-7-700x700.jpg 700w\" sizes=\"(max-width: 1000px) 100vw, 1000px\" \/><\/a>\n\t\t\t<\/dt><\/dl><br style=\"clear: both\" \/>\n\t\t<\/div>\n\n<p><iframe loading=\"lazy\" title=\"Recetas de lluvia y azucar=cuento emociones =nieves poudereux\" width=\"500\" height=\"281\" src=\"https:\/\/www.youtube.com\/embed\/SBeeyKw8s6E?feature=oembed&#038;wmode=opaque\" frameborder=\"0\" allow=\"accelerometer; autoplay; clipboard-write; encrypted-media; gyroscope; picture-in-picture; web-share\" referrerpolicy=\"strict-origin-when-cross-origin\" allowfullscreen><\/iframe><\/p>\n<p>SEXTO. El emocionario.<\/p>\n\n\t\t<style>\n\t\t\t#gallery-9 {\n\t\t\t\tmargin: auto;\n\t\t\t}\n\t\t\t#gallery-9 .gallery-item {\n\t\t\t\tfloat: left;\n\t\t\t\tmargin-top: 10px;\n\t\t\t\ttext-align: center;\n\t\t\t\twidth: 100%;\n\t\t\t}\n\t\t\t#gallery-9 img {\n\t\t\t\tborder: 2px solid #cfcfcf;\n\t\t\t}\n\t\t\t#gallery-9 .gallery-caption {\n\t\t\t\tmargin-left: 0;\n\t\t\t}\n\t\t\t\/* see gallery_shortcode() in wp-includes\/media.php *\/\n\t\t<\/style>\n\t\t<div id='gallery-9' class='gallery galleryid-4061 gallery-columns-1 gallery-size-large'><dl class='gallery-item'>\n\t\t\t<dt class='gallery-icon landscape'>\n\t\t\t\t<a href='https:\/\/blogsaverroes.juntadeandalucia.es\/biblioplata\/2024\/01\/07\/biblioteca-programa-reto\/sin-titulo-8\/'><img loading=\"lazy\" decoding=\"async\" width=\"1000\" height=\"1000\" src=\"https:\/\/blogsaverroes.juntadeandalucia.es\/biblioplata\/files\/2024\/01\/Sin-t\u00edtulo-8.jpg\" class=\"attachment-large size-large\" alt=\"\" srcset=\"https:\/\/blogsaverroes.juntadeandalucia.es\/biblioplata\/files\/2024\/01\/Sin-t\u00edtulo-8.jpg 1000w, https:\/\/blogsaverroes.juntadeandalucia.es\/biblioplata\/files\/2024\/01\/Sin-t\u00edtulo-8-300x300.jpg 300w, https:\/\/blogsaverroes.juntadeandalucia.es\/biblioplata\/files\/2024\/01\/Sin-t\u00edtulo-8-150x150.jpg 150w, https:\/\/blogsaverroes.juntadeandalucia.es\/biblioplata\/files\/2024\/01\/Sin-t\u00edtulo-8-768x768.jpg 768w, https:\/\/blogsaverroes.juntadeandalucia.es\/biblioplata\/files\/2024\/01\/Sin-t\u00edtulo-8-432x432.jpg 432w, https:\/\/blogsaverroes.juntadeandalucia.es\/biblioplata\/files\/2024\/01\/Sin-t\u00edtulo-8-268x268.jpg 268w, https:\/\/blogsaverroes.juntadeandalucia.es\/biblioplata\/files\/2024\/01\/Sin-t\u00edtulo-8-700x700.jpg 700w\" sizes=\"(max-width: 1000px) 100vw, 1000px\" \/><\/a>\n\t\t\t<\/dt><\/dl><br style=\"clear: both\" \/>\n\t\t<\/div>\n\n<p><iframe loading=\"lazy\" title=\"Emocionario: Ternura\" width=\"500\" height=\"281\" src=\"https:\/\/www.youtube.com\/embed\/YP_D2MRM5Ko?feature=oembed&#038;wmode=opaque\" frameborder=\"0\" allow=\"accelerometer; autoplay; clipboard-write; encrypted-media; gyroscope; picture-in-picture; web-share\" referrerpolicy=\"strict-origin-when-cross-origin\" allowfullscreen><\/iframe><\/p>\n<p>SEGUNDO TRIMESTRE. TRABAJAMOS EL RESPETO A LA DIVERSIDAD.<br \/>\n3 A\u00d1OS. Las jirafas no pueden bailar.<\/p>\n\n\t\t<style>\n\t\t\t#gallery-10 {\n\t\t\t\tmargin: auto;\n\t\t\t}\n\t\t\t#gallery-10 .gallery-item {\n\t\t\t\tfloat: left;\n\t\t\t\tmargin-top: 10px;\n\t\t\t\ttext-align: center;\n\t\t\t\twidth: 100%;\n\t\t\t}\n\t\t\t#gallery-10 img {\n\t\t\t\tborder: 2px solid #cfcfcf;\n\t\t\t}\n\t\t\t#gallery-10 .gallery-caption {\n\t\t\t\tmargin-left: 0;\n\t\t\t}\n\t\t\t\/* see gallery_shortcode() in wp-includes\/media.php *\/\n\t\t<\/style>\n\t\t<div id='gallery-10' class='gallery galleryid-4061 gallery-columns-1 gallery-size-large'><dl class='gallery-item'>\n\t\t\t<dt class='gallery-icon landscape'>\n\t\t\t\t<a href='https:\/\/blogsaverroes.juntadeandalucia.es\/biblioplata\/2024\/01\/07\/biblioteca-programa-reto\/sin-titulo-9\/'><img loading=\"lazy\" decoding=\"async\" width=\"1000\" height=\"1000\" src=\"https:\/\/blogsaverroes.juntadeandalucia.es\/biblioplata\/files\/2024\/01\/Sin-t\u00edtulo-9.jpg\" class=\"attachment-large size-large\" alt=\"\" srcset=\"https:\/\/blogsaverroes.juntadeandalucia.es\/biblioplata\/files\/2024\/01\/Sin-t\u00edtulo-9.jpg 1000w, https:\/\/blogsaverroes.juntadeandalucia.es\/biblioplata\/files\/2024\/01\/Sin-t\u00edtulo-9-300x300.jpg 300w, https:\/\/blogsaverroes.juntadeandalucia.es\/biblioplata\/files\/2024\/01\/Sin-t\u00edtulo-9-150x150.jpg 150w, https:\/\/blogsaverroes.juntadeandalucia.es\/biblioplata\/files\/2024\/01\/Sin-t\u00edtulo-9-768x768.jpg 768w, https:\/\/blogsaverroes.juntadeandalucia.es\/biblioplata\/files\/2024\/01\/Sin-t\u00edtulo-9-432x432.jpg 432w, https:\/\/blogsaverroes.juntadeandalucia.es\/biblioplata\/files\/2024\/01\/Sin-t\u00edtulo-9-268x268.jpg 268w, https:\/\/blogsaverroes.juntadeandalucia.es\/biblioplata\/files\/2024\/01\/Sin-t\u00edtulo-9-700x700.jpg 700w\" sizes=\"(max-width: 1000px) 100vw, 1000px\" \/><\/a>\n\t\t\t<\/dt><\/dl><br style=\"clear: both\" \/>\n\t\t<\/div>\n\n<p><iframe loading=\"lazy\" title=\"Las jirafas no pueden bailar - Cuentacuentos en espa\u00f1ol\" width=\"500\" height=\"281\" src=\"https:\/\/www.youtube.com\/embed\/VFLiD25KwSA?feature=oembed&#038;wmode=opaque\" frameborder=\"0\" allow=\"accelerometer; autoplay; clipboard-write; encrypted-media; gyroscope; picture-in-picture; web-share\" referrerpolicy=\"strict-origin-when-cross-origin\" allowfullscreen><\/iframe><\/p>\n<p>4 A\u00d1OS. Elmer.<\/p>\n\n\t\t<style>\n\t\t\t#gallery-11 {\n\t\t\t\tmargin: auto;\n\t\t\t}\n\t\t\t#gallery-11 .gallery-item {\n\t\t\t\tfloat: left;\n\t\t\t\tmargin-top: 10px;\n\t\t\t\ttext-align: center;\n\t\t\t\twidth: 100%;\n\t\t\t}\n\t\t\t#gallery-11 img {\n\t\t\t\tborder: 2px solid #cfcfcf;\n\t\t\t}\n\t\t\t#gallery-11 .gallery-caption {\n\t\t\t\tmargin-left: 0;\n\t\t\t}\n\t\t\t\/* see gallery_shortcode() in wp-includes\/media.php *\/\n\t\t<\/style>\n\t\t<div id='gallery-11' class='gallery galleryid-4061 gallery-columns-1 gallery-size-large'><dl class='gallery-item'>\n\t\t\t<dt class='gallery-icon landscape'>\n\t\t\t\t<a href='https:\/\/blogsaverroes.juntadeandalucia.es\/biblioplata\/2024\/01\/07\/biblioteca-programa-reto\/sin-titulo-10\/'><img loading=\"lazy\" decoding=\"async\" width=\"1000\" height=\"1000\" src=\"https:\/\/blogsaverroes.juntadeandalucia.es\/biblioplata\/files\/2024\/01\/Sin-t\u00edtulo-10.jpg\" class=\"attachment-large size-large\" alt=\"\" srcset=\"https:\/\/blogsaverroes.juntadeandalucia.es\/biblioplata\/files\/2024\/01\/Sin-t\u00edtulo-10.jpg 1000w, https:\/\/blogsaverroes.juntadeandalucia.es\/biblioplata\/files\/2024\/01\/Sin-t\u00edtulo-10-300x300.jpg 300w, https:\/\/blogsaverroes.juntadeandalucia.es\/biblioplata\/files\/2024\/01\/Sin-t\u00edtulo-10-150x150.jpg 150w, https:\/\/blogsaverroes.juntadeandalucia.es\/biblioplata\/files\/2024\/01\/Sin-t\u00edtulo-10-768x768.jpg 768w, https:\/\/blogsaverroes.juntadeandalucia.es\/biblioplata\/files\/2024\/01\/Sin-t\u00edtulo-10-432x432.jpg 432w, https:\/\/blogsaverroes.juntadeandalucia.es\/biblioplata\/files\/2024\/01\/Sin-t\u00edtulo-10-268x268.jpg 268w, https:\/\/blogsaverroes.juntadeandalucia.es\/biblioplata\/files\/2024\/01\/Sin-t\u00edtulo-10-700x700.jpg 700w\" sizes=\"(max-width: 1000px) 100vw, 1000px\" \/><\/a>\n\t\t\t<\/dt><\/dl><br style=\"clear: both\" \/>\n\t\t<\/div>\n\n<p><a href=\"https:\/\/youtu.be\/IvFzo-AwC9s\">https:\/\/youtu.be\/IvFzo-AwC9s<\/a><\/p>\n<p>5 A\u00d1OS. Por cuatro esquinitas de nada.<\/p>\n\n\t\t<style>\n\t\t\t#gallery-12 {\n\t\t\t\tmargin: auto;\n\t\t\t}\n\t\t\t#gallery-12 .gallery-item {\n\t\t\t\tfloat: left;\n\t\t\t\tmargin-top: 10px;\n\t\t\t\ttext-align: center;\n\t\t\t\twidth: 100%;\n\t\t\t}\n\t\t\t#gallery-12 img {\n\t\t\t\tborder: 2px solid #cfcfcf;\n\t\t\t}\n\t\t\t#gallery-12 .gallery-caption {\n\t\t\t\tmargin-left: 0;\n\t\t\t}\n\t\t\t\/* see gallery_shortcode() in wp-includes\/media.php *\/\n\t\t<\/style>\n\t\t<div id='gallery-12' class='gallery galleryid-4061 gallery-columns-1 gallery-size-large'><dl class='gallery-item'>\n\t\t\t<dt class='gallery-icon landscape'>\n\t\t\t\t<a href='https:\/\/blogsaverroes.juntadeandalucia.es\/biblioplata\/2024\/01\/07\/biblioteca-programa-reto\/sin-titulo-11\/'><img loading=\"lazy\" decoding=\"async\" width=\"1000\" height=\"1000\" src=\"https:\/\/blogsaverroes.juntadeandalucia.es\/biblioplata\/files\/2024\/01\/Sin-t\u00edtulo-11.jpg\" class=\"attachment-large size-large\" alt=\"\" srcset=\"https:\/\/blogsaverroes.juntadeandalucia.es\/biblioplata\/files\/2024\/01\/Sin-t\u00edtulo-11.jpg 1000w, https:\/\/blogsaverroes.juntadeandalucia.es\/biblioplata\/files\/2024\/01\/Sin-t\u00edtulo-11-300x300.jpg 300w, https:\/\/blogsaverroes.juntadeandalucia.es\/biblioplata\/files\/2024\/01\/Sin-t\u00edtulo-11-150x150.jpg 150w, https:\/\/blogsaverroes.juntadeandalucia.es\/biblioplata\/files\/2024\/01\/Sin-t\u00edtulo-11-768x768.jpg 768w, https:\/\/blogsaverroes.juntadeandalucia.es\/biblioplata\/files\/2024\/01\/Sin-t\u00edtulo-11-432x432.jpg 432w, https:\/\/blogsaverroes.juntadeandalucia.es\/biblioplata\/files\/2024\/01\/Sin-t\u00edtulo-11-268x268.jpg 268w, https:\/\/blogsaverroes.juntadeandalucia.es\/biblioplata\/files\/2024\/01\/Sin-t\u00edtulo-11-700x700.jpg 700w\" sizes=\"(max-width: 1000px) 100vw, 1000px\" \/><\/a>\n\t\t\t<\/dt><\/dl><br style=\"clear: both\" \/>\n\t\t<\/div>\n\n<p><iframe loading=\"lazy\" title=\"POR CUATRO ESQUINITAS DE NADA -  J\u00e9r\u00f4me Ruillier\" width=\"500\" height=\"281\" src=\"https:\/\/www.youtube.com\/embed\/4Qj9rYf3Ohg?feature=oembed&#038;wmode=opaque\" frameborder=\"0\" allow=\"accelerometer; autoplay; clipboard-write; encrypted-media; gyroscope; picture-in-picture; web-share\" referrerpolicy=\"strict-origin-when-cross-origin\" allowfullscreen><\/iframe><\/p>\n<p>PRIMERO. El monstruo Rosa.<\/p>\n\n\t\t<style>\n\t\t\t#gallery-13 {\n\t\t\t\tmargin: auto;\n\t\t\t}\n\t\t\t#gallery-13 .gallery-item {\n\t\t\t\tfloat: left;\n\t\t\t\tmargin-top: 10px;\n\t\t\t\ttext-align: center;\n\t\t\t\twidth: 100%;\n\t\t\t}\n\t\t\t#gallery-13 img {\n\t\t\t\tborder: 2px solid #cfcfcf;\n\t\t\t}\n\t\t\t#gallery-13 .gallery-caption {\n\t\t\t\tmargin-left: 0;\n\t\t\t}\n\t\t\t\/* see gallery_shortcode() in wp-includes\/media.php *\/\n\t\t<\/style>\n\t\t<div id='gallery-13' class='gallery galleryid-4061 gallery-columns-1 gallery-size-large'><dl class='gallery-item'>\n\t\t\t<dt class='gallery-icon landscape'>\n\t\t\t\t<a href='https:\/\/blogsaverroes.juntadeandalucia.es\/biblioplata\/2024\/01\/07\/biblioteca-programa-reto\/sin-titulo-12\/'><img loading=\"lazy\" decoding=\"async\" width=\"1000\" height=\"1000\" src=\"https:\/\/blogsaverroes.juntadeandalucia.es\/biblioplata\/files\/2024\/01\/Sin-t\u00edtulo-12.jpg\" class=\"attachment-large size-large\" alt=\"\" srcset=\"https:\/\/blogsaverroes.juntadeandalucia.es\/biblioplata\/files\/2024\/01\/Sin-t\u00edtulo-12.jpg 1000w, https:\/\/blogsaverroes.juntadeandalucia.es\/biblioplata\/files\/2024\/01\/Sin-t\u00edtulo-12-300x300.jpg 300w, https:\/\/blogsaverroes.juntadeandalucia.es\/biblioplata\/files\/2024\/01\/Sin-t\u00edtulo-12-150x150.jpg 150w, https:\/\/blogsaverroes.juntadeandalucia.es\/biblioplata\/files\/2024\/01\/Sin-t\u00edtulo-12-768x768.jpg 768w, https:\/\/blogsaverroes.juntadeandalucia.es\/biblioplata\/files\/2024\/01\/Sin-t\u00edtulo-12-432x432.jpg 432w, https:\/\/blogsaverroes.juntadeandalucia.es\/biblioplata\/files\/2024\/01\/Sin-t\u00edtulo-12-268x268.jpg 268w, https:\/\/blogsaverroes.juntadeandalucia.es\/biblioplata\/files\/2024\/01\/Sin-t\u00edtulo-12-700x700.jpg 700w\" sizes=\"(max-width: 1000px) 100vw, 1000px\" \/><\/a>\n\t\t\t<\/dt><\/dl><br style=\"clear: both\" \/>\n\t\t<\/div>\n\n<p><iframe loading=\"lazy\" title=\"Cuento Monstruo Rosa # Cuento Infantil\" width=\"500\" height=\"281\" src=\"https:\/\/www.youtube.com\/embed\/AljPBaB5I4A?feature=oembed&#038;wmode=opaque\" frameborder=\"0\" allow=\"accelerometer; autoplay; clipboard-write; encrypted-media; gyroscope; picture-in-picture; web-share\" referrerpolicy=\"strict-origin-when-cross-origin\" allowfullscreen><\/iframe><\/p>\n<p>SEGUNDO. Mi familia es especial.<\/p>\n\n\t\t<style>\n\t\t\t#gallery-14 {\n\t\t\t\tmargin: auto;\n\t\t\t}\n\t\t\t#gallery-14 .gallery-item {\n\t\t\t\tfloat: left;\n\t\t\t\tmargin-top: 10px;\n\t\t\t\ttext-align: center;\n\t\t\t\twidth: 100%;\n\t\t\t}\n\t\t\t#gallery-14 img {\n\t\t\t\tborder: 2px solid #cfcfcf;\n\t\t\t}\n\t\t\t#gallery-14 .gallery-caption {\n\t\t\t\tmargin-left: 0;\n\t\t\t}\n\t\t\t\/* see gallery_shortcode() in wp-includes\/media.php *\/\n\t\t<\/style>\n\t\t<div id='gallery-14' class='gallery galleryid-4061 gallery-columns-1 gallery-size-large'><dl class='gallery-item'>\n\t\t\t<dt class='gallery-icon landscape'>\n\t\t\t\t<a href='https:\/\/blogsaverroes.juntadeandalucia.es\/biblioplata\/2024\/01\/07\/biblioteca-programa-reto\/sin-titulo-13\/'><img loading=\"lazy\" decoding=\"async\" width=\"1000\" height=\"1000\" src=\"https:\/\/blogsaverroes.juntadeandalucia.es\/biblioplata\/files\/2024\/01\/Sin-t\u00edtulo-13.jpg\" class=\"attachment-large size-large\" alt=\"\" srcset=\"https:\/\/blogsaverroes.juntadeandalucia.es\/biblioplata\/files\/2024\/01\/Sin-t\u00edtulo-13.jpg 1000w, https:\/\/blogsaverroes.juntadeandalucia.es\/biblioplata\/files\/2024\/01\/Sin-t\u00edtulo-13-300x300.jpg 300w, https:\/\/blogsaverroes.juntadeandalucia.es\/biblioplata\/files\/2024\/01\/Sin-t\u00edtulo-13-150x150.jpg 150w, https:\/\/blogsaverroes.juntadeandalucia.es\/biblioplata\/files\/2024\/01\/Sin-t\u00edtulo-13-768x768.jpg 768w, https:\/\/blogsaverroes.juntadeandalucia.es\/biblioplata\/files\/2024\/01\/Sin-t\u00edtulo-13-432x432.jpg 432w, https:\/\/blogsaverroes.juntadeandalucia.es\/biblioplata\/files\/2024\/01\/Sin-t\u00edtulo-13-268x268.jpg 268w, https:\/\/blogsaverroes.juntadeandalucia.es\/biblioplata\/files\/2024\/01\/Sin-t\u00edtulo-13-700x700.jpg 700w\" sizes=\"(max-width: 1000px) 100vw, 1000px\" \/><\/a>\n\t\t\t<\/dt><\/dl><br style=\"clear: both\" \/>\n\t\t<\/div>\n\n<p><a href=\"https:\/\/youtu.be\/8sifbiMqJpM\">https:\/\/youtu.be\/8sifbiMqJpM<\/a><\/p>\n<p>TERCERO. Orejas de mariposa.<\/p>\n\n\t\t<style>\n\t\t\t#gallery-15 {\n\t\t\t\tmargin: auto;\n\t\t\t}\n\t\t\t#gallery-15 .gallery-item {\n\t\t\t\tfloat: left;\n\t\t\t\tmargin-top: 10px;\n\t\t\t\ttext-align: center;\n\t\t\t\twidth: 100%;\n\t\t\t}\n\t\t\t#gallery-15 img {\n\t\t\t\tborder: 2px solid #cfcfcf;\n\t\t\t}\n\t\t\t#gallery-15 .gallery-caption {\n\t\t\t\tmargin-left: 0;\n\t\t\t}\n\t\t\t\/* see gallery_shortcode() in wp-includes\/media.php *\/\n\t\t<\/style>\n\t\t<div id='gallery-15' class='gallery galleryid-4061 gallery-columns-1 gallery-size-large'><dl class='gallery-item'>\n\t\t\t<dt class='gallery-icon landscape'>\n\t\t\t\t<a href='https:\/\/blogsaverroes.juntadeandalucia.es\/biblioplata\/2024\/01\/07\/biblioteca-programa-reto\/sin-titulo-14\/'><img loading=\"lazy\" decoding=\"async\" width=\"1000\" height=\"1000\" src=\"https:\/\/blogsaverroes.juntadeandalucia.es\/biblioplata\/files\/2024\/01\/Sin-t\u00edtulo-14.jpg\" class=\"attachment-large size-large\" alt=\"\" srcset=\"https:\/\/blogsaverroes.juntadeandalucia.es\/biblioplata\/files\/2024\/01\/Sin-t\u00edtulo-14.jpg 1000w, https:\/\/blogsaverroes.juntadeandalucia.es\/biblioplata\/files\/2024\/01\/Sin-t\u00edtulo-14-300x300.jpg 300w, https:\/\/blogsaverroes.juntadeandalucia.es\/biblioplata\/files\/2024\/01\/Sin-t\u00edtulo-14-150x150.jpg 150w, https:\/\/blogsaverroes.juntadeandalucia.es\/biblioplata\/files\/2024\/01\/Sin-t\u00edtulo-14-768x768.jpg 768w, https:\/\/blogsaverroes.juntadeandalucia.es\/biblioplata\/files\/2024\/01\/Sin-t\u00edtulo-14-432x432.jpg 432w, https:\/\/blogsaverroes.juntadeandalucia.es\/biblioplata\/files\/2024\/01\/Sin-t\u00edtulo-14-268x268.jpg 268w, https:\/\/blogsaverroes.juntadeandalucia.es\/biblioplata\/files\/2024\/01\/Sin-t\u00edtulo-14-700x700.jpg 700w\" sizes=\"(max-width: 1000px) 100vw, 1000px\" \/><\/a>\n\t\t\t<\/dt><\/dl><br style=\"clear: both\" \/>\n\t\t<\/div>\n\n<p><iframe loading=\"lazy\" title=\"Cuento &quot;Orejas de Mariposa&quot; de Kalandraka\" width=\"500\" height=\"281\" src=\"https:\/\/www.youtube.com\/embed\/7iNmp2hROt4?feature=oembed&#038;wmode=opaque\" frameborder=\"0\" allow=\"accelerometer; autoplay; clipboard-write; encrypted-media; gyroscope; picture-in-picture; web-share\" referrerpolicy=\"strict-origin-when-cross-origin\" allowfullscreen><\/iframe><\/p>\n<p>CUARTO. Rosa caramelo.<\/p>\n\n\t\t<style>\n\t\t\t#gallery-16 {\n\t\t\t\tmargin: auto;\n\t\t\t}\n\t\t\t#gallery-16 .gallery-item {\n\t\t\t\tfloat: left;\n\t\t\t\tmargin-top: 10px;\n\t\t\t\ttext-align: center;\n\t\t\t\twidth: 100%;\n\t\t\t}\n\t\t\t#gallery-16 img {\n\t\t\t\tborder: 2px solid #cfcfcf;\n\t\t\t}\n\t\t\t#gallery-16 .gallery-caption {\n\t\t\t\tmargin-left: 0;\n\t\t\t}\n\t\t\t\/* see gallery_shortcode() in wp-includes\/media.php *\/\n\t\t<\/style>\n\t\t<div id='gallery-16' class='gallery galleryid-4061 gallery-columns-1 gallery-size-large'><dl class='gallery-item'>\n\t\t\t<dt class='gallery-icon landscape'>\n\t\t\t\t<a href='https:\/\/blogsaverroes.juntadeandalucia.es\/biblioplata\/2024\/01\/07\/biblioteca-programa-reto\/sin-titulo-15\/'><img loading=\"lazy\" decoding=\"async\" width=\"1000\" height=\"1000\" src=\"https:\/\/blogsaverroes.juntadeandalucia.es\/biblioplata\/files\/2024\/01\/Sin-t\u00edtulo-15.jpg\" class=\"attachment-large size-large\" alt=\"\" srcset=\"https:\/\/blogsaverroes.juntadeandalucia.es\/biblioplata\/files\/2024\/01\/Sin-t\u00edtulo-15.jpg 1000w, https:\/\/blogsaverroes.juntadeandalucia.es\/biblioplata\/files\/2024\/01\/Sin-t\u00edtulo-15-300x300.jpg 300w, https:\/\/blogsaverroes.juntadeandalucia.es\/biblioplata\/files\/2024\/01\/Sin-t\u00edtulo-15-150x150.jpg 150w, https:\/\/blogsaverroes.juntadeandalucia.es\/biblioplata\/files\/2024\/01\/Sin-t\u00edtulo-15-768x768.jpg 768w, https:\/\/blogsaverroes.juntadeandalucia.es\/biblioplata\/files\/2024\/01\/Sin-t\u00edtulo-15-432x432.jpg 432w, https:\/\/blogsaverroes.juntadeandalucia.es\/biblioplata\/files\/2024\/01\/Sin-t\u00edtulo-15-268x268.jpg 268w, https:\/\/blogsaverroes.juntadeandalucia.es\/biblioplata\/files\/2024\/01\/Sin-t\u00edtulo-15-700x700.jpg 700w\" sizes=\"(max-width: 1000px) 100vw, 1000px\" \/><\/a>\n\t\t\t<\/dt><\/dl><br style=\"clear: both\" \/>\n\t\t<\/div>\n\n<p><iframe loading=\"lazy\" title=\"Rosa Caramelo - Cuentos infantiles por la igualdad\" width=\"500\" height=\"281\" src=\"https:\/\/www.youtube.com\/embed\/NO3pwZMcV10?feature=oembed&#038;wmode=opaque\" frameborder=\"0\" allow=\"accelerometer; autoplay; clipboard-write; encrypted-media; gyroscope; picture-in-picture; web-share\" referrerpolicy=\"strict-origin-when-cross-origin\" allowfullscreen><\/iframe><\/p>\n<p>QUINTO. Malena Ballena.<\/p>\n\n\t\t<style>\n\t\t\t#gallery-17 {\n\t\t\t\tmargin: auto;\n\t\t\t}\n\t\t\t#gallery-17 .gallery-item {\n\t\t\t\tfloat: left;\n\t\t\t\tmargin-top: 10px;\n\t\t\t\ttext-align: center;\n\t\t\t\twidth: 100%;\n\t\t\t}\n\t\t\t#gallery-17 img {\n\t\t\t\tborder: 2px solid #cfcfcf;\n\t\t\t}\n\t\t\t#gallery-17 .gallery-caption {\n\t\t\t\tmargin-left: 0;\n\t\t\t}\n\t\t\t\/* see gallery_shortcode() in wp-includes\/media.php *\/\n\t\t<\/style>\n\t\t<div id='gallery-17' class='gallery galleryid-4061 gallery-columns-1 gallery-size-large'><dl class='gallery-item'>\n\t\t\t<dt class='gallery-icon landscape'>\n\t\t\t\t<a href='https:\/\/blogsaverroes.juntadeandalucia.es\/biblioplata\/2024\/01\/07\/biblioteca-programa-reto\/sin-titulo-16\/'><img loading=\"lazy\" decoding=\"async\" width=\"1000\" height=\"1000\" src=\"https:\/\/blogsaverroes.juntadeandalucia.es\/biblioplata\/files\/2024\/01\/Sin-t\u00edtulo-16.jpg\" class=\"attachment-large size-large\" alt=\"\" srcset=\"https:\/\/blogsaverroes.juntadeandalucia.es\/biblioplata\/files\/2024\/01\/Sin-t\u00edtulo-16.jpg 1000w, https:\/\/blogsaverroes.juntadeandalucia.es\/biblioplata\/files\/2024\/01\/Sin-t\u00edtulo-16-300x300.jpg 300w, https:\/\/blogsaverroes.juntadeandalucia.es\/biblioplata\/files\/2024\/01\/Sin-t\u00edtulo-16-150x150.jpg 150w, https:\/\/blogsaverroes.juntadeandalucia.es\/biblioplata\/files\/2024\/01\/Sin-t\u00edtulo-16-768x768.jpg 768w, https:\/\/blogsaverroes.juntadeandalucia.es\/biblioplata\/files\/2024\/01\/Sin-t\u00edtulo-16-432x432.jpg 432w, https:\/\/blogsaverroes.juntadeandalucia.es\/biblioplata\/files\/2024\/01\/Sin-t\u00edtulo-16-268x268.jpg 268w, https:\/\/blogsaverroes.juntadeandalucia.es\/biblioplata\/files\/2024\/01\/Sin-t\u00edtulo-16-700x700.jpg 700w\" sizes=\"(max-width: 1000px) 100vw, 1000px\" \/><\/a>\n\t\t\t<\/dt><\/dl><br style=\"clear: both\" \/>\n\t\t<\/div>\n\n<p><a href=\"https:\/\/www.youtube.com\/watch?v=OAH6s86Ak8Y\">https:\/\/www.youtube.com\/watch?v=OAH6s86Ak8Y<\/a><\/p>\n<p>&nbsp;<\/p>\n<p>SEXTO. Yo voy conmigo.<\/p>\n\n\t\t<style>\n\t\t\t#gallery-18 {\n\t\t\t\tmargin: auto;\n\t\t\t}\n\t\t\t#gallery-18 .gallery-item {\n\t\t\t\tfloat: left;\n\t\t\t\tmargin-top: 10px;\n\t\t\t\ttext-align: center;\n\t\t\t\twidth: 100%;\n\t\t\t}\n\t\t\t#gallery-18 img {\n\t\t\t\tborder: 2px solid #cfcfcf;\n\t\t\t}\n\t\t\t#gallery-18 .gallery-caption {\n\t\t\t\tmargin-left: 0;\n\t\t\t}\n\t\t\t\/* see gallery_shortcode() in wp-includes\/media.php *\/\n\t\t<\/style>\n\t\t<div id='gallery-18' class='gallery galleryid-4061 gallery-columns-1 gallery-size-large'><dl class='gallery-item'>\n\t\t\t<dt class='gallery-icon landscape'>\n\t\t\t\t<a href='https:\/\/blogsaverroes.juntadeandalucia.es\/biblioplata\/2024\/01\/07\/biblioteca-programa-reto\/sin-titulo-17\/'><img loading=\"lazy\" decoding=\"async\" width=\"1000\" height=\"1000\" src=\"https:\/\/blogsaverroes.juntadeandalucia.es\/biblioplata\/files\/2024\/01\/Sin-t\u00edtulo-17.jpg\" class=\"attachment-large size-large\" alt=\"\" srcset=\"https:\/\/blogsaverroes.juntadeandalucia.es\/biblioplata\/files\/2024\/01\/Sin-t\u00edtulo-17.jpg 1000w, https:\/\/blogsaverroes.juntadeandalucia.es\/biblioplata\/files\/2024\/01\/Sin-t\u00edtulo-17-300x300.jpg 300w, https:\/\/blogsaverroes.juntadeandalucia.es\/biblioplata\/files\/2024\/01\/Sin-t\u00edtulo-17-150x150.jpg 150w, https:\/\/blogsaverroes.juntadeandalucia.es\/biblioplata\/files\/2024\/01\/Sin-t\u00edtulo-17-768x768.jpg 768w, https:\/\/blogsaverroes.juntadeandalucia.es\/biblioplata\/files\/2024\/01\/Sin-t\u00edtulo-17-432x432.jpg 432w, https:\/\/blogsaverroes.juntadeandalucia.es\/biblioplata\/files\/2024\/01\/Sin-t\u00edtulo-17-268x268.jpg 268w, https:\/\/blogsaverroes.juntadeandalucia.es\/biblioplata\/files\/2024\/01\/Sin-t\u00edtulo-17-700x700.jpg 700w\" sizes=\"(max-width: 1000px) 100vw, 1000px\" \/><\/a>\n\t\t\t<\/dt><\/dl><br style=\"clear: both\" \/>\n\t\t<\/div>\n\n<p><iframe loading=\"lazy\" title=\"Yo, voy conmigo, por Rozal\u00e9n\" width=\"500\" height=\"281\" src=\"https:\/\/www.youtube.com\/embed\/jrpxixzQ790?feature=oembed&#038;wmode=opaque\" frameborder=\"0\" allow=\"accelerometer; autoplay; clipboard-write; encrypted-media; gyroscope; picture-in-picture; web-share\" referrerpolicy=\"strict-origin-when-cross-origin\" allowfullscreen><\/iframe><\/p>\n<p>Yo soy.<\/p>\n\n\t\t<style>\n\t\t\t#gallery-19 {\n\t\t\t\tmargin: auto;\n\t\t\t}\n\t\t\t#gallery-19 .gallery-item {\n\t\t\t\tfloat: left;\n\t\t\t\tmargin-top: 10px;\n\t\t\t\ttext-align: center;\n\t\t\t\twidth: 100%;\n\t\t\t}\n\t\t\t#gallery-19 img {\n\t\t\t\tborder: 2px solid #cfcfcf;\n\t\t\t}\n\t\t\t#gallery-19 .gallery-caption {\n\t\t\t\tmargin-left: 0;\n\t\t\t}\n\t\t\t\/* see gallery_shortcode() in wp-includes\/media.php *\/\n\t\t<\/style>\n\t\t<div id='gallery-19' class='gallery galleryid-4061 gallery-columns-1 gallery-size-large'><dl class='gallery-item'>\n\t\t\t<dt class='gallery-icon landscape'>\n\t\t\t\t<a href='https:\/\/blogsaverroes.juntadeandalucia.es\/biblioplata\/2024\/01\/07\/biblioteca-programa-reto\/sin-titulo-18\/'><img loading=\"lazy\" decoding=\"async\" width=\"1000\" height=\"1000\" src=\"https:\/\/blogsaverroes.juntadeandalucia.es\/biblioplata\/files\/2024\/01\/Sin-t\u00edtulo-18.jpg\" class=\"attachment-large size-large\" alt=\"\" srcset=\"https:\/\/blogsaverroes.juntadeandalucia.es\/biblioplata\/files\/2024\/01\/Sin-t\u00edtulo-18.jpg 1000w, https:\/\/blogsaverroes.juntadeandalucia.es\/biblioplata\/files\/2024\/01\/Sin-t\u00edtulo-18-300x300.jpg 300w, https:\/\/blogsaverroes.juntadeandalucia.es\/biblioplata\/files\/2024\/01\/Sin-t\u00edtulo-18-150x150.jpg 150w, https:\/\/blogsaverroes.juntadeandalucia.es\/biblioplata\/files\/2024\/01\/Sin-t\u00edtulo-18-768x768.jpg 768w, https:\/\/blogsaverroes.juntadeandalucia.es\/biblioplata\/files\/2024\/01\/Sin-t\u00edtulo-18-432x432.jpg 432w, https:\/\/blogsaverroes.juntadeandalucia.es\/biblioplata\/files\/2024\/01\/Sin-t\u00edtulo-18-268x268.jpg 268w, https:\/\/blogsaverroes.juntadeandalucia.es\/biblioplata\/files\/2024\/01\/Sin-t\u00edtulo-18-700x700.jpg 700w\" sizes=\"(max-width: 1000px) 100vw, 1000px\" \/><\/a>\n\t\t\t<\/dt><\/dl><br style=\"clear: both\" \/>\n\t\t<\/div>\n\n<p><iframe loading=\"lazy\" title=\"Yo soy de Raquel D\u00edaz Reguera\" width=\"500\" height=\"281\" src=\"https:\/\/www.youtube.com\/embed\/MAO6oSceWEw?feature=oembed&#038;wmode=opaque\" frameborder=\"0\" allow=\"accelerometer; autoplay; clipboard-write; encrypted-media; gyroscope; picture-in-picture; web-share\" referrerpolicy=\"strict-origin-when-cross-origin\" allowfullscreen><\/iframe><\/p>\n<p>TERCER TRIMESTRE. MEDITAMOS<br \/>\nCom\u00fan a todo el Ciclo de Infantil (3, 4 y 5 a\u00f1os). El despertar de la Ranita: Meditaci\u00f3n con<br \/>\nlos m\u00e1s peque\u00f1os.<\/p>\n\n\t\t<style>\n\t\t\t#gallery-20 {\n\t\t\t\tmargin: auto;\n\t\t\t}\n\t\t\t#gallery-20 .gallery-item {\n\t\t\t\tfloat: left;\n\t\t\t\tmargin-top: 10px;\n\t\t\t\ttext-align: center;\n\t\t\t\twidth: 100%;\n\t\t\t}\n\t\t\t#gallery-20 img {\n\t\t\t\tborder: 2px solid #cfcfcf;\n\t\t\t}\n\t\t\t#gallery-20 .gallery-caption {\n\t\t\t\tmargin-left: 0;\n\t\t\t}\n\t\t\t\/* see gallery_shortcode() in wp-includes\/media.php *\/\n\t\t<\/style>\n\t\t<div id='gallery-20' class='gallery galleryid-4061 gallery-columns-1 gallery-size-large'><dl class='gallery-item'>\n\t\t\t<dt class='gallery-icon landscape'>\n\t\t\t\t<a href='https:\/\/blogsaverroes.juntadeandalucia.es\/biblioplata\/2024\/01\/07\/biblioteca-programa-reto\/sin-titulo-19\/'><img loading=\"lazy\" decoding=\"async\" width=\"1000\" height=\"1000\" src=\"https:\/\/blogsaverroes.juntadeandalucia.es\/biblioplata\/files\/2024\/01\/Sin-t\u00edtulo-19.jpg\" class=\"attachment-large size-large\" alt=\"\" srcset=\"https:\/\/blogsaverroes.juntadeandalucia.es\/biblioplata\/files\/2024\/01\/Sin-t\u00edtulo-19.jpg 1000w, https:\/\/blogsaverroes.juntadeandalucia.es\/biblioplata\/files\/2024\/01\/Sin-t\u00edtulo-19-300x300.jpg 300w, https:\/\/blogsaverroes.juntadeandalucia.es\/biblioplata\/files\/2024\/01\/Sin-t\u00edtulo-19-150x150.jpg 150w, https:\/\/blogsaverroes.juntadeandalucia.es\/biblioplata\/files\/2024\/01\/Sin-t\u00edtulo-19-768x768.jpg 768w, https:\/\/blogsaverroes.juntadeandalucia.es\/biblioplata\/files\/2024\/01\/Sin-t\u00edtulo-19-432x432.jpg 432w, https:\/\/blogsaverroes.juntadeandalucia.es\/biblioplata\/files\/2024\/01\/Sin-t\u00edtulo-19-268x268.jpg 268w, https:\/\/blogsaverroes.juntadeandalucia.es\/biblioplata\/files\/2024\/01\/Sin-t\u00edtulo-19-700x700.jpg 700w\" sizes=\"(max-width: 1000px) 100vw, 1000px\" \/><\/a>\n\t\t\t<\/dt><\/dl><br style=\"clear: both\" \/>\n\t\t<\/div>\n\n<p><iframe loading=\"lazy\" title=\"Meditaci\u00f3n de la Rana, basada en la meditaci\u00f3n para ni\u00f1os y ni\u00f1as de Eline Snel\" width=\"500\" height=\"281\" src=\"https:\/\/www.youtube.com\/embed\/ShtmPWciT1o?feature=oembed&#038;wmode=opaque\" frameborder=\"0\" allow=\"accelerometer; autoplay; clipboard-write; encrypted-media; gyroscope; picture-in-picture; web-share\" referrerpolicy=\"strict-origin-when-cross-origin\" allowfullscreen><\/iframe><\/p>\n<p>3 A\u00d1OS. Buenos d\u00edas calma.<\/p>\n\n\t\t<style>\n\t\t\t#gallery-21 {\n\t\t\t\tmargin: auto;\n\t\t\t}\n\t\t\t#gallery-21 .gallery-item {\n\t\t\t\tfloat: left;\n\t\t\t\tmargin-top: 10px;\n\t\t\t\ttext-align: center;\n\t\t\t\twidth: 100%;\n\t\t\t}\n\t\t\t#gallery-21 img {\n\t\t\t\tborder: 2px solid #cfcfcf;\n\t\t\t}\n\t\t\t#gallery-21 .gallery-caption {\n\t\t\t\tmargin-left: 0;\n\t\t\t}\n\t\t\t\/* see gallery_shortcode() in wp-includes\/media.php *\/\n\t\t<\/style>\n\t\t<div id='gallery-21' class='gallery galleryid-4061 gallery-columns-1 gallery-size-large'><dl class='gallery-item'>\n\t\t\t<dt class='gallery-icon landscape'>\n\t\t\t\t<a href='https:\/\/blogsaverroes.juntadeandalucia.es\/biblioplata\/2024\/01\/07\/biblioteca-programa-reto\/sin-titulo-20\/'><img loading=\"lazy\" decoding=\"async\" width=\"1000\" height=\"1000\" src=\"https:\/\/blogsaverroes.juntadeandalucia.es\/biblioplata\/files\/2024\/01\/Sin-t\u00edtulo-20.jpg\" class=\"attachment-large size-large\" alt=\"\" srcset=\"https:\/\/blogsaverroes.juntadeandalucia.es\/biblioplata\/files\/2024\/01\/Sin-t\u00edtulo-20.jpg 1000w, https:\/\/blogsaverroes.juntadeandalucia.es\/biblioplata\/files\/2024\/01\/Sin-t\u00edtulo-20-300x300.jpg 300w, https:\/\/blogsaverroes.juntadeandalucia.es\/biblioplata\/files\/2024\/01\/Sin-t\u00edtulo-20-150x150.jpg 150w, https:\/\/blogsaverroes.juntadeandalucia.es\/biblioplata\/files\/2024\/01\/Sin-t\u00edtulo-20-768x768.jpg 768w, https:\/\/blogsaverroes.juntadeandalucia.es\/biblioplata\/files\/2024\/01\/Sin-t\u00edtulo-20-432x432.jpg 432w, https:\/\/blogsaverroes.juntadeandalucia.es\/biblioplata\/files\/2024\/01\/Sin-t\u00edtulo-20-268x268.jpg 268w, https:\/\/blogsaverroes.juntadeandalucia.es\/biblioplata\/files\/2024\/01\/Sin-t\u00edtulo-20-700x700.jpg 700w\" sizes=\"(max-width: 1000px) 100vw, 1000px\" \/><\/a>\n\t\t\t<\/dt><\/dl><br style=\"clear: both\" \/>\n\t\t<\/div>\n\n<p><a href=\"https:\/\/www.youtube.com\/shorts\/BThgFQFa_-Q\">https:\/\/www.youtube.com\/shorts\/BThgFQFa_-Q<\/a><\/p>\n<p>4 A\u00d1OS. Medita conmigo.<\/p>\n\n\t\t<style>\n\t\t\t#gallery-22 {\n\t\t\t\tmargin: auto;\n\t\t\t}\n\t\t\t#gallery-22 .gallery-item {\n\t\t\t\tfloat: left;\n\t\t\t\tmargin-top: 10px;\n\t\t\t\ttext-align: center;\n\t\t\t\twidth: 100%;\n\t\t\t}\n\t\t\t#gallery-22 img {\n\t\t\t\tborder: 2px solid #cfcfcf;\n\t\t\t}\n\t\t\t#gallery-22 .gallery-caption {\n\t\t\t\tmargin-left: 0;\n\t\t\t}\n\t\t\t\/* see gallery_shortcode() in wp-includes\/media.php *\/\n\t\t<\/style>\n\t\t<div id='gallery-22' class='gallery galleryid-4061 gallery-columns-1 gallery-size-large'><dl class='gallery-item'>\n\t\t\t<dt class='gallery-icon landscape'>\n\t\t\t\t<a href='https:\/\/blogsaverroes.juntadeandalucia.es\/biblioplata\/2024\/01\/07\/biblioteca-programa-reto\/sin-titulo-21\/'><img loading=\"lazy\" decoding=\"async\" width=\"1000\" height=\"1000\" src=\"https:\/\/blogsaverroes.juntadeandalucia.es\/biblioplata\/files\/2024\/01\/Sin-t\u00edtulo-21.jpg\" class=\"attachment-large size-large\" alt=\"\" srcset=\"https:\/\/blogsaverroes.juntadeandalucia.es\/biblioplata\/files\/2024\/01\/Sin-t\u00edtulo-21.jpg 1000w, https:\/\/blogsaverroes.juntadeandalucia.es\/biblioplata\/files\/2024\/01\/Sin-t\u00edtulo-21-300x300.jpg 300w, https:\/\/blogsaverroes.juntadeandalucia.es\/biblioplata\/files\/2024\/01\/Sin-t\u00edtulo-21-150x150.jpg 150w, https:\/\/blogsaverroes.juntadeandalucia.es\/biblioplata\/files\/2024\/01\/Sin-t\u00edtulo-21-768x768.jpg 768w, https:\/\/blogsaverroes.juntadeandalucia.es\/biblioplata\/files\/2024\/01\/Sin-t\u00edtulo-21-432x432.jpg 432w, https:\/\/blogsaverroes.juntadeandalucia.es\/biblioplata\/files\/2024\/01\/Sin-t\u00edtulo-21-268x268.jpg 268w, https:\/\/blogsaverroes.juntadeandalucia.es\/biblioplata\/files\/2024\/01\/Sin-t\u00edtulo-21-700x700.jpg 700w\" sizes=\"(max-width: 1000px) 100vw, 1000px\" \/><\/a>\n\t\t\t<\/dt><\/dl><br style=\"clear: both\" \/>\n\t\t<\/div>\n\n<p>5 A\u00d1OS. Relajaciones.<\/p>\n\n\t\t<style>\n\t\t\t#gallery-23 {\n\t\t\t\tmargin: auto;\n\t\t\t}\n\t\t\t#gallery-23 .gallery-item {\n\t\t\t\tfloat: left;\n\t\t\t\tmargin-top: 10px;\n\t\t\t\ttext-align: center;\n\t\t\t\twidth: 100%;\n\t\t\t}\n\t\t\t#gallery-23 img {\n\t\t\t\tborder: 2px solid #cfcfcf;\n\t\t\t}\n\t\t\t#gallery-23 .gallery-caption {\n\t\t\t\tmargin-left: 0;\n\t\t\t}\n\t\t\t\/* see gallery_shortcode() in wp-includes\/media.php *\/\n\t\t<\/style>\n\t\t<div id='gallery-23' class='gallery galleryid-4061 gallery-columns-1 gallery-size-large'><dl class='gallery-item'>\n\t\t\t<dt class='gallery-icon landscape'>\n\t\t\t\t<a href='https:\/\/blogsaverroes.juntadeandalucia.es\/biblioplata\/2024\/01\/07\/biblioteca-programa-reto\/sin-titulo-22\/'><img loading=\"lazy\" decoding=\"async\" width=\"1000\" height=\"1000\" src=\"https:\/\/blogsaverroes.juntadeandalucia.es\/biblioplata\/files\/2024\/01\/Sin-t\u00edtulo-22.jpg\" class=\"attachment-large size-large\" alt=\"\" srcset=\"https:\/\/blogsaverroes.juntadeandalucia.es\/biblioplata\/files\/2024\/01\/Sin-t\u00edtulo-22.jpg 1000w, https:\/\/blogsaverroes.juntadeandalucia.es\/biblioplata\/files\/2024\/01\/Sin-t\u00edtulo-22-300x300.jpg 300w, https:\/\/blogsaverroes.juntadeandalucia.es\/biblioplata\/files\/2024\/01\/Sin-t\u00edtulo-22-150x150.jpg 150w, https:\/\/blogsaverroes.juntadeandalucia.es\/biblioplata\/files\/2024\/01\/Sin-t\u00edtulo-22-768x768.jpg 768w, https:\/\/blogsaverroes.juntadeandalucia.es\/biblioplata\/files\/2024\/01\/Sin-t\u00edtulo-22-432x432.jpg 432w, https:\/\/blogsaverroes.juntadeandalucia.es\/biblioplata\/files\/2024\/01\/Sin-t\u00edtulo-22-268x268.jpg 268w, https:\/\/blogsaverroes.juntadeandalucia.es\/biblioplata\/files\/2024\/01\/Sin-t\u00edtulo-22-700x700.jpg 700w\" sizes=\"(max-width: 1000px) 100vw, 1000px\" \/><\/a>\n\t\t\t<\/dt><\/dl><br style=\"clear: both\" \/>\n\t\t<\/div>\n\n<p>PRIMERO. Respira.<\/p>\n\n\t\t<style>\n\t\t\t#gallery-24 {\n\t\t\t\tmargin: auto;\n\t\t\t}\n\t\t\t#gallery-24 .gallery-item {\n\t\t\t\tfloat: left;\n\t\t\t\tmargin-top: 10px;\n\t\t\t\ttext-align: center;\n\t\t\t\twidth: 100%;\n\t\t\t}\n\t\t\t#gallery-24 img {\n\t\t\t\tborder: 2px solid #cfcfcf;\n\t\t\t}\n\t\t\t#gallery-24 .gallery-caption {\n\t\t\t\tmargin-left: 0;\n\t\t\t}\n\t\t\t\/* see gallery_shortcode() in wp-includes\/media.php *\/\n\t\t<\/style>\n\t\t<div id='gallery-24' class='gallery galleryid-4061 gallery-columns-1 gallery-size-large'><dl class='gallery-item'>\n\t\t\t<dt class='gallery-icon landscape'>\n\t\t\t\t<a href='https:\/\/blogsaverroes.juntadeandalucia.es\/biblioplata\/2024\/01\/07\/biblioteca-programa-reto\/sin-titulo-23\/'><img loading=\"lazy\" decoding=\"async\" width=\"1024\" height=\"888\" src=\"https:\/\/blogsaverroes.juntadeandalucia.es\/biblioplata\/files\/2024\/01\/Sin-t\u00edtulo-23-1024x888.jpg\" class=\"attachment-large size-large\" alt=\"\" srcset=\"https:\/\/blogsaverroes.juntadeandalucia.es\/biblioplata\/files\/2024\/01\/Sin-t\u00edtulo-23-1024x888.jpg 1024w, https:\/\/blogsaverroes.juntadeandalucia.es\/biblioplata\/files\/2024\/01\/Sin-t\u00edtulo-23-300x260.jpg 300w, https:\/\/blogsaverroes.juntadeandalucia.es\/biblioplata\/files\/2024\/01\/Sin-t\u00edtulo-23-768x666.jpg 768w, https:\/\/blogsaverroes.juntadeandalucia.es\/biblioplata\/files\/2024\/01\/Sin-t\u00edtulo-23-1536x1331.jpg 1536w, https:\/\/blogsaverroes.juntadeandalucia.es\/biblioplata\/files\/2024\/01\/Sin-t\u00edtulo-23-700x607.jpg 700w, https:\/\/blogsaverroes.juntadeandalucia.es\/biblioplata\/files\/2024\/01\/Sin-t\u00edtulo-23.jpg 1600w\" sizes=\"(max-width: 1024px) 100vw, 1024px\" \/><\/a>\n\t\t\t<\/dt><\/dl><br style=\"clear: both\" \/>\n\t\t<\/div>\n\n<p><iframe loading=\"lazy\" title=\"Respira - videocuento\" width=\"500\" height=\"281\" src=\"https:\/\/www.youtube.com\/embed\/ibJFHBTWBDA?feature=oembed&#038;wmode=opaque\" frameborder=\"0\" allow=\"accelerometer; autoplay; clipboard-write; encrypted-media; gyroscope; picture-in-picture; web-share\" referrerpolicy=\"strict-origin-when-cross-origin\" allowfullscreen><\/iframe><\/p>\n<p>SEGUNDO. La varita M\u00e1gica.<\/p>\n\n\t\t<style>\n\t\t\t#gallery-25 {\n\t\t\t\tmargin: auto;\n\t\t\t}\n\t\t\t#gallery-25 .gallery-item {\n\t\t\t\tfloat: left;\n\t\t\t\tmargin-top: 10px;\n\t\t\t\ttext-align: center;\n\t\t\t\twidth: 100%;\n\t\t\t}\n\t\t\t#gallery-25 img {\n\t\t\t\tborder: 2px solid #cfcfcf;\n\t\t\t}\n\t\t\t#gallery-25 .gallery-caption {\n\t\t\t\tmargin-left: 0;\n\t\t\t}\n\t\t\t\/* see gallery_shortcode() in wp-includes\/media.php *\/\n\t\t<\/style>\n\t\t<div id='gallery-25' class='gallery galleryid-4061 gallery-columns-1 gallery-size-large'><dl class='gallery-item'>\n\t\t\t<dt class='gallery-icon landscape'>\n\t\t\t\t<a href='https:\/\/blogsaverroes.juntadeandalucia.es\/biblioplata\/2024\/01\/07\/biblioteca-programa-reto\/sin-titulo-24\/'><img loading=\"lazy\" decoding=\"async\" width=\"1024\" height=\"990\" src=\"https:\/\/blogsaverroes.juntadeandalucia.es\/biblioplata\/files\/2024\/01\/Sin-t\u00edtulo-24-1024x990.jpg\" class=\"attachment-large size-large\" alt=\"\" srcset=\"https:\/\/blogsaverroes.juntadeandalucia.es\/biblioplata\/files\/2024\/01\/Sin-t\u00edtulo-24-1024x990.jpg 1024w, https:\/\/blogsaverroes.juntadeandalucia.es\/biblioplata\/files\/2024\/01\/Sin-t\u00edtulo-24-300x290.jpg 300w, https:\/\/blogsaverroes.juntadeandalucia.es\/biblioplata\/files\/2024\/01\/Sin-t\u00edtulo-24-768x743.jpg 768w, https:\/\/blogsaverroes.juntadeandalucia.es\/biblioplata\/files\/2024\/01\/Sin-t\u00edtulo-24-700x677.jpg 700w, https:\/\/blogsaverroes.juntadeandalucia.es\/biblioplata\/files\/2024\/01\/Sin-t\u00edtulo-24.jpg 1424w\" sizes=\"(max-width: 1024px) 100vw, 1024px\" \/><\/a>\n\t\t\t<\/dt><\/dl><br style=\"clear: both\" \/>\n\t\t<\/div>\n\n<p><iframe loading=\"lazy\" title=\"La varita m\u00e1gica, cuento para el crecimiento personal infantil.\" width=\"500\" height=\"281\" src=\"https:\/\/www.youtube.com\/embed\/sd186o87AX8?feature=oembed&#038;wmode=opaque\" frameborder=\"0\" allow=\"accelerometer; autoplay; clipboard-write; encrypted-media; gyroscope; picture-in-picture; web-share\" referrerpolicy=\"strict-origin-when-cross-origin\" allowfullscreen><\/iframe><\/p>\n<p>TERCERO. Rayo de Sol.<\/p>\n\n\t\t<style>\n\t\t\t#gallery-26 {\n\t\t\t\tmargin: auto;\n\t\t\t}\n\t\t\t#gallery-26 .gallery-item {\n\t\t\t\tfloat: left;\n\t\t\t\tmargin-top: 10px;\n\t\t\t\ttext-align: center;\n\t\t\t\twidth: 100%;\n\t\t\t}\n\t\t\t#gallery-26 img {\n\t\t\t\tborder: 2px solid #cfcfcf;\n\t\t\t}\n\t\t\t#gallery-26 .gallery-caption {\n\t\t\t\tmargin-left: 0;\n\t\t\t}\n\t\t\t\/* see gallery_shortcode() in wp-includes\/media.php *\/\n\t\t<\/style>\n\t\t<div id='gallery-26' class='gallery galleryid-4061 gallery-columns-1 gallery-size-large'><dl class='gallery-item'>\n\t\t\t<dt class='gallery-icon landscape'>\n\t\t\t\t<a href='https:\/\/blogsaverroes.juntadeandalucia.es\/biblioplata\/2024\/01\/07\/biblioteca-programa-reto\/sin-titulo-25\/'><img loading=\"lazy\" decoding=\"async\" width=\"1024\" height=\"745\" src=\"https:\/\/blogsaverroes.juntadeandalucia.es\/biblioplata\/files\/2024\/01\/Sin-t\u00edtulo-25-1024x745.jpg\" class=\"attachment-large size-large\" alt=\"\" srcset=\"https:\/\/blogsaverroes.juntadeandalucia.es\/biblioplata\/files\/2024\/01\/Sin-t\u00edtulo-25-1024x745.jpg 1024w, https:\/\/blogsaverroes.juntadeandalucia.es\/biblioplata\/files\/2024\/01\/Sin-t\u00edtulo-25-300x218.jpg 300w, https:\/\/blogsaverroes.juntadeandalucia.es\/biblioplata\/files\/2024\/01\/Sin-t\u00edtulo-25-768x558.jpg 768w, https:\/\/blogsaverroes.juntadeandalucia.es\/biblioplata\/files\/2024\/01\/Sin-t\u00edtulo-25-1536x1117.jpg 1536w, https:\/\/blogsaverroes.juntadeandalucia.es\/biblioplata\/files\/2024\/01\/Sin-t\u00edtulo-25-700x509.jpg 700w, https:\/\/blogsaverroes.juntadeandalucia.es\/biblioplata\/files\/2024\/01\/Sin-t\u00edtulo-25.jpg 1600w\" sizes=\"(max-width: 1024px) 100vw, 1024px\" \/><\/a>\n\t\t\t<\/dt><\/dl><br style=\"clear: both\" \/>\n\t\t<\/div>\n\n<p>CUARTO. Luz de estrellas.<\/p>\n\n\t\t<style>\n\t\t\t#gallery-27 {\n\t\t\t\tmargin: auto;\n\t\t\t}\n\t\t\t#gallery-27 .gallery-item {\n\t\t\t\tfloat: left;\n\t\t\t\tmargin-top: 10px;\n\t\t\t\ttext-align: center;\n\t\t\t\twidth: 100%;\n\t\t\t}\n\t\t\t#gallery-27 img {\n\t\t\t\tborder: 2px solid #cfcfcf;\n\t\t\t}\n\t\t\t#gallery-27 .gallery-caption {\n\t\t\t\tmargin-left: 0;\n\t\t\t}\n\t\t\t\/* see gallery_shortcode() in wp-includes\/media.php *\/\n\t\t<\/style>\n\t\t<div id='gallery-27' class='gallery galleryid-4061 gallery-columns-1 gallery-size-medium'><dl class='gallery-item'>\n\t\t\t<dt class='gallery-icon portrait'>\n\t\t\t\t<a href='https:\/\/blogsaverroes.juntadeandalucia.es\/biblioplata\/2024\/01\/07\/biblioteca-programa-reto\/sin-titulo-26\/'><img loading=\"lazy\" decoding=\"async\" width=\"225\" height=\"300\" src=\"https:\/\/blogsaverroes.juntadeandalucia.es\/biblioplata\/files\/2024\/01\/Sin-t\u00edtulo-26-225x300.jpg\" class=\"attachment-medium size-medium\" alt=\"\" srcset=\"https:\/\/blogsaverroes.juntadeandalucia.es\/biblioplata\/files\/2024\/01\/Sin-t\u00edtulo-26-225x300.jpg 225w, https:\/\/blogsaverroes.juntadeandalucia.es\/biblioplata\/files\/2024\/01\/Sin-t\u00edtulo-26.jpg 363w\" sizes=\"(max-width: 225px) 100vw, 225px\" \/><\/a>\n\t\t\t<\/dt><\/dl><br style=\"clear: both\" \/>\n\t\t<\/div>\n\n<p><iframe loading=\"lazy\" title=\"MEDITACION PARA NI\u00d1OS 1 LUZ DE ESTRELLAS\" width=\"500\" height=\"281\" src=\"https:\/\/www.youtube.com\/embed\/nN7PNR5sf_I?feature=oembed&#038;wmode=opaque\" frameborder=\"0\" allow=\"accelerometer; autoplay; clipboard-write; encrypted-media; gyroscope; picture-in-picture; web-share\" referrerpolicy=\"strict-origin-when-cross-origin\" allowfullscreen><\/iframe><\/p>\n<p>QUINTO. Tranquilos y atentos como una rana.<\/p>\n\n\t\t<style>\n\t\t\t#gallery-28 {\n\t\t\t\tmargin: auto;\n\t\t\t}\n\t\t\t#gallery-28 .gallery-item {\n\t\t\t\tfloat: left;\n\t\t\t\tmargin-top: 10px;\n\t\t\t\ttext-align: center;\n\t\t\t\twidth: 100%;\n\t\t\t}\n\t\t\t#gallery-28 img {\n\t\t\t\tborder: 2px solid #cfcfcf;\n\t\t\t}\n\t\t\t#gallery-28 .gallery-caption {\n\t\t\t\tmargin-left: 0;\n\t\t\t}\n\t\t\t\/* see gallery_shortcode() in wp-includes\/media.php *\/\n\t\t<\/style>\n\t\t<div id='gallery-28' class='gallery galleryid-4061 gallery-columns-1 gallery-size-large'><dl class='gallery-item'>\n\t\t\t<dt class='gallery-icon landscape'>\n\t\t\t\t<a href='https:\/\/blogsaverroes.juntadeandalucia.es\/biblioplata\/2024\/01\/07\/biblioteca-programa-reto\/sin-titulo-27\/'><img loading=\"lazy\" decoding=\"async\" width=\"1024\" height=\"751\" src=\"https:\/\/blogsaverroes.juntadeandalucia.es\/biblioplata\/files\/2024\/01\/Sin-t\u00edtulo-27-1024x751.jpg\" class=\"attachment-large size-large\" alt=\"\" srcset=\"https:\/\/blogsaverroes.juntadeandalucia.es\/biblioplata\/files\/2024\/01\/Sin-t\u00edtulo-27-1024x751.jpg 1024w, https:\/\/blogsaverroes.juntadeandalucia.es\/biblioplata\/files\/2024\/01\/Sin-t\u00edtulo-27-300x220.jpg 300w, https:\/\/blogsaverroes.juntadeandalucia.es\/biblioplata\/files\/2024\/01\/Sin-t\u00edtulo-27-768x563.jpg 768w, https:\/\/blogsaverroes.juntadeandalucia.es\/biblioplata\/files\/2024\/01\/Sin-t\u00edtulo-27-1536x1126.jpg 1536w, https:\/\/blogsaverroes.juntadeandalucia.es\/biblioplata\/files\/2024\/01\/Sin-t\u00edtulo-27-700x513.jpg 700w, https:\/\/blogsaverroes.juntadeandalucia.es\/biblioplata\/files\/2024\/01\/Sin-t\u00edtulo-27.jpg 1600w\" sizes=\"(max-width: 1024px) 100vw, 1024px\" \/><\/a>\n\t\t\t<\/dt><\/dl><br style=\"clear: both\" \/>\n\t\t<\/div>\n\n<p><iframe loading=\"lazy\" title=\"Eline Snel - #1 Tranquilos y atentos como una rana\" width=\"500\" height=\"281\" src=\"https:\/\/www.youtube.com\/embed\/p-UMZmA80ME?feature=oembed&#038;wmode=opaque\" frameborder=\"0\" allow=\"accelerometer; autoplay; clipboard-write; encrypted-media; gyroscope; picture-in-picture; web-share\" referrerpolicy=\"strict-origin-when-cross-origin\" allowfullscreen><\/iframe><\/p>\n<p>SEXTO. Tranquilos y atentos como una rana.<\/p>\n\n\t\t<style>\n\t\t\t#gallery-29 {\n\t\t\t\tmargin: auto;\n\t\t\t}\n\t\t\t#gallery-29 .gallery-item {\n\t\t\t\tfloat: left;\n\t\t\t\tmargin-top: 10px;\n\t\t\t\ttext-align: center;\n\t\t\t\twidth: 100%;\n\t\t\t}\n\t\t\t#gallery-29 img {\n\t\t\t\tborder: 2px solid #cfcfcf;\n\t\t\t}\n\t\t\t#gallery-29 .gallery-caption {\n\t\t\t\tmargin-left: 0;\n\t\t\t}\n\t\t\t\/* see gallery_shortcode() in wp-includes\/media.php *\/\n\t\t<\/style>\n\t\t<div id='gallery-29' class='gallery galleryid-4061 gallery-columns-1 gallery-size-large'><dl class='gallery-item'>\n\t\t\t<dt class='gallery-icon landscape'>\n\t\t\t\t<a href='https:\/\/blogsaverroes.juntadeandalucia.es\/biblioplata\/2024\/01\/07\/biblioteca-programa-reto\/sin-titulo-27\/'><img loading=\"lazy\" decoding=\"async\" width=\"1024\" height=\"751\" src=\"https:\/\/blogsaverroes.juntadeandalucia.es\/biblioplata\/files\/2024\/01\/Sin-t\u00edtulo-27-1024x751.jpg\" class=\"attachment-large size-large\" alt=\"\" srcset=\"https:\/\/blogsaverroes.juntadeandalucia.es\/biblioplata\/files\/2024\/01\/Sin-t\u00edtulo-27-1024x751.jpg 1024w, https:\/\/blogsaverroes.juntadeandalucia.es\/biblioplata\/files\/2024\/01\/Sin-t\u00edtulo-27-300x220.jpg 300w, https:\/\/blogsaverroes.juntadeandalucia.es\/biblioplata\/files\/2024\/01\/Sin-t\u00edtulo-27-768x563.jpg 768w, https:\/\/blogsaverroes.juntadeandalucia.es\/biblioplata\/files\/2024\/01\/Sin-t\u00edtulo-27-1536x1126.jpg 1536w, https:\/\/blogsaverroes.juntadeandalucia.es\/biblioplata\/files\/2024\/01\/Sin-t\u00edtulo-27-700x513.jpg 700w, https:\/\/blogsaverroes.juntadeandalucia.es\/biblioplata\/files\/2024\/01\/Sin-t\u00edtulo-27.jpg 1600w\" sizes=\"(max-width: 1024px) 100vw, 1024px\" \/><\/a>\n\t\t\t<\/dt><\/dl><br style=\"clear: both\" \/>\n\t\t<\/div>\n\n<p><iframe loading=\"lazy\" title=\"Eline Snel - #1 Tranquilos y atentos como una rana\" width=\"500\" height=\"281\" src=\"https:\/\/www.youtube.com\/embed\/p-UMZmA80ME?feature=oembed&#038;wmode=opaque\" frameborder=\"0\" allow=\"accelerometer; autoplay; clipboard-write; encrypted-media; gyroscope; picture-in-picture; web-share\" referrerpolicy=\"strict-origin-when-cross-origin\" allowfullscreen><\/iframe><\/p>\n<p>Burbujas de paz.<\/p>\n\n\t\t<style>\n\t\t\t#gallery-30 {\n\t\t\t\tmargin: auto;\n\t\t\t}\n\t\t\t#gallery-30 .gallery-item {\n\t\t\t\tfloat: left;\n\t\t\t\tmargin-top: 10px;\n\t\t\t\ttext-align: center;\n\t\t\t\twidth: 100%;\n\t\t\t}\n\t\t\t#gallery-30 img {\n\t\t\t\tborder: 2px solid #cfcfcf;\n\t\t\t}\n\t\t\t#gallery-30 .gallery-caption {\n\t\t\t\tmargin-left: 0;\n\t\t\t}\n\t\t\t\/* see gallery_shortcode() in wp-includes\/media.php *\/\n\t\t<\/style>\n\t\t<div id='gallery-30' class='gallery galleryid-4061 gallery-columns-1 gallery-size-medium'><dl class='gallery-item'>\n\t\t\t<dt class='gallery-icon landscape'>\n\t\t\t\t<a href='https:\/\/blogsaverroes.juntadeandalucia.es\/biblioplata\/2024\/01\/07\/biblioteca-programa-reto\/sin-titulo-28\/'><img loading=\"lazy\" decoding=\"async\" width=\"300\" height=\"260\" src=\"https:\/\/blogsaverroes.juntadeandalucia.es\/biblioplata\/files\/2024\/01\/Sin-t\u00edtulo-28-300x260.jpg\" class=\"attachment-medium size-medium\" alt=\"\" srcset=\"https:\/\/blogsaverroes.juntadeandalucia.es\/biblioplata\/files\/2024\/01\/Sin-t\u00edtulo-28-300x260.jpg 300w, https:\/\/blogsaverroes.juntadeandalucia.es\/biblioplata\/files\/2024\/01\/Sin-t\u00edtulo-28-1024x888.jpg 1024w, https:\/\/blogsaverroes.juntadeandalucia.es\/biblioplata\/files\/2024\/01\/Sin-t\u00edtulo-28-768x666.jpg 768w, https:\/\/blogsaverroes.juntadeandalucia.es\/biblioplata\/files\/2024\/01\/Sin-t\u00edtulo-28-1536x1331.jpg 1536w, https:\/\/blogsaverroes.juntadeandalucia.es\/biblioplata\/files\/2024\/01\/Sin-t\u00edtulo-28-700x607.jpg 700w, https:\/\/blogsaverroes.juntadeandalucia.es\/biblioplata\/files\/2024\/01\/Sin-t\u00edtulo-28.jpg 1600w\" sizes=\"(max-width: 300px) 100vw, 300px\" \/><\/a>\n\t\t\t<\/dt><\/dl><br style=\"clear: both\" \/>\n\t\t<\/div>\n\n<p><iframe loading=\"lazy\" title=\"MEDITACI\u00d3N .Burbuja de paz.\" width=\"500\" height=\"281\" src=\"https:\/\/www.youtube.com\/embed\/CcjUVxykIss?feature=oembed&#038;wmode=opaque\" frameborder=\"0\" allow=\"accelerometer; autoplay; clipboard-write; encrypted-media; gyroscope; picture-in-picture; web-share\" referrerpolicy=\"strict-origin-when-cross-origin\" allowfullscreen><\/iframe><\/p>\n<p>&nbsp;<\/p>\n<p>&nbsp;<\/p>\n<p>&nbsp;<\/p>\n<p>&nbsp;<\/p>\n","protected":false},"excerpt":{"rendered":"<p>En nuestro centro desde el curso pasado estamos llevando a cabo el Programa RETO. Las letras que forman el nombre del programa significan Respeto, Empat\u00eda y Tolerancia. Es un proyecto de educaci\u00f3n emocional destinado&#46;&#46;&#46;<\/p>\n","protected":false},"author":4919,"featured_media":0,"comment_status":"open","ping_status":"open","sticky":false,"template":"","format":"standard","meta":{"ngg_post_thumbnail":0,"footnotes":""},"categories":[213],"tags":[],"aioseo_notices":[],"_links":{"self":[{"href":"https:\/\/blogsaverroes.juntadeandalucia.es\/biblioplata\/wp-json\/wp\/v2\/posts\/4061"}],"collection":[{"href":"https:\/\/blogsaverroes.juntadeandalucia.es\/biblioplata\/wp-json\/wp\/v2\/posts"}],"about":[{"href":"https:\/\/blogsaverroes.juntadeandalucia.es\/biblioplata\/wp-json\/wp\/v2\/types\/post"}],"author":[{"embeddable":true,"href":"https:\/\/blogsaverroes.juntadeandalucia.es\/biblioplata\/wp-json\/wp\/v2\/users\/4919"}],"replies":[{"embeddable":true,"href":"https:\/\/blogsaverroes.juntadeandalucia.es\/biblioplata\/wp-json\/wp\/v2\/comments?post=4061"}],"version-history":[{"count":1,"href":"https:\/\/blogsaverroes.juntadeandalucia.es\/biblioplata\/wp-json\/wp\/v2\/posts\/4061\/revisions"}],"predecessor-version":[{"id":4091,"href":"https:\/\/blogsaverroes.juntadeandalucia.es\/biblioplata\/wp-json\/wp\/v2\/posts\/4061\/revisions\/4091"}],"wp:attachment":[{"href":"https:\/\/blogsaverroes.juntadeandalucia.es\/biblioplata\/wp-json\/wp\/v2\/media?parent=4061"}],"wp:term":[{"taxonomy":"category","embeddable":true,"href":"https:\/\/blogsaverroes.juntadeandalucia.es\/biblioplata\/wp-json\/wp\/v2\/categories?post=4061"},{"taxonomy":"post_tag","embeddable":true,"href":"https:\/\/blogsaverroes.juntadeandalucia.es\/biblioplata\/wp-json\/wp\/v2\/tags?post=4061"}],"curies":[{"name":"wp","href":"https:\/\/api.w.org\/{rel}","templated":true}]}}