{"id":4213,"date":"2025-04-25T11:06:02","date_gmt":"2025-04-25T11:06:02","guid":{"rendered":"https:\/\/blogsaverroes.juntadeandalucia.es\/biblioplata\/?p=4213"},"modified":"2025-04-25T11:10:19","modified_gmt":"2025-04-25T11:10:19","slug":"dia-del-libro-23-de-abril","status":"publish","type":"post","link":"https:\/\/blogsaverroes.juntadeandalucia.es\/biblioplata\/2025\/04\/25\/dia-del-libro-23-de-abril\/","title":{"rendered":"D\u00eda del libro 23 de abril"},"content":{"rendered":"<p>Con motivo del d\u00eda del libro, a lo largo de esta semana, hemos contado con nuestro tradicional Mercadillo Solidario de Libros, en cual se pueden adquirir libros de segunda mano donados por el alumnado, as\u00ed como marcap\u00e1ginas elaborados por ellos mismos. Adem\u00e1s, este a\u00f1o se han vendido pulsera, anillos y collares hechos a mano. El dinero recaudado ir\u00e1 destinado al AMPA Benamaquiz para la realizaci\u00f3n de mejoras en el centro.<\/p>\n<p>El pr\u00f3ximo lunes 28 de abril nuestro mercadillo estar\u00e1 abierto en horario de tarde de 16:30 a 18:30 para las familias que deseen colaborar.<\/p>\n<p><a href=\"https:\/\/blogsaverroes.juntadeandalucia.es\/biblioplata\/files\/2025\/04\/01984b6352f441d1a10921a8a58dd209.jpg\"><img loading=\"lazy\" decoding=\"async\" class=\"alignnone size-full wp-image-4214\" src=\"https:\/\/blogsaverroes.juntadeandalucia.es\/biblioplata\/files\/2025\/04\/01984b6352f441d1a10921a8a58dd209.jpg\" alt=\"\" width=\"2048\" height=\"2048\" srcset=\"https:\/\/blogsaverroes.juntadeandalucia.es\/biblioplata\/files\/2025\/04\/01984b6352f441d1a10921a8a58dd209.jpg 1600w, https:\/\/blogsaverroes.juntadeandalucia.es\/biblioplata\/files\/2025\/04\/01984b6352f441d1a10921a8a58dd209-300x300.jpg 300w, https:\/\/blogsaverroes.juntadeandalucia.es\/biblioplata\/files\/2025\/04\/01984b6352f441d1a10921a8a58dd209-1024x1024.jpg 1024w, https:\/\/blogsaverroes.juntadeandalucia.es\/biblioplata\/files\/2025\/04\/01984b6352f441d1a10921a8a58dd209-150x150.jpg 150w, https:\/\/blogsaverroes.juntadeandalucia.es\/biblioplata\/files\/2025\/04\/01984b6352f441d1a10921a8a58dd209-768x768.jpg 768w, https:\/\/blogsaverroes.juntadeandalucia.es\/biblioplata\/files\/2025\/04\/01984b6352f441d1a10921a8a58dd209-1536x1536.jpg 1536w, https:\/\/blogsaverroes.juntadeandalucia.es\/biblioplata\/files\/2025\/04\/01984b6352f441d1a10921a8a58dd209-432x432.jpg 432w, https:\/\/blogsaverroes.juntadeandalucia.es\/biblioplata\/files\/2025\/04\/01984b6352f441d1a10921a8a58dd209-268x268.jpg 268w, https:\/\/blogsaverroes.juntadeandalucia.es\/biblioplata\/files\/2025\/04\/01984b6352f441d1a10921a8a58dd209-700x700.jpg 700w\" sizes=\"(max-width: 2048px) 100vw, 2048px\" \/><\/a> <a href=\"https:\/\/blogsaverroes.juntadeandalucia.es\/biblioplata\/files\/2025\/04\/1745578435182.jpg\"><img loading=\"lazy\" decoding=\"async\" class=\"alignnone size-full wp-image-4215\" src=\"https:\/\/blogsaverroes.juntadeandalucia.es\/biblioplata\/files\/2025\/04\/1745578435182.jpg\" alt=\"\" width=\"2048\" height=\"2048\" srcset=\"https:\/\/blogsaverroes.juntadeandalucia.es\/biblioplata\/files\/2025\/04\/1745578435182.jpg 1600w, https:\/\/blogsaverroes.juntadeandalucia.es\/biblioplata\/files\/2025\/04\/1745578435182-300x300.jpg 300w, https:\/\/blogsaverroes.juntadeandalucia.es\/biblioplata\/files\/2025\/04\/1745578435182-1024x1024.jpg 1024w, https:\/\/blogsaverroes.juntadeandalucia.es\/biblioplata\/files\/2025\/04\/1745578435182-150x150.jpg 150w, https:\/\/blogsaverroes.juntadeandalucia.es\/biblioplata\/files\/2025\/04\/1745578435182-768x768.jpg 768w, https:\/\/blogsaverroes.juntadeandalucia.es\/biblioplata\/files\/2025\/04\/1745578435182-1536x1536.jpg 1536w, https:\/\/blogsaverroes.juntadeandalucia.es\/biblioplata\/files\/2025\/04\/1745578435182-432x432.jpg 432w, https:\/\/blogsaverroes.juntadeandalucia.es\/biblioplata\/files\/2025\/04\/1745578435182-268x268.jpg 268w, https:\/\/blogsaverroes.juntadeandalucia.es\/biblioplata\/files\/2025\/04\/1745578435182-700x700.jpg 700w\" sizes=\"(max-width: 2048px) 100vw, 2048px\" \/><\/a> <a href=\"https:\/\/blogsaverroes.juntadeandalucia.es\/biblioplata\/files\/2025\/04\/1745578435198.jpg\"><img loading=\"lazy\" decoding=\"async\" class=\"alignnone size-full wp-image-4216\" src=\"https:\/\/blogsaverroes.juntadeandalucia.es\/biblioplata\/files\/2025\/04\/1745578435198.jpg\" alt=\"\" width=\"2048\" height=\"1536\" srcset=\"https:\/\/blogsaverroes.juntadeandalucia.es\/biblioplata\/files\/2025\/04\/1745578435198.jpg 2048w, https:\/\/blogsaverroes.juntadeandalucia.es\/biblioplata\/files\/2025\/04\/1745578435198-300x225.jpg 300w, https:\/\/blogsaverroes.juntadeandalucia.es\/biblioplata\/files\/2025\/04\/1745578435198-1024x768.jpg 1024w, https:\/\/blogsaverroes.juntadeandalucia.es\/biblioplata\/files\/2025\/04\/1745578435198-768x576.jpg 768w, https:\/\/blogsaverroes.juntadeandalucia.es\/biblioplata\/files\/2025\/04\/1745578435198-1536x1152.jpg 1536w, https:\/\/blogsaverroes.juntadeandalucia.es\/biblioplata\/files\/2025\/04\/1745578435198-700x525.jpg 700w\" sizes=\"(max-width: 2048px) 100vw, 2048px\" \/><\/a> <a href=\"https:\/\/blogsaverroes.juntadeandalucia.es\/biblioplata\/files\/2025\/04\/1745578435212.jpg\"><img loading=\"lazy\" decoding=\"async\" class=\"alignnone size-full wp-image-4217\" src=\"https:\/\/blogsaverroes.juntadeandalucia.es\/biblioplata\/files\/2025\/04\/1745578435212.jpg\" alt=\"\" width=\"2048\" height=\"2048\" srcset=\"https:\/\/blogsaverroes.juntadeandalucia.es\/biblioplata\/files\/2025\/04\/1745578435212.jpg 1600w, https:\/\/blogsaverroes.juntadeandalucia.es\/biblioplata\/files\/2025\/04\/1745578435212-300x300.jpg 300w, https:\/\/blogsaverroes.juntadeandalucia.es\/biblioplata\/files\/2025\/04\/1745578435212-1024x1024.jpg 1024w, https:\/\/blogsaverroes.juntadeandalucia.es\/biblioplata\/files\/2025\/04\/1745578435212-150x150.jpg 150w, https:\/\/blogsaverroes.juntadeandalucia.es\/biblioplata\/files\/2025\/04\/1745578435212-768x768.jpg 768w, https:\/\/blogsaverroes.juntadeandalucia.es\/biblioplata\/files\/2025\/04\/1745578435212-1536x1536.jpg 1536w, https:\/\/blogsaverroes.juntadeandalucia.es\/biblioplata\/files\/2025\/04\/1745578435212-432x432.jpg 432w, https:\/\/blogsaverroes.juntadeandalucia.es\/biblioplata\/files\/2025\/04\/1745578435212-268x268.jpg 268w, https:\/\/blogsaverroes.juntadeandalucia.es\/biblioplata\/files\/2025\/04\/1745578435212-700x700.jpg 700w\" sizes=\"(max-width: 2048px) 100vw, 2048px\" \/><\/a><\/p>\n","protected":false},"excerpt":{"rendered":"<p>Con motivo del d\u00eda del libro, a lo largo de esta semana, hemos contado con nuestro tradicional Mercadillo Solidario de Libros, en cual se pueden adquirir libros de segunda mano donados por el alumnado,&#46;&#46;&#46;<\/p>\n","protected":false},"author":4919,"featured_media":0,"comment_status":"open","ping_status":"open","sticky":false,"template":"","format":"standard","meta":{"ngg_post_thumbnail":0,"footnotes":""},"categories":[213],"tags":[],"aioseo_notices":[],"_links":{"self":[{"href":"https:\/\/blogsaverroes.juntadeandalucia.es\/biblioplata\/wp-json\/wp\/v2\/posts\/4213"}],"collection":[{"href":"https:\/\/blogsaverroes.juntadeandalucia.es\/biblioplata\/wp-json\/wp\/v2\/posts"}],"about":[{"href":"https:\/\/blogsaverroes.juntadeandalucia.es\/biblioplata\/wp-json\/wp\/v2\/types\/post"}],"author":[{"embeddable":true,"href":"https:\/\/blogsaverroes.juntadeandalucia.es\/biblioplata\/wp-json\/wp\/v2\/users\/4919"}],"replies":[{"embeddable":true,"href":"https:\/\/blogsaverroes.juntadeandalucia.es\/biblioplata\/wp-json\/wp\/v2\/comments?post=4213"}],"version-history":[{"count":3,"href":"https:\/\/blogsaverroes.juntadeandalucia.es\/biblioplata\/wp-json\/wp\/v2\/posts\/4213\/revisions"}],"predecessor-version":[{"id":4220,"href":"https:\/\/blogsaverroes.juntadeandalucia.es\/biblioplata\/wp-json\/wp\/v2\/posts\/4213\/revisions\/4220"}],"wp:attachment":[{"href":"https:\/\/blogsaverroes.juntadeandalucia.es\/biblioplata\/wp-json\/wp\/v2\/media?parent=4213"}],"wp:term":[{"taxonomy":"category","embeddable":true,"href":"https:\/\/blogsaverroes.juntadeandalucia.es\/biblioplata\/wp-json\/wp\/v2\/categories?post=4213"},{"taxonomy":"post_tag","embeddable":true,"href":"https:\/\/blogsaverroes.juntadeandalucia.es\/biblioplata\/wp-json\/wp\/v2\/tags?post=4213"}],"curies":[{"name":"wp","href":"https:\/\/api.w.org\/{rel}","templated":true}]}}