{"id":1058,"date":"2024-02-12T13:47:17","date_gmt":"2024-02-12T12:47:17","guid":{"rendered":"https:\/\/blogsaverroes.juntadeandalucia.es\/bibliotecaceperjuanramonjimenez\/?p=1058"},"modified":"2025-03-08T14:17:55","modified_gmt":"2025-03-08T13:17:55","slug":"las-cenizas-de-angela","status":"publish","type":"post","link":"https:\/\/blogsaverroes.juntadeandalucia.es\/bibliotecaceperjuanramonjimenez\/2024\/02\/12\/las-cenizas-de-angela\/","title":{"rendered":"Las cenizas de \u00c1ngela"},"content":{"rendered":"<p style=\"text-align: center\"><span style=\"color: #000000\"><strong>CLUB DE LECTURA <\/strong><\/span><\/p>\n<p style=\"text-align: center\"><span style=\"color: #000000\"><strong>BIBLIOTECA C.E.PER. JUAN RAM\u00d3N JIM\u00c9NEZ<\/strong><\/span><\/p>\n<p style=\"text-align: center\"><span style=\"color: #000000\"><strong>T\u00cdTULOS CURSO 2023-2024<\/strong><\/span><\/p>\n<p>&nbsp;<\/p>\n<p><strong><img loading=\"lazy\" decoding=\"async\" class=\"alignleft wp-image-1060 size-medium\" src=\"https:\/\/blogsaverroes.juntadeandalucia.es\/bibliotecaceperjuanramonjimenez\/files\/2024\/02\/Las-cenizas-de-\u00c1ngela-1-197x300.jpg\" alt=\"\" width=\"197\" height=\"300\" srcset=\"https:\/\/blogsaverroes.juntadeandalucia.es\/bibliotecaceperjuanramonjimenez\/files\/2024\/02\/Las-cenizas-de-\u00c1ngela-1-197x300.jpg 197w, https:\/\/blogsaverroes.juntadeandalucia.es\/bibliotecaceperjuanramonjimenez\/files\/2024\/02\/Las-cenizas-de-\u00c1ngela-1.jpg 394w\" sizes=\"(max-width: 197px) 100vw, 197px\" \/><\/strong><\/p>\n<p>&nbsp;<\/p>\n<p>&nbsp;<\/p>\n<p><strong><span style=\"color: #000000\">QUINTO T\u00cdTULO:<\/span><\/strong><\/p>\n<p><strong><span style=\"color: #000000\">Las cenizas de \u00c1ngela.<br \/>\n<\/span><\/strong><\/p>\n<p><strong><span style=\"color: #000000\">Autor: Frank Mc Court.<\/span><\/strong><\/p>\n<p><strong><span style=\"color: #000000\">Editorial: Maeva.<\/span><\/strong><\/p>\n<p>&nbsp;<\/p>\n<p>&nbsp;<\/p>\n<p>&nbsp;<\/p>\n<p><strong><span style=\"color: #000000\">FECHAS DE LAS REUNIONES:<\/span><\/strong><\/p>\n<p style=\"text-align: justify\"><strong><span style=\"color: #000000\">Lunes 12 de febrero de 2024: Entrega de los ejemplares e introducci\u00f3n a la obra.<br \/>\n<\/span><\/strong><\/p>\n<p style=\"text-align: justify\"><strong><span style=\"color: #000000\">Viernes 23 de febrero de 2024: Devoluci\u00f3n de los ejemplares y an\u00e1lisis y comentario de la obra.<br \/>\n<\/span><\/strong><\/p>\n<p class=\"title\"><strong><span style=\"color: #000000\">RESUMEN:<\/span><\/strong><\/p>\n<div>\n<div class=\"short\">\n<div>\n<div class=\"textContent mt10px\">\n<p style=\"text-align: justify\"><strong><span style=\"color: #000000\">\u00abCuando recuerdo mi infancia, me pregunto c\u00f3mo pude sobrevivir siquiera. Fue, naturalmente, una infancia desgraciada, se entiende; las infancias felices no merecen que les prestemos atenci\u00f3n. La infancia desgraciada irlandesa es peor que cualquier otra infancia desgraciada, pero la infancia desgraciada irlandesa cat\u00f3lica es la peor de todas&#8230;\u00bb. As\u00ed empiezan Las cenizas de \u00c1ngela, uno de los grandes fen\u00f3menos editoriales de los \u00faltimos a\u00f1os. En ellas el autor nos cuenta, con el fino humor que le caracteriza y en el que se trasluce un extraordinario esp\u00edritu de supervivencia, c\u00f3mo su familia logra salir adelante en medio de una terrible pobreza y a pesar de todo tipo de adversidades.&nbsp;<\/span><\/strong><br \/>\n<strong><span style=\"color: #000000\">\u00abEs un libro de memorias escrito en presente. La voz que se escucha en el libro, limpia de rencor y autocompasi\u00f3n, tiene la ancha serenidad de una mirada infantil.\u00bb Antonio Mu\u00f1oz Molina &#8211; El Pa\u00eds Semanal.<\/span><\/strong><\/p>\n<\/div>\n<\/div>\n<p style=\"text-align: justify\"><strong><span style=\"color: #000000\">AUTOR:<\/span><\/strong><\/p>\n<\/div>\n<p style=\"text-align: justify\"><strong><span style=\"color: #000000\">Frank McCourt (1930-2009), hijo de inmigrantes irlandeses, naci\u00f3 en Nueva York, pero pronto viaj\u00f3 junto con su familia a Limerick para regresar a\u00f1os despu\u00e9s a la ciudad que lo vio nacer. Despu\u00e9s de una infancia dur\u00edsima en Irlanda y las dificultades propias de todo inmigrante en Estados Unidos, McCourt pas\u00f3 treinta a\u00f1os impartiendo clases en institutos de secundaria. Nada hac\u00eda presagiar que se convertir\u00eda en autor de una obra literaria tard\u00eda, pero de fulgurante \u00e9xito, gracias a Las cenizas de \u00c1ngela, que le vali\u00f3 el premio Pulitzer en 1997, un libro de memorias en el que volc\u00f3 sus experiencias durante los a\u00f1os que vivi\u00f3 en Irlanda.<\/span><\/strong><br \/>\n<strong><span style=\"color: #000000\">Sus siguientes libros, tambi\u00e9n de car\u00e1cter autobiogr\u00e1fico, transcurren ya en Estados Unidos y tratan sobre su vida como emigrante retornado, sus estudios universitarios y sus a\u00f1os como profesor de literatura.<\/span><\/strong><\/p>\n<\/div>\n","protected":false},"excerpt":{"rendered":"<p>&#46;&#46;&#46;<\/p>\n","protected":false},"author":10777,"featured_media":1060,"comment_status":"open","ping_status":"open","sticky":false,"template":"","format":"standard","meta":{"ngg_post_thumbnail":0,"footnotes":""},"categories":[10],"tags":[],"aioseo_notices":[],"_links":{"self":[{"href":"https:\/\/blogsaverroes.juntadeandalucia.es\/bibliotecaceperjuanramonjimenez\/wp-json\/wp\/v2\/posts\/1058"}],"collection":[{"href":"https:\/\/blogsaverroes.juntadeandalucia.es\/bibliotecaceperjuanramonjimenez\/wp-json\/wp\/v2\/posts"}],"about":[{"href":"https:\/\/blogsaverroes.juntadeandalucia.es\/bibliotecaceperjuanramonjimenez\/wp-json\/wp\/v2\/types\/post"}],"author":[{"embeddable":true,"href":"https:\/\/blogsaverroes.juntadeandalucia.es\/bibliotecaceperjuanramonjimenez\/wp-json\/wp\/v2\/users\/10777"}],"replies":[{"embeddable":true,"href":"https:\/\/blogsaverroes.juntadeandalucia.es\/bibliotecaceperjuanramonjimenez\/wp-json\/wp\/v2\/comments?post=1058"}],"version-history":[{"count":2,"href":"https:\/\/blogsaverroes.juntadeandalucia.es\/bibliotecaceperjuanramonjimenez\/wp-json\/wp\/v2\/posts\/1058\/revisions"}],"predecessor-version":[{"id":1063,"href":"https:\/\/blogsaverroes.juntadeandalucia.es\/bibliotecaceperjuanramonjimenez\/wp-json\/wp\/v2\/posts\/1058\/revisions\/1063"}],"wp:featuredmedia":[{"embeddable":true,"href":"https:\/\/blogsaverroes.juntadeandalucia.es\/bibliotecaceperjuanramonjimenez\/wp-json\/wp\/v2\/media\/1060"}],"wp:attachment":[{"href":"https:\/\/blogsaverroes.juntadeandalucia.es\/bibliotecaceperjuanramonjimenez\/wp-json\/wp\/v2\/media?parent=1058"}],"wp:term":[{"taxonomy":"category","embeddable":true,"href":"https:\/\/blogsaverroes.juntadeandalucia.es\/bibliotecaceperjuanramonjimenez\/wp-json\/wp\/v2\/categories?post=1058"},{"taxonomy":"post_tag","embeddable":true,"href":"https:\/\/blogsaverroes.juntadeandalucia.es\/bibliotecaceperjuanramonjimenez\/wp-json\/wp\/v2\/tags?post=1058"}],"curies":[{"name":"wp","href":"https:\/\/api.w.org\/{rel}","templated":true}]}}