{"id":1057,"date":"2021-06-06T08:41:44","date_gmt":"2021-06-06T08:41:44","guid":{"rendered":"https:\/\/blogsaverroes.juntadeandalucia.es\/bibliotecaelmanantialsevillaeste\/?p=1057"},"modified":"2021-06-06T08:41:44","modified_gmt":"2021-06-06T08:41:44","slug":"nos-vamos-de-vacaciones","status":"publish","type":"post","link":"https:\/\/blogsaverroes.juntadeandalucia.es\/bibliotecaelmanantialsevillaeste\/2021\/06\/06\/nos-vamos-de-vacaciones\/","title":{"rendered":"NOS VAMOS DE VACACIONES"},"content":{"rendered":"<p style=\"text-align: center\"><strong><span style=\"font-family: 'comic sans ms', sans-serif;font-size: 18pt;color: #000000\">Llega junio y toca hacer evaluaci\u00f3n de todo el curso para dise\u00f1ar las l\u00edneas de trabajo para el pr\u00f3ximo a\u00f1o. <\/span><\/strong><\/p>\n<p><strong><span style=\"font-family: 'comic sans ms', sans-serif;font-size: 18pt;color: #ff0000\">Hemos conseguido muchos objetivos del proyecto de biblioteca: <\/span><\/strong><\/p>\n<p><span style=\"font-family: 'comic sans ms', sans-serif;font-size: 18pt;color: #000000\">&#8211; Pasarnos a Bibliowebs\u00e9neca y de esta forma poder tener el cat\u00e1logo en l\u00ednea para consulta de todo el alumnado. <\/span><\/p>\n<p><span style=\"font-family: 'comic sans ms', sans-serif;font-size: 18pt;color: #000000\">&#8211; Darle vida a la biblioteca a nivel digital a trav\u00e9s del blog, Facebook e Instagram. <\/span><\/p>\n<p><span style=\"font-family: 'comic sans ms', sans-serif;font-size: 18pt;color: #000000\">&#8211; Colaborar con el AMPA en la decoraci\u00f3n del colegio. <\/span><\/p>\n<p><span style=\"font-family: 'comic sans ms', sans-serif;font-size: 18pt;color: #000000\">&#8211; Celebrar el primer Certamen de microrrelatos. <\/span><\/p>\n<p><span style=\"font-family: 'comic sans ms', sans-serif;font-size: 18pt;color: #000000\">&#8211; Adquirir nuevos ejemplares atractivos para el alumnado e inventariarlos.<\/span><\/p>\n<p><span style=\"font-family: 'comic sans ms', sans-serif;font-size: 18pt;color: #000000\">&#8211; Realizar pr\u00e9stamos a las aulas de t\u00edtulos iguales y diferentes. <\/span><\/p>\n<p><span style=\"font-family: 'comic sans ms', sans-serif;font-size: 18pt;color: #000000\">&#8211; Realizar pr\u00e9stamos directamente al alumnado a trav\u00e9s del correo electr\u00f3nico. <\/span><\/p>\n<p style=\"text-align: center\"><strong><span style=\"font-family: 'comic sans ms', sans-serif;font-size: 18pt;color: #ff0000\">Para haber sido un a\u00f1o con limitaciones por el Covid ha estado GENIAL.&nbsp;<\/span><\/strong><\/p>\n<p>&nbsp;<\/p>\n<p style=\"text-align: center\"><span style=\"color: #0000ff\"><strong><span style=\"font-family: 'comic sans ms', sans-serif;font-size: 18pt\">Ahora toca reflexionar sobre qu\u00e9 cosas queremos hacer para el a\u00f1o pr\u00f3ximo. <\/span><\/strong><\/span><\/p>\n<p><span style=\"font-family: 'comic sans ms', sans-serif;font-size: 18pt;color: #000000\">Puedes dejar tus comentarios a continuaci\u00f3n o a trav\u00e9s del correo biblioteca2020@ceipelmanantial.org. Recuerda que este espacio es para toda la comunidad educativa las ideas del profesorado, las familias y el alumnado son todas valiosas e imprescindibles. El crecimiento y el valor de este recurso ser\u00e1 proporcional a las personas implicadas en este proyecto.&nbsp;<\/span><\/p>\n<p style=\"text-align: center\"><span style=\"font-family: 'comic sans ms', sans-serif;font-size: 18pt;color: #800080\">Muchas gracias por todo el apoyo recibido durante este curso escolar 2020-2021. Atentamente Auxi S\u00e1nchez.<\/span><\/p>\n<p>&nbsp;<\/p>\n<p>&nbsp;<\/p>\n<p>&nbsp;<\/p>\n","protected":false},"excerpt":{"rendered":"<p>Llega junio y toca hacer evaluaci\u00f3n de todo el curso para dise\u00f1ar las l\u00edneas de trabajo para el pr\u00f3ximo a\u00f1o. Hemos conseguido muchos objetivos del proyecto de biblioteca: &#8211; Pasarnos a Bibliowebs\u00e9neca y de esta&#46;&#46;&#46;<\/p>\n","protected":false},"author":12230,"featured_media":1059,"comment_status":"open","ping_status":"open","sticky":false,"template":"","format":"standard","meta":{"ngg_post_thumbnail":0,"footnotes":""},"categories":[8,7,5,12,10,9,3,29],"tags":[],"aioseo_notices":[],"_links":{"self":[{"href":"https:\/\/blogsaverroes.juntadeandalucia.es\/bibliotecaelmanantialsevillaeste\/wp-json\/wp\/v2\/posts\/1057"}],"collection":[{"href":"https:\/\/blogsaverroes.juntadeandalucia.es\/bibliotecaelmanantialsevillaeste\/wp-json\/wp\/v2\/posts"}],"about":[{"href":"https:\/\/blogsaverroes.juntadeandalucia.es\/bibliotecaelmanantialsevillaeste\/wp-json\/wp\/v2\/types\/post"}],"author":[{"embeddable":true,"href":"https:\/\/blogsaverroes.juntadeandalucia.es\/bibliotecaelmanantialsevillaeste\/wp-json\/wp\/v2\/users\/12230"}],"replies":[{"embeddable":true,"href":"https:\/\/blogsaverroes.juntadeandalucia.es\/bibliotecaelmanantialsevillaeste\/wp-json\/wp\/v2\/comments?post=1057"}],"version-history":[{"count":1,"href":"https:\/\/blogsaverroes.juntadeandalucia.es\/bibliotecaelmanantialsevillaeste\/wp-json\/wp\/v2\/posts\/1057\/revisions"}],"predecessor-version":[{"id":1058,"href":"https:\/\/blogsaverroes.juntadeandalucia.es\/bibliotecaelmanantialsevillaeste\/wp-json\/wp\/v2\/posts\/1057\/revisions\/1058"}],"wp:featuredmedia":[{"embeddable":true,"href":"https:\/\/blogsaverroes.juntadeandalucia.es\/bibliotecaelmanantialsevillaeste\/wp-json\/wp\/v2\/media\/1059"}],"wp:attachment":[{"href":"https:\/\/blogsaverroes.juntadeandalucia.es\/bibliotecaelmanantialsevillaeste\/wp-json\/wp\/v2\/media?parent=1057"}],"wp:term":[{"taxonomy":"category","embeddable":true,"href":"https:\/\/blogsaverroes.juntadeandalucia.es\/bibliotecaelmanantialsevillaeste\/wp-json\/wp\/v2\/categories?post=1057"},{"taxonomy":"post_tag","embeddable":true,"href":"https:\/\/blogsaverroes.juntadeandalucia.es\/bibliotecaelmanantialsevillaeste\/wp-json\/wp\/v2\/tags?post=1057"}],"curies":[{"name":"wp","href":"https:\/\/api.w.org\/{rel}","templated":true}]}}