{"id":1517,"date":"2023-01-31T15:58:29","date_gmt":"2023-01-31T15:58:29","guid":{"rendered":"https:\/\/blogsaverroes.juntadeandalucia.es\/bibliotecaelmanantialsevillaeste\/?p=1517"},"modified":"2023-01-31T15:58:29","modified_gmt":"2023-01-31T15:58:29","slug":"30-de-enero-dia-escolar-de-la-no-violencia-y-la-paz","status":"publish","type":"post","link":"https:\/\/blogsaverroes.juntadeandalucia.es\/bibliotecaelmanantialsevillaeste\/2023\/01\/31\/30-de-enero-dia-escolar-de-la-no-violencia-y-la-paz\/","title":{"rendered":"30 DE ENERO, D\u00cdA ESCOLAR DE LA NO VIOLENCIA Y LA PAZ"},"content":{"rendered":"<p><span style=\"font-family: 'comic sans ms', sans-serif;font-size: 14pt;color: #000000\">Cada 30 de enero se conmemora en los centros educativos el <strong><span style=\"color: #ff00ff\"><span style=\"font-size: 18pt\">\u00ab<\/span><span style=\"font-size: 18pt\">D\u00cdA DE LA PAZ\u00bb<\/span> <\/span><\/strong>y la No violencia. <strong>\u00bfY por qu\u00e9 se celebra ese d\u00eda?<\/strong><\/span><\/p>\n<p style=\"text-align: left\"><span style=\"font-family: 'comic sans ms', sans-serif;font-size: 14pt;color: #000000\">Ese mismo d\u00eda se celebra el aniversario de la muerte de<strong><span style=\"font-size: 18pt\"> Mahatma Gandhi<\/span>,&nbsp;<\/strong>l\u00edder pacifista que defendi\u00f3 y promovi\u00f3 la no violencia y la resistencia pac\u00edfica frente a la injusticia y fue asesinado por defender estas ideas.<\/span><\/p>\n<table class=\" alignleft\" style=\"border-collapse: collapse;width: 29.1891%;height: 293px\">\n<tbody>\n<tr style=\"height: 293px\">\n<td style=\"width: 100%;height: 293px\"><img loading=\"lazy\" decoding=\"async\" class=\"size-medium wp-image-1518\" src=\"https:\/\/blogsaverroes.juntadeandalucia.es\/bibliotecaelmanantialsevillaeste\/files\/2023\/01\/gandhi-219x300.jpg\" alt=\"\" width=\"219\" height=\"300\" srcset=\"https:\/\/blogsaverroes.juntadeandalucia.es\/bibliotecaelmanantialsevillaeste\/files\/2023\/01\/gandhi-219x300.jpg 219w, https:\/\/blogsaverroes.juntadeandalucia.es\/bibliotecaelmanantialsevillaeste\/files\/2023\/01\/gandhi.jpg 365w\" sizes=\"(max-width: 219px) 100vw, 219px\" \/><\/td>\n<\/tr>\n<\/tbody>\n<\/table>\n<p><span style=\"font-family: 'comic sans ms', sans-serif;font-size: 14pt;color: #000000\">Desde nuest<\/span><span style=\"font-family: 'comic sans ms', sans-serif;font-size: 14pt\"><span style=\"color: #000000\">ro cole, queremos fortalecer los ideales de la Paz:<\/span> <span style=\"color: #000000\"><strong>SOLIDARIDAD,<\/strong><\/span><\/span><span style=\"font-family: 'comic sans ms', sans-serif;font-size: 14pt;color: #000000\"><strong>RESPETO<\/strong>,<strong> TOLERANCIA Y DEFENSA DE LOS DERECHOS HUMANOS.<\/strong><\/span><\/p>\n<p><span style=\"font-family: 'comic sans ms', sans-serif;font-size: 14pt\"><span style=\"color: #ff0000\"><strong>\u00bfSab\u00edas que el d\u00eda de la Paz tambi\u00e9n se celebra en otra fecha? <\/strong><\/span><span style=\"color: #000000\">Pues s\u00ed, el <strong>D\u00eda Internacional de la Paz<\/strong>, se celebra cada 21 de septiembre en todo el mundo.<\/span><\/span><\/p>\n<p><span style=\"color: #000000\"><span style=\"font-family: 'comic sans ms', sans-serif;font-size: 14pt\">Para celebrar el d\u00eda escolar de la Paz y la no viol<\/span><span style=\"font-family: 'comic sans ms', sans-serif;font-size: 14pt\">encia, desde el <span style=\"color: #ff00ff\"><strong>C.E.I.P El Manantial<\/strong><\/span> hemos realizado diversas actividades con el objetivo de promover la comprensi\u00f3n, la tolerancia y solidaridad.<\/span><\/span><\/p>\n<p><span style=\"font-family: 'comic sans ms', sans-serif;font-size: 14pt;color: #000000\">Todo el centro ha participado en la creaci\u00f3n de murales bajo el lema<\/span><span style=\"color: #0000ff;font-size: 14pt;font-family: 'comic sans ms', sans-serif\"><strong> \u00abLA PAZ EST\u00c1 EN NUESTRAS MANOS\u00bb.<\/strong><\/span><\/p>\n<table style=\"height: 241px;width: 96.9113%;border-collapse: collapse;border-color: #000000\">\n<tbody>\n<tr style=\"height: 241px\">\n<td style=\"width: 50%;height: 241px\"><span style=\"font-size: 14pt;font-family: 'comic sans ms', sans-serif\"><img loading=\"lazy\" decoding=\"async\" class=\"wp-image-1528 aligncenter\" src=\"https:\/\/blogsaverroes.juntadeandalucia.es\/bibliotecaelmanantialsevillaeste\/files\/2023\/01\/WhatsApp-Image-2023-01-26-at-18.28.37-300x188.jpeg\" alt=\"\" width=\"427\" height=\"268\" srcset=\"https:\/\/blogsaverroes.juntadeandalucia.es\/bibliotecaelmanantialsevillaeste\/files\/2023\/01\/WhatsApp-Image-2023-01-26-at-18.28.37-300x188.jpeg 300w, https:\/\/blogsaverroes.juntadeandalucia.es\/bibliotecaelmanantialsevillaeste\/files\/2023\/01\/WhatsApp-Image-2023-01-26-at-18.28.37-768x480.jpeg 768w, https:\/\/blogsaverroes.juntadeandalucia.es\/bibliotecaelmanantialsevillaeste\/files\/2023\/01\/WhatsApp-Image-2023-01-26-at-18.28.37.jpeg 1024w\" sizes=\"(max-width: 427px) 100vw, 427px\" \/><\/span><\/td>\n<td style=\"width: 50%;height: 241px\"><span style=\"color: #000000\"><br \/>\n<img loading=\"lazy\" decoding=\"async\" class=\"wp-image-1538 aligncenter\" src=\"https:\/\/blogsaverroes.juntadeandalucia.es\/bibliotecaelmanantialsevillaeste\/files\/2023\/01\/IMG-1427-1-300x152.jpg\" alt=\"\" width=\"393\" height=\"199\" srcset=\"https:\/\/blogsaverroes.juntadeandalucia.es\/bibliotecaelmanantialsevillaeste\/files\/2023\/01\/IMG-1427-1-300x152.jpg 300w, https:\/\/blogsaverroes.juntadeandalucia.es\/bibliotecaelmanantialsevillaeste\/files\/2023\/01\/IMG-1427-1-1024x518.jpg 1024w, https:\/\/blogsaverroes.juntadeandalucia.es\/bibliotecaelmanantialsevillaeste\/files\/2023\/01\/IMG-1427-1-768x388.jpg 768w, https:\/\/blogsaverroes.juntadeandalucia.es\/bibliotecaelmanantialsevillaeste\/files\/2023\/01\/IMG-1427-1-1536x776.jpg 1536w, https:\/\/blogsaverroes.juntadeandalucia.es\/bibliotecaelmanantialsevillaeste\/files\/2023\/01\/IMG-1427-1-2048x1035.jpg 2048w\" sizes=\"(max-width: 393px) 100vw, 393px\" \/><br \/>\n<\/span><\/td>\n<\/tr>\n<\/tbody>\n<\/table>\n<p><span style=\"font-family: 'comic sans ms', sans-serif;font-size: 14pt;color: #000000\">Adem\u00e1s se han realizado diversas actividades como: sopa de letras relacionadas con la Paz, medallas, banderines, coloreado de mandalas,&#8230;<\/span><\/p>\n<table style=\"border-collapse: collapse;width: 100%\">\n<tbody>\n<tr>\n<td style=\"width: 33.3333%\"><img loading=\"lazy\" decoding=\"async\" class=\"size-medium wp-image-1529 aligncenter\" src=\"https:\/\/blogsaverroes.juntadeandalucia.es\/bibliotecaelmanantialsevillaeste\/files\/2023\/01\/medalla-paloma-225x300.jpeg\" alt=\"\" width=\"225\" height=\"300\" srcset=\"https:\/\/blogsaverroes.juntadeandalucia.es\/bibliotecaelmanantialsevillaeste\/files\/2023\/01\/medalla-paloma-225x300.jpeg 225w, https:\/\/blogsaverroes.juntadeandalucia.es\/bibliotecaelmanantialsevillaeste\/files\/2023\/01\/medalla-paloma-rotated.jpeg 768w\" sizes=\"(max-width: 225px) 100vw, 225px\" \/><\/td>\n<td style=\"width: 33.3333%\"><img loading=\"lazy\" decoding=\"async\" class=\"size-medium wp-image-1530 aligncenter\" src=\"https:\/\/blogsaverroes.juntadeandalucia.es\/bibliotecaelmanantialsevillaeste\/files\/2023\/01\/simbolo-paz-rojo-225x300.jpeg\" alt=\"\" width=\"225\" height=\"300\" srcset=\"https:\/\/blogsaverroes.juntadeandalucia.es\/bibliotecaelmanantialsevillaeste\/files\/2023\/01\/simbolo-paz-rojo-225x300.jpeg 225w, https:\/\/blogsaverroes.juntadeandalucia.es\/bibliotecaelmanantialsevillaeste\/files\/2023\/01\/simbolo-paz-rojo-rotated.jpeg 768w\" sizes=\"(max-width: 225px) 100vw, 225px\" \/><\/td>\n<td style=\"width: 33.3333%\"><img loading=\"lazy\" decoding=\"async\" class=\"size-medium wp-image-1531 aligncenter\" src=\"https:\/\/blogsaverroes.juntadeandalucia.es\/bibliotecaelmanantialsevillaeste\/files\/2023\/01\/Bander\u00edn-Paz-1-219x300.jpg\" alt=\"\" width=\"219\" height=\"300\" srcset=\"https:\/\/blogsaverroes.juntadeandalucia.es\/bibliotecaelmanantialsevillaeste\/files\/2023\/01\/Bander\u00edn-Paz-1-219x300.jpg 219w, https:\/\/blogsaverroes.juntadeandalucia.es\/bibliotecaelmanantialsevillaeste\/files\/2023\/01\/Bander\u00edn-Paz-1-748x1024.jpg 748w, https:\/\/blogsaverroes.juntadeandalucia.es\/bibliotecaelmanantialsevillaeste\/files\/2023\/01\/Bander\u00edn-Paz-1-768x1051.jpg 768w, https:\/\/blogsaverroes.juntadeandalucia.es\/bibliotecaelmanantialsevillaeste\/files\/2023\/01\/Bander\u00edn-Paz-1-1122x1536.jpg 1122w, https:\/\/blogsaverroes.juntadeandalucia.es\/bibliotecaelmanantialsevillaeste\/files\/2023\/01\/Bander\u00edn-Paz-1.jpg 1496w\" sizes=\"(max-width: 219px) 100vw, 219px\" \/><\/td>\n<\/tr>\n<\/tbody>\n<\/table>\n<p><span style=\"font-family: 'comic sans ms', sans-serif;font-size: 14pt;color: #000000\">En las aulas se visualizar\u00e1n algunos v\u00eddeos relacionados con la tem\u00e1tica trabajada:&nbsp;<\/span><\/p>\n<p><iframe loading=\"lazy\" src=\"\/\/www.youtube.com\/embed\/d61Iz2kppWY\" width=\"560\" height=\"315\" frameborder=\"0\"><\/iframe><\/p>\n<p><iframe loading=\"lazy\" src=\"\/\/www.youtube.com\/embed\/iY5ZSQPclco\" width=\"560\" height=\"315\" frameborder=\"0\"><\/iframe><\/p>\n<p><iframe loading=\"lazy\" src=\"\/\/www.youtube.com\/embed\/fAN8e73Fotc\" width=\"560\" height=\"315\" frameborder=\"0\"><\/iframe><iframe loading=\"lazy\" src=\"\/\/www.youtube.com\/embed\/JcsRIL0DQfE\" width=\"560\" height=\"315\" frameborder=\"0\"><\/iframe><\/p>\n<p><span style=\"font-family: 'comic sans ms', sans-serif;font-size: 14pt;color: #000000\">La celebraci\u00f3n de este importante efem\u00e9ride culminar\u00e1 con las Segundas Jornadas Solidarias de Educaci\u00f3n F\u00edsica que se llevar\u00e1n a cabo los d\u00edas 30 y 31 de enero.<\/span><\/p>\n<table style=\"width: 100%;border-collapse: collapse;border-color: #000000;background-color: #6cf0ee\">\n<tbody>\n<tr>\n<td style=\"width: 33.3333%;text-align: center\"><img loading=\"lazy\" decoding=\"async\" class=\"alignnone size-medium wp-image-1559\" src=\"https:\/\/blogsaverroes.juntadeandalucia.es\/bibliotecaelmanantialsevillaeste\/files\/2023\/01\/Auxi-06-300x169.jpg\" alt=\"\" width=\"300\" height=\"169\" srcset=\"https:\/\/blogsaverroes.juntadeandalucia.es\/bibliotecaelmanantialsevillaeste\/files\/2023\/01\/Auxi-06-300x169.jpg 300w, https:\/\/blogsaverroes.juntadeandalucia.es\/bibliotecaelmanantialsevillaeste\/files\/2023\/01\/Auxi-06-1024x577.jpg 1024w, https:\/\/blogsaverroes.juntadeandalucia.es\/bibliotecaelmanantialsevillaeste\/files\/2023\/01\/Auxi-06-768x432.jpg 768w, https:\/\/blogsaverroes.juntadeandalucia.es\/bibliotecaelmanantialsevillaeste\/files\/2023\/01\/Auxi-06-1536x865.jpg 1536w, https:\/\/blogsaverroes.juntadeandalucia.es\/bibliotecaelmanantialsevillaeste\/files\/2023\/01\/Auxi-06-2048x1153.jpg 2048w\" sizes=\"(max-width: 300px) 100vw, 300px\" \/><\/td>\n<td style=\"width: 33.3333%;text-align: center\"><img loading=\"lazy\" decoding=\"async\" class=\"alignnone size-medium wp-image-1560\" src=\"https:\/\/blogsaverroes.juntadeandalucia.es\/bibliotecaelmanantialsevillaeste\/files\/2023\/01\/Espe-02-300x225.jpg\" alt=\"\" width=\"300\" height=\"225\" srcset=\"https:\/\/blogsaverroes.juntadeandalucia.es\/bibliotecaelmanantialsevillaeste\/files\/2023\/01\/Espe-02-300x225.jpg 300w, https:\/\/blogsaverroes.juntadeandalucia.es\/bibliotecaelmanantialsevillaeste\/files\/2023\/01\/Espe-02-768x576.jpg 768w, https:\/\/blogsaverroes.juntadeandalucia.es\/bibliotecaelmanantialsevillaeste\/files\/2023\/01\/Espe-02.jpg 1024w\" sizes=\"(max-width: 300px) 100vw, 300px\" \/><\/td>\n<td style=\"width: 33.3333%;text-align: center\"><img loading=\"lazy\" decoding=\"async\" class=\"alignnone size-medium wp-image-1561\" src=\"https:\/\/blogsaverroes.juntadeandalucia.es\/bibliotecaelmanantialsevillaeste\/files\/2023\/01\/Auxi-03-300x169.jpg\" alt=\"\" width=\"300\" height=\"169\" srcset=\"https:\/\/blogsaverroes.juntadeandalucia.es\/bibliotecaelmanantialsevillaeste\/files\/2023\/01\/Auxi-03-300x169.jpg 300w, https:\/\/blogsaverroes.juntadeandalucia.es\/bibliotecaelmanantialsevillaeste\/files\/2023\/01\/Auxi-03-1024x577.jpg 1024w, https:\/\/blogsaverroes.juntadeandalucia.es\/bibliotecaelmanantialsevillaeste\/files\/2023\/01\/Auxi-03-768x432.jpg 768w, https:\/\/blogsaverroes.juntadeandalucia.es\/bibliotecaelmanantialsevillaeste\/files\/2023\/01\/Auxi-03-1536x865.jpg 1536w, https:\/\/blogsaverroes.juntadeandalucia.es\/bibliotecaelmanantialsevillaeste\/files\/2023\/01\/Auxi-03-2048x1153.jpg 2048w\" sizes=\"(max-width: 300px) 100vw, 300px\" \/><\/td>\n<\/tr>\n<tr>\n<td style=\"width: 33.3333%;text-align: center\"><img loading=\"lazy\" decoding=\"async\" class=\"alignnone size-medium wp-image-1562\" src=\"https:\/\/blogsaverroes.juntadeandalucia.es\/bibliotecaelmanantialsevillaeste\/files\/2023\/01\/Espe-08-300x225.jpg\" alt=\"\" width=\"300\" height=\"225\" srcset=\"https:\/\/blogsaverroes.juntadeandalucia.es\/bibliotecaelmanantialsevillaeste\/files\/2023\/01\/Espe-08-300x225.jpg 300w, https:\/\/blogsaverroes.juntadeandalucia.es\/bibliotecaelmanantialsevillaeste\/files\/2023\/01\/Espe-08-768x576.jpg 768w, https:\/\/blogsaverroes.juntadeandalucia.es\/bibliotecaelmanantialsevillaeste\/files\/2023\/01\/Espe-08.jpg 1024w\" sizes=\"(max-width: 300px) 100vw, 300px\" \/><\/td>\n<td style=\"width: 33.3333%;text-align: center\"><img loading=\"lazy\" decoding=\"async\" class=\"alignnone size-medium wp-image-1563\" src=\"https:\/\/blogsaverroes.juntadeandalucia.es\/bibliotecaelmanantialsevillaeste\/files\/2023\/01\/Espe-05-300x225.jpg\" alt=\"\" width=\"300\" height=\"225\" srcset=\"https:\/\/blogsaverroes.juntadeandalucia.es\/bibliotecaelmanantialsevillaeste\/files\/2023\/01\/Espe-05-300x225.jpg 300w, https:\/\/blogsaverroes.juntadeandalucia.es\/bibliotecaelmanantialsevillaeste\/files\/2023\/01\/Espe-05-768x576.jpg 768w, https:\/\/blogsaverroes.juntadeandalucia.es\/bibliotecaelmanantialsevillaeste\/files\/2023\/01\/Espe-05.jpg 1024w\" sizes=\"(max-width: 300px) 100vw, 300px\" \/><\/td>\n<td style=\"width: 33.3333%;text-align: center\"><img loading=\"lazy\" decoding=\"async\" class=\"alignnone size-medium wp-image-1564\" src=\"https:\/\/blogsaverroes.juntadeandalucia.es\/bibliotecaelmanantialsevillaeste\/files\/2023\/01\/Espe-10-300x225.jpg\" alt=\"\" width=\"300\" height=\"225\" srcset=\"https:\/\/blogsaverroes.juntadeandalucia.es\/bibliotecaelmanantialsevillaeste\/files\/2023\/01\/Espe-10-300x225.jpg 300w, https:\/\/blogsaverroes.juntadeandalucia.es\/bibliotecaelmanantialsevillaeste\/files\/2023\/01\/Espe-10-768x576.jpg 768w, https:\/\/blogsaverroes.juntadeandalucia.es\/bibliotecaelmanantialsevillaeste\/files\/2023\/01\/Espe-10.jpg 1024w\" sizes=\"(max-width: 300px) 100vw, 300px\" \/><\/td>\n<\/tr>\n<\/tbody>\n<\/table>\n<p><span style=\"color: #000000;font-family: 'comic sans ms', sans-serif;font-size: 14pt\">Poco a poco iremos a\u00f1adiendo las fotos de los cursos participantes seg\u00fan nos vayan llegando a redacci\u00f3n.&nbsp;<\/span><\/p>\n<table style=\"width: 100%;border-collapse: collapse;border-color: #000000;background-color: #f07ae4\">\n<tbody>\n<tr>\n<td style=\"width: 50%;text-align: center\"><img loading=\"lazy\" decoding=\"async\" class=\"alignnone size-medium wp-image-1565\" src=\"https:\/\/blogsaverroes.juntadeandalucia.es\/bibliotecaelmanantialsevillaeste\/files\/2023\/01\/Espe-01-300x225.jpg\" alt=\"\" width=\"300\" height=\"225\" srcset=\"https:\/\/blogsaverroes.juntadeandalucia.es\/bibliotecaelmanantialsevillaeste\/files\/2023\/01\/Espe-01-300x225.jpg 300w, https:\/\/blogsaverroes.juntadeandalucia.es\/bibliotecaelmanantialsevillaeste\/files\/2023\/01\/Espe-01-768x576.jpg 768w, https:\/\/blogsaverroes.juntadeandalucia.es\/bibliotecaelmanantialsevillaeste\/files\/2023\/01\/Espe-01.jpg 1024w\" sizes=\"(max-width: 300px) 100vw, 300px\" \/><\/td>\n<td style=\"width: 50%;text-align: center\"><img loading=\"lazy\" decoding=\"async\" class=\"alignnone wp-image-1566\" src=\"https:\/\/blogsaverroes.juntadeandalucia.es\/bibliotecaelmanantialsevillaeste\/files\/2023\/01\/Auxi-01-300x177.jpg\" alt=\"\" width=\"383\" height=\"226\" srcset=\"https:\/\/blogsaverroes.juntadeandalucia.es\/bibliotecaelmanantialsevillaeste\/files\/2023\/01\/Auxi-01-300x177.jpg 300w, https:\/\/blogsaverroes.juntadeandalucia.es\/bibliotecaelmanantialsevillaeste\/files\/2023\/01\/Auxi-01-1024x604.jpg 1024w, https:\/\/blogsaverroes.juntadeandalucia.es\/bibliotecaelmanantialsevillaeste\/files\/2023\/01\/Auxi-01-768x453.jpg 768w, https:\/\/blogsaverroes.juntadeandalucia.es\/bibliotecaelmanantialsevillaeste\/files\/2023\/01\/Auxi-01-1536x905.jpg 1536w, https:\/\/blogsaverroes.juntadeandalucia.es\/bibliotecaelmanantialsevillaeste\/files\/2023\/01\/Auxi-01-2048x1207.jpg 2048w\" sizes=\"(max-width: 383px) 100vw, 383px\" \/><\/td>\n<\/tr>\n<\/tbody>\n<\/table>\n<p><span style=\"font-family: 'comic sans ms', sans-serif;color: #000000\"><span style=\"font-size: 14pt\">El objetivo era desarrollar la solidaridad de nuestro alumnado y sus familias y hemos recaudado &#8230;&#8230;&#8230; euros. Seguro que la <span style=\"font-size: 18pt\"><strong><span style=\"color: #ff0000\">ONG Save the Children<\/span><\/strong><\/span> puede llevar a cabo muchas acciones, con ese dinero, que ayude a paliar las desigualdades de la infancia.&nbsp;<\/span><\/span><\/p>\n<p><img loading=\"lazy\" decoding=\"async\" class=\"alignnone wp-image-1567 aligncenter\" src=\"https:\/\/blogsaverroes.juntadeandalucia.es\/bibliotecaelmanantialsevillaeste\/files\/2023\/01\/Auxi-02-300x169.jpg\" alt=\"\" width=\"388\" height=\"219\" srcset=\"https:\/\/blogsaverroes.juntadeandalucia.es\/bibliotecaelmanantialsevillaeste\/files\/2023\/01\/Auxi-02-300x169.jpg 300w, https:\/\/blogsaverroes.juntadeandalucia.es\/bibliotecaelmanantialsevillaeste\/files\/2023\/01\/Auxi-02-1024x577.jpg 1024w, https:\/\/blogsaverroes.juntadeandalucia.es\/bibliotecaelmanantialsevillaeste\/files\/2023\/01\/Auxi-02-768x432.jpg 768w, https:\/\/blogsaverroes.juntadeandalucia.es\/bibliotecaelmanantialsevillaeste\/files\/2023\/01\/Auxi-02-1536x865.jpg 1536w, https:\/\/blogsaverroes.juntadeandalucia.es\/bibliotecaelmanantialsevillaeste\/files\/2023\/01\/Auxi-02-2048x1153.jpg 2048w\" sizes=\"(max-width: 388px) 100vw, 388px\" \/><\/p>\n<p style=\"text-align: center\"><strong><span style=\"color: #0000ff;font-family: 'comic sans ms', sans-serif;font-size: 18pt\">MUCHAS GRACIAS A TODOS\/AS. <\/span><\/strong><\/p>\n<p style=\"text-align: center\"><strong><span style=\"color: #0000ff;font-family: 'comic sans ms', sans-serif;font-size: 18pt\">SIGAMOS CONTRUYENDO LA PAZ TODOS LOS D\u00cdAS<\/span>.<\/strong><\/p>\n","protected":false},"excerpt":{"rendered":"<p>Cada 30 de enero se conmemora en los centros educativos el \u00abD\u00cdA DE LA PAZ\u00bb y la No violencia. \u00bfY por qu\u00e9 se celebra ese d\u00eda? Ese mismo d\u00eda se celebra el aniversario de la&#46;&#46;&#46;<\/p>\n","protected":false},"author":15845,"featured_media":1569,"comment_status":"open","ping_status":"open","sticky":false,"template":"","format":"standard","meta":{"ngg_post_thumbnail":0,"footnotes":""},"categories":[8,7,19,5,10,9,21,3],"tags":[43,42,45,44],"aioseo_notices":[],"_links":{"self":[{"href":"https:\/\/blogsaverroes.juntadeandalucia.es\/bibliotecaelmanantialsevillaeste\/wp-json\/wp\/v2\/posts\/1517"}],"collection":[{"href":"https:\/\/blogsaverroes.juntadeandalucia.es\/bibliotecaelmanantialsevillaeste\/wp-json\/wp\/v2\/posts"}],"about":[{"href":"https:\/\/blogsaverroes.juntadeandalucia.es\/bibliotecaelmanantialsevillaeste\/wp-json\/wp\/v2\/types\/post"}],"author":[{"embeddable":true,"href":"https:\/\/blogsaverroes.juntadeandalucia.es\/bibliotecaelmanantialsevillaeste\/wp-json\/wp\/v2\/users\/15845"}],"replies":[{"embeddable":true,"href":"https:\/\/blogsaverroes.juntadeandalucia.es\/bibliotecaelmanantialsevillaeste\/wp-json\/wp\/v2\/comments?post=1517"}],"version-history":[{"count":9,"href":"https:\/\/blogsaverroes.juntadeandalucia.es\/bibliotecaelmanantialsevillaeste\/wp-json\/wp\/v2\/posts\/1517\/revisions"}],"predecessor-version":[{"id":1558,"href":"https:\/\/blogsaverroes.juntadeandalucia.es\/bibliotecaelmanantialsevillaeste\/wp-json\/wp\/v2\/posts\/1517\/revisions\/1558"}],"wp:featuredmedia":[{"embeddable":true,"href":"https:\/\/blogsaverroes.juntadeandalucia.es\/bibliotecaelmanantialsevillaeste\/wp-json\/wp\/v2\/media\/1569"}],"wp:attachment":[{"href":"https:\/\/blogsaverroes.juntadeandalucia.es\/bibliotecaelmanantialsevillaeste\/wp-json\/wp\/v2\/media?parent=1517"}],"wp:term":[{"taxonomy":"category","embeddable":true,"href":"https:\/\/blogsaverroes.juntadeandalucia.es\/bibliotecaelmanantialsevillaeste\/wp-json\/wp\/v2\/categories?post=1517"},{"taxonomy":"post_tag","embeddable":true,"href":"https:\/\/blogsaverroes.juntadeandalucia.es\/bibliotecaelmanantialsevillaeste\/wp-json\/wp\/v2\/tags?post=1517"}],"curies":[{"name":"wp","href":"https:\/\/api.w.org\/{rel}","templated":true}]}}