{"id":1578,"date":"2023-02-10T07:54:49","date_gmt":"2023-02-10T07:54:49","guid":{"rendered":"https:\/\/blogsaverroes.juntadeandalucia.es\/bibliotecaelmanantialsevillaeste\/?p=1578"},"modified":"2023-02-14T15:47:44","modified_gmt":"2023-02-14T15:47:44","slug":"la-mujer-y-la-nina-en-la-ciencia","status":"publish","type":"post","link":"https:\/\/blogsaverroes.juntadeandalucia.es\/bibliotecaelmanantialsevillaeste\/2023\/02\/10\/la-mujer-y-la-nina-en-la-ciencia\/","title":{"rendered":"LA MUJER Y LA NI\u00d1A EN LA CIENCIA"},"content":{"rendered":"<p><span style=\"font-family: 'comic sans ms', sans-serif;font-size: 14pt;color: #000000\">Hoy, 11 de febrero, celebramos el <span style=\"font-size: 18pt\"><strong><span style=\"color: #0000ff\">D\u00eda Internacional de la Mujer y la Ni\u00f1a en la Ciencia. <\/span><\/strong><\/span><span style=\"color: #0000ff\"><span style=\"color: #000000\">Esta efem\u00e9ride comenz\u00f3 en diciembre de 2015 gracias a la <strong><span style=\"color: #0000ff\">Asamblea General de Naciones<\/span> <span style=\"color: #0000ff\">Unidas<\/span><\/strong> con el objetivo de conmemorar y reconocer la trayectoria de todas aquellas mujeres que han contribuido al avance de la ciencia y tecnolog\u00eda y cuya historia muchas veces ha quedado en el olvido.<\/span><\/span><\/span><\/p>\n<p><img loading=\"lazy\" decoding=\"async\" class=\"wp-image-1581 aligncenter\" style=\"font-family: 'comic sans ms', sans-serif;font-size: 18.6667px;text-align: center\" src=\"https:\/\/blogsaverroes.juntadeandalucia.es\/bibliotecaelmanantialsevillaeste\/files\/2023\/02\/entradamyn_ciencia-300x292.png\" alt=\"\" width=\"387\" height=\"377\" srcset=\"https:\/\/blogsaverroes.juntadeandalucia.es\/bibliotecaelmanantialsevillaeste\/files\/2023\/02\/entradamyn_ciencia-300x292.png 300w, https:\/\/blogsaverroes.juntadeandalucia.es\/bibliotecaelmanantialsevillaeste\/files\/2023\/02\/entradamyn_ciencia.png 400w\" sizes=\"(max-width: 387px) 100vw, 387px\" \/><\/p>\n<p><span style=\"font-family: 'comic sans ms', sans-serif;font-size: 14pt\"><span style=\"color: #000000\">Es por ello, que desde el<\/span> <strong><span style=\"color: #ff6600;font-size: 18pt\">C.E.I.P El Manantial<\/span>,<\/strong> q<span style=\"color: #000000\">ueremos rendir homenaje a esas mujeres pioneras en el \u00e1mbito cient\u00edfico para que sirvan de referente a nuestro<\/span> <span style=\"color: #000000\">alumnado. <\/span><\/span><\/p>\n<p style=\"text-align: center\"><span style=\"font-family: 'comic sans ms', sans-serif;font-size: 24pt\"><span style=\"color: #000000\"><strong><span style=\"color: #ff6600\">\u00bfOs anim\u00e1is a convertiros en cient\u00edfic@s?<\/span> <\/strong><\/span><\/span><\/p>\n<p><span style=\"font-family: 'comic sans ms', sans-serif;font-size: 14pt\"><span style=\"color: #000000\">Visualizad estos v\u00eddeos y quiz\u00e1s encontr\u00e9is vuestra futura profesi\u00f3n.<\/span><\/span><\/p>\n<p style=\"text-align: center\"><span style=\"font-family: 'comic sans ms', sans-serif;font-size: 14pt\"><iframe loading=\"lazy\" src=\"\/\/www.youtube.com\/embed\/RkLHWs3NWrI\" width=\"560\" height=\"314\"><\/iframe><\/span><\/p>\n<p style=\"text-align: center\">&nbsp;<iframe loading=\"lazy\" src=\"\/\/www.youtube.com\/embed\/dozk4lQW3F0\" width=\"560\" height=\"314\"><\/iframe><\/p>\n<p style=\"text-align: center\"><iframe loading=\"lazy\" src=\"\/\/www.youtube.com\/embed\/8xvD3-dvYIE\" width=\"560\" height=\"314\"><\/iframe><\/p>\n<p><span style=\"font-family: 'comic sans ms', sans-serif;font-size: 14pt;color: #000000\">Si adem\u00e1s os gusta la lectura; pod\u00e9is disfrutar de algunos t\u00edtulos relacionados con la Ciencia, la N.A.S.A, etc,&#8230;<\/span><\/p>\n<ul>\n<li><span style=\"font-family: 'comic sans ms', sans-serif;font-size: 14pt;color: #000000\">Mi gran libro de experimentos. (Editorial Susaeta).<\/span><\/li>\n<li><span style=\"font-family: 'comic sans ms', sans-serif;font-size: 14pt;color: #000000\">100 pasos para la ciencia: descubrimientos e inventos que cambiaron el mundo. (S.M).<\/span><\/li>\n<li><span style=\"font-family: 'comic sans ms', sans-serif;font-size: 14pt;color: #000000\">Astron\u00e1utica: La ciencia explicada a los m\u00e1s peque\u00f1os. (Futuros Genios).<\/span><\/li>\n<li><span style=\"font-family: 'comic sans ms', sans-serif;font-size: 14pt;color: #000000\">La puerta de los tres cerrojos. (Editorial Destino).<\/span><\/li>\n<li><span style=\"font-family: 'comic sans ms', sans-serif;font-size: 14pt;color: #000000\">Las chicas son de ciencias.25 cient\u00edficas que cambiaron el mundo.<\/span><\/li>\n<\/ul>\n<p><span style=\"font-family: 'comic sans ms', sans-serif;font-size: 14pt;color: #000000\"> Y un mont\u00f3n de t\u00edtulos m\u00e1s&#8230; <\/span><\/p>\n<p><span style=\"font-family: 'comic sans ms', sans-serif;font-size: 14pt;color: #000000\">En el colegio el <span style=\"font-size: 18pt\"><strong><span style=\"color: #0000ff\">alumnado de tercero y sexto de primaria<\/span><\/strong><\/span> realizaron el pasado mi\u00e9rcoles ocho de febrero unos <strong><span style=\"color: #800080;font-size: 18pt\">talleres sobre la ni\u00f1a y la mujer en la ciencia.<\/span><\/strong>&nbsp;<\/span><\/p>\n<table style=\"width: 100%;border-collapse: collapse;border-color: #000000;background-color: #db82ed\">\n<tbody>\n<tr>\n<td style=\"width: 50%;text-align: center\"><img loading=\"lazy\" decoding=\"async\" class=\"alignnone wp-image-1602\" src=\"https:\/\/blogsaverroes.juntadeandalucia.es\/bibliotecaelmanantialsevillaeste\/files\/2023\/02\/02-300x169.jpeg\" alt=\"\" width=\"403\" height=\"227\" srcset=\"https:\/\/blogsaverroes.juntadeandalucia.es\/bibliotecaelmanantialsevillaeste\/files\/2023\/02\/02-300x169.jpeg 300w, https:\/\/blogsaverroes.juntadeandalucia.es\/bibliotecaelmanantialsevillaeste\/files\/2023\/02\/02-1024x577.jpeg 1024w, https:\/\/blogsaverroes.juntadeandalucia.es\/bibliotecaelmanantialsevillaeste\/files\/2023\/02\/02-768x433.jpeg 768w, https:\/\/blogsaverroes.juntadeandalucia.es\/bibliotecaelmanantialsevillaeste\/files\/2023\/02\/02-1536x866.jpeg 1536w, https:\/\/blogsaverroes.juntadeandalucia.es\/bibliotecaelmanantialsevillaeste\/files\/2023\/02\/02.jpeg 1600w\" sizes=\"(max-width: 403px) 100vw, 403px\" \/><\/td>\n<td style=\"width: 50%;text-align: center\"><img loading=\"lazy\" decoding=\"async\" class=\"alignnone wp-image-1601\" src=\"https:\/\/blogsaverroes.juntadeandalucia.es\/bibliotecaelmanantialsevillaeste\/files\/2023\/02\/01-300x169.jpeg\" alt=\"\" width=\"408\" height=\"230\" srcset=\"https:\/\/blogsaverroes.juntadeandalucia.es\/bibliotecaelmanantialsevillaeste\/files\/2023\/02\/01-300x169.jpeg 300w, https:\/\/blogsaverroes.juntadeandalucia.es\/bibliotecaelmanantialsevillaeste\/files\/2023\/02\/01-1024x577.jpeg 1024w, https:\/\/blogsaverroes.juntadeandalucia.es\/bibliotecaelmanantialsevillaeste\/files\/2023\/02\/01-768x433.jpeg 768w, https:\/\/blogsaverroes.juntadeandalucia.es\/bibliotecaelmanantialsevillaeste\/files\/2023\/02\/01-1536x866.jpeg 1536w, https:\/\/blogsaverroes.juntadeandalucia.es\/bibliotecaelmanantialsevillaeste\/files\/2023\/02\/01.jpeg 1600w\" sizes=\"(max-width: 408px) 100vw, 408px\" \/><\/td>\n<\/tr>\n<tr>\n<td style=\"width: 50%;text-align: center\"><img loading=\"lazy\" decoding=\"async\" class=\"alignnone wp-image-1604\" src=\"https:\/\/blogsaverroes.juntadeandalucia.es\/bibliotecaelmanantialsevillaeste\/files\/2023\/02\/04-300x169.jpeg\" alt=\"\" width=\"399\" height=\"225\" srcset=\"https:\/\/blogsaverroes.juntadeandalucia.es\/bibliotecaelmanantialsevillaeste\/files\/2023\/02\/04-300x169.jpeg 300w, https:\/\/blogsaverroes.juntadeandalucia.es\/bibliotecaelmanantialsevillaeste\/files\/2023\/02\/04-1024x577.jpeg 1024w, https:\/\/blogsaverroes.juntadeandalucia.es\/bibliotecaelmanantialsevillaeste\/files\/2023\/02\/04-768x433.jpeg 768w, https:\/\/blogsaverroes.juntadeandalucia.es\/bibliotecaelmanantialsevillaeste\/files\/2023\/02\/04-1536x866.jpeg 1536w, https:\/\/blogsaverroes.juntadeandalucia.es\/bibliotecaelmanantialsevillaeste\/files\/2023\/02\/04.jpeg 1600w\" sizes=\"(max-width: 399px) 100vw, 399px\" \/><\/td>\n<td style=\"width: 50%;text-align: center\"><img loading=\"lazy\" decoding=\"async\" class=\"alignnone wp-image-1603\" src=\"https:\/\/blogsaverroes.juntadeandalucia.es\/bibliotecaelmanantialsevillaeste\/files\/2023\/02\/03-300x169.jpeg\" alt=\"\" width=\"406\" height=\"229\" srcset=\"https:\/\/blogsaverroes.juntadeandalucia.es\/bibliotecaelmanantialsevillaeste\/files\/2023\/02\/03-300x169.jpeg 300w, https:\/\/blogsaverroes.juntadeandalucia.es\/bibliotecaelmanantialsevillaeste\/files\/2023\/02\/03-1024x577.jpeg 1024w, https:\/\/blogsaverroes.juntadeandalucia.es\/bibliotecaelmanantialsevillaeste\/files\/2023\/02\/03-768x433.jpeg 768w, https:\/\/blogsaverroes.juntadeandalucia.es\/bibliotecaelmanantialsevillaeste\/files\/2023\/02\/03-1536x866.jpeg 1536w, https:\/\/blogsaverroes.juntadeandalucia.es\/bibliotecaelmanantialsevillaeste\/files\/2023\/02\/03.jpeg 1600w\" sizes=\"(max-width: 406px) 100vw, 406px\" \/><\/td>\n<\/tr>\n<\/tbody>\n<\/table>\n<p style=\"text-align: center\"><strong><span style=\"color: #000000;font-size: 14pt;font-family: 'comic sans ms', sans-serif\">Aqu\u00ed os dejamos un v\u00eddeo donde dos alumnos\/as de tercero nos explican lo que hicieron.<\/span><\/strong><\/p>\n<div style=\"width: 640px;\" class=\"wp-video\"><!--[if lt IE 9]><script>document.createElement('video');<\/script><![endif]-->\n<video class=\"wp-video-shortcode\" id=\"video-1578-1\" width=\"640\" height=\"352\" preload=\"metadata\" controls=\"controls\"><source type=\"video\/mp4\" src=\"https:\/\/blogsaverroes.juntadeandalucia.es\/bibliotecaelmanantialsevillaeste\/files\/2023\/02\/Mujeres-ciencia.mp4?_=1\" \/><a href=\"https:\/\/blogsaverroes.juntadeandalucia.es\/bibliotecaelmanantialsevillaeste\/files\/2023\/02\/Mujeres-ciencia.mp4\">https:\/\/blogsaverroes.juntadeandalucia.es\/bibliotecaelmanantialsevillaeste\/files\/2023\/02\/Mujeres-ciencia.mp4<\/a><\/video><\/div>\n<p style=\"text-align: center\"><strong><span style=\"color: #000000;font-size: 14pt;font-family: 'comic sans ms', sans-serif\">&nbsp;<\/span><\/strong><\/p>\n<p>&nbsp;<\/p>\n<p>&nbsp;<\/p>\n","protected":false},"excerpt":{"rendered":"<p>Hoy, 11 de febrero, celebramos el D\u00eda Internacional de la Mujer y la Ni\u00f1a en la Ciencia. Esta efem\u00e9ride comenz\u00f3 en diciembre de 2015 gracias a la Asamblea General de Naciones Unidas con el objetivo&#46;&#46;&#46;<\/p>\n","protected":false},"author":15845,"featured_media":1581,"comment_status":"open","ping_status":"open","sticky":false,"template":"","format":"video","meta":{"ngg_post_thumbnail":0,"footnotes":""},"categories":[8,7,19,5,10,9,21,3,30,31],"tags":[],"aioseo_notices":[],"_links":{"self":[{"href":"https:\/\/blogsaverroes.juntadeandalucia.es\/bibliotecaelmanantialsevillaeste\/wp-json\/wp\/v2\/posts\/1578"}],"collection":[{"href":"https:\/\/blogsaverroes.juntadeandalucia.es\/bibliotecaelmanantialsevillaeste\/wp-json\/wp\/v2\/posts"}],"about":[{"href":"https:\/\/blogsaverroes.juntadeandalucia.es\/bibliotecaelmanantialsevillaeste\/wp-json\/wp\/v2\/types\/post"}],"author":[{"embeddable":true,"href":"https:\/\/blogsaverroes.juntadeandalucia.es\/bibliotecaelmanantialsevillaeste\/wp-json\/wp\/v2\/users\/15845"}],"replies":[{"embeddable":true,"href":"https:\/\/blogsaverroes.juntadeandalucia.es\/bibliotecaelmanantialsevillaeste\/wp-json\/wp\/v2\/comments?post=1578"}],"version-history":[{"count":8,"href":"https:\/\/blogsaverroes.juntadeandalucia.es\/bibliotecaelmanantialsevillaeste\/wp-json\/wp\/v2\/posts\/1578\/revisions"}],"predecessor-version":[{"id":1609,"href":"https:\/\/blogsaverroes.juntadeandalucia.es\/bibliotecaelmanantialsevillaeste\/wp-json\/wp\/v2\/posts\/1578\/revisions\/1609"}],"wp:featuredmedia":[{"embeddable":true,"href":"https:\/\/blogsaverroes.juntadeandalucia.es\/bibliotecaelmanantialsevillaeste\/wp-json\/wp\/v2\/media\/1581"}],"wp:attachment":[{"href":"https:\/\/blogsaverroes.juntadeandalucia.es\/bibliotecaelmanantialsevillaeste\/wp-json\/wp\/v2\/media?parent=1578"}],"wp:term":[{"taxonomy":"category","embeddable":true,"href":"https:\/\/blogsaverroes.juntadeandalucia.es\/bibliotecaelmanantialsevillaeste\/wp-json\/wp\/v2\/categories?post=1578"},{"taxonomy":"post_tag","embeddable":true,"href":"https:\/\/blogsaverroes.juntadeandalucia.es\/bibliotecaelmanantialsevillaeste\/wp-json\/wp\/v2\/tags?post=1578"}],"curies":[{"name":"wp","href":"https:\/\/api.w.org\/{rel}","templated":true}]}}