{"id":2022,"date":"2024-02-29T06:53:54","date_gmt":"2024-02-29T06:53:54","guid":{"rendered":"https:\/\/blogsaverroes.juntadeandalucia.es\/bibliotecaelmanantialsevillaeste\/?p=2022"},"modified":"2024-02-29T06:53:54","modified_gmt":"2024-02-29T06:53:54","slug":"dia-del-flamenco","status":"publish","type":"post","link":"https:\/\/blogsaverroes.juntadeandalucia.es\/bibliotecaelmanantialsevillaeste\/2024\/02\/29\/dia-del-flamenco\/","title":{"rendered":"D\u00eda del flamenco"},"content":{"rendered":"<p style=\"text-align: center\"><span style=\"font-size: 14pt;color: #008000\"><strong><span style=\"font-family: 'comic sans ms', sans-serif\">El pasado 16 de Noviembre celebramos el d\u00eda del Flamenco en Andaluc\u00eda. <\/span><\/strong><\/span><\/p>\n<p><span style=\"font-family: 'comic sans ms', sans-serif;font-size: 14pt;color: #000000\">Desde las clases de Infantil de 4 a\u00f1os hemos trabajado esta efem\u00e9ride. <\/span><span style=\"font-family: 'comic sans ms', sans-serif;font-size: 14pt;color: #000000\">Para ello realizamos varias actividades:<\/span><\/p>\n<p><img loading=\"lazy\" decoding=\"async\" class=\"alignnone size-medium wp-image-2024 aligncenter\" src=\"https:\/\/blogsaverroes.juntadeandalucia.es\/bibliotecaelmanantialsevillaeste\/files\/2023\/12\/Flamenco-1-300x273.jpeg\" alt=\"\" width=\"300\" height=\"273\" srcset=\"https:\/\/blogsaverroes.juntadeandalucia.es\/bibliotecaelmanantialsevillaeste\/files\/2023\/12\/Flamenco-1-300x273.jpeg 300w, https:\/\/blogsaverroes.juntadeandalucia.es\/bibliotecaelmanantialsevillaeste\/files\/2023\/12\/Flamenco-1-1024x930.jpeg 1024w, https:\/\/blogsaverroes.juntadeandalucia.es\/bibliotecaelmanantialsevillaeste\/files\/2023\/12\/Flamenco-1-768x698.jpeg 768w, https:\/\/blogsaverroes.juntadeandalucia.es\/bibliotecaelmanantialsevillaeste\/files\/2023\/12\/Flamenco-1.jpeg 1500w\" sizes=\"(max-width: 300px) 100vw, 300px\" \/><\/p>\n<p><span style=\"font-family: 'comic sans ms', sans-serif;font-size: 14pt;color: #000000\">&#8211; Preguntamos a los alumnos y alumnas si saben que es el flamenco. Dieron varias respuestas espont\u00e1neas. Todos nombraban el baile. \u00a1Pero no es s\u00f3lo eso! <strong><span style=\"color: #ff0000\">El flamenco es un arte andaluz que integra el baile, el cante y el toque y, sobre todo, mucho sentimiento.<\/span><\/strong><\/span><\/p>\n<p style=\"text-align: center\"><img loading=\"lazy\" decoding=\"async\" class=\"alignnone size-medium wp-image-2030\" src=\"https:\/\/blogsaverroes.juntadeandalucia.es\/bibliotecaelmanantialsevillaeste\/files\/2023\/12\/Flemanco-6-225x300.jpeg\" alt=\"\" width=\"225\" height=\"300\" srcset=\"https:\/\/blogsaverroes.juntadeandalucia.es\/bibliotecaelmanantialsevillaeste\/files\/2023\/12\/Flemanco-6-225x300.jpeg 225w, https:\/\/blogsaverroes.juntadeandalucia.es\/bibliotecaelmanantialsevillaeste\/files\/2023\/12\/Flemanco-6-768x1024.jpeg 768w, https:\/\/blogsaverroes.juntadeandalucia.es\/bibliotecaelmanantialsevillaeste\/files\/2023\/12\/Flemanco-6-1152x1536.jpeg 1152w, https:\/\/blogsaverroes.juntadeandalucia.es\/bibliotecaelmanantialsevillaeste\/files\/2023\/12\/Flemanco-6.jpeg 1500w\" sizes=\"(max-width: 225px) 100vw, 225px\" \/>&nbsp; &nbsp; &nbsp; <img loading=\"lazy\" decoding=\"async\" class=\"alignnone size-medium wp-image-2029\" src=\"https:\/\/blogsaverroes.juntadeandalucia.es\/bibliotecaelmanantialsevillaeste\/files\/2023\/12\/Flamenco-7-225x300.jpeg\" alt=\"\" width=\"225\" height=\"300\" srcset=\"https:\/\/blogsaverroes.juntadeandalucia.es\/bibliotecaelmanantialsevillaeste\/files\/2023\/12\/Flamenco-7-225x300.jpeg 225w, https:\/\/blogsaverroes.juntadeandalucia.es\/bibliotecaelmanantialsevillaeste\/files\/2023\/12\/Flamenco-7-768x1024.jpeg 768w, https:\/\/blogsaverroes.juntadeandalucia.es\/bibliotecaelmanantialsevillaeste\/files\/2023\/12\/Flamenco-7-1152x1536.jpeg 1152w, https:\/\/blogsaverroes.juntadeandalucia.es\/bibliotecaelmanantialsevillaeste\/files\/2023\/12\/Flamenco-7.jpeg 1500w\" sizes=\"(max-width: 225px) 100vw, 225px\" \/><\/p>\n<p><span style=\"font-family: 'comic sans ms', sans-serif;font-size: 14pt;color: #000000\">&#8211; <strong><span style=\"color: #800080\">Hay m\u00e1s de 50 palos del flamenco<\/span><\/strong>, entre los m\u00e1s comunes: sevillanas, alegr\u00edas, sole\u00e1, saetas, buler\u00edas, seguiriyas, fandangos, tangos, etc. En la web <a href=\"https:\/\/www.andalucia.org\/es\/flamenco\/palos-flamencos\/\">Palos Flamencos &#8211; Web oficial de turismo de Andaluc\u00eda<\/a> se pueden escuchar peque\u00f1os fragmentos de todos estos palos. Escuchamos varios en clase.<\/span><\/p>\n<p style=\"text-align: center\"><img loading=\"lazy\" decoding=\"async\" class=\"alignnone size-medium wp-image-2028\" src=\"https:\/\/blogsaverroes.juntadeandalucia.es\/bibliotecaelmanantialsevillaeste\/files\/2023\/12\/Flamenco-5-225x300.jpeg\" alt=\"\" width=\"225\" height=\"300\" srcset=\"https:\/\/blogsaverroes.juntadeandalucia.es\/bibliotecaelmanantialsevillaeste\/files\/2023\/12\/Flamenco-5-225x300.jpeg 225w, https:\/\/blogsaverroes.juntadeandalucia.es\/bibliotecaelmanantialsevillaeste\/files\/2023\/12\/Flamenco-5-768x1024.jpeg 768w, https:\/\/blogsaverroes.juntadeandalucia.es\/bibliotecaelmanantialsevillaeste\/files\/2023\/12\/Flamenco-5-1152x1536.jpeg 1152w, https:\/\/blogsaverroes.juntadeandalucia.es\/bibliotecaelmanantialsevillaeste\/files\/2023\/12\/Flamenco-5.jpeg 1500w\" sizes=\"(max-width: 225px) 100vw, 225px\" \/>&nbsp; &nbsp; <img loading=\"lazy\" decoding=\"async\" class=\"alignnone size-medium wp-image-2027\" src=\"https:\/\/blogsaverroes.juntadeandalucia.es\/bibliotecaelmanantialsevillaeste\/files\/2023\/12\/Flamenco-4-224x300.jpeg\" alt=\"\" width=\"224\" height=\"300\" srcset=\"https:\/\/blogsaverroes.juntadeandalucia.es\/bibliotecaelmanantialsevillaeste\/files\/2023\/12\/Flamenco-4-224x300.jpeg 224w, https:\/\/blogsaverroes.juntadeandalucia.es\/bibliotecaelmanantialsevillaeste\/files\/2023\/12\/Flamenco-4-763x1024.jpeg 763w, https:\/\/blogsaverroes.juntadeandalucia.es\/bibliotecaelmanantialsevillaeste\/files\/2023\/12\/Flamenco-4.jpeg 766w\" sizes=\"(max-width: 224px) 100vw, 224px\" \/><\/p>\n<p><span style=\"font-family: 'comic sans ms', sans-serif;font-size: 14pt;color: #000000\">&#8211; Les presentamos a dos amigos: <strong><span style=\"color: #808000\">Paco de Luc\u00eda y Camar\u00f3n de la Isla.<\/span><\/strong> Juntos hac\u00edan flamenco. Visionamos varios videos juntos y escuchamos varias de sus actuaciones. Completamos una ficha con sus datos.<\/span><\/p>\n<p style=\"text-align: center\"><img loading=\"lazy\" decoding=\"async\" class=\"alignnone size-medium wp-image-2023\" src=\"https:\/\/blogsaverroes.juntadeandalucia.es\/bibliotecaelmanantialsevillaeste\/files\/2023\/12\/Ficha-213x300.jpeg\" alt=\"\" width=\"213\" height=\"300\" srcset=\"https:\/\/blogsaverroes.juntadeandalucia.es\/bibliotecaelmanantialsevillaeste\/files\/2023\/12\/Ficha-213x300.jpeg 213w, https:\/\/blogsaverroes.juntadeandalucia.es\/bibliotecaelmanantialsevillaeste\/files\/2023\/12\/Ficha.jpeg 721w\" sizes=\"(max-width: 213px) 100vw, 213px\" \/><\/p>\n<p><span style=\"font-family: 'comic sans ms', sans-serif;font-size: 14pt;color: #000000\">&#8211; Tambi\u00e9n <strong><span style=\"color: #000080\">pintamos una guitarra flamenca<\/span> <\/strong>y coloreamos una bonita <strong><span style=\"color: #000080\">mandala flamenca<\/span> <\/strong>de la web <a href=\"https:\/\/perfileando.blogspot.com\/search?q=flamenco\">Perfileando Blogs <\/a><\/span><span style=\"font-family: 'comic sans ms', sans-serif;font-size: 14pt;color: #000000\">(@perfileando)&nbsp; y nos servimos de modelos de esta misma web para dibujar unos simp\u00e1ticos ni\u00f1os y ni\u00f1as flamencas.<\/span><\/p>\n<p style=\"text-align: center\"><img loading=\"lazy\" decoding=\"async\" class=\"alignnone size-medium wp-image-2031\" src=\"https:\/\/blogsaverroes.juntadeandalucia.es\/bibliotecaelmanantialsevillaeste\/files\/2023\/12\/Guitarra-182x300.jpeg\" alt=\"\" width=\"182\" height=\"300\" srcset=\"https:\/\/blogsaverroes.juntadeandalucia.es\/bibliotecaelmanantialsevillaeste\/files\/2023\/12\/Guitarra-182x300.jpeg 182w, https:\/\/blogsaverroes.juntadeandalucia.es\/bibliotecaelmanantialsevillaeste\/files\/2023\/12\/Guitarra-621x1024.jpeg 621w, https:\/\/blogsaverroes.juntadeandalucia.es\/bibliotecaelmanantialsevillaeste\/files\/2023\/12\/Guitarra.jpeg 721w\" sizes=\"(max-width: 182px) 100vw, 182px\" \/>&nbsp; &nbsp; &nbsp; &nbsp; <img loading=\"lazy\" decoding=\"async\" class=\"alignnone size-medium wp-image-2032\" src=\"https:\/\/blogsaverroes.juntadeandalucia.es\/bibliotecaelmanantialsevillaeste\/files\/2023\/12\/Mandala-246x300.jpeg\" alt=\"\" width=\"246\" height=\"300\" srcset=\"https:\/\/blogsaverroes.juntadeandalucia.es\/bibliotecaelmanantialsevillaeste\/files\/2023\/12\/Mandala-246x300.jpeg 246w, https:\/\/blogsaverroes.juntadeandalucia.es\/bibliotecaelmanantialsevillaeste\/files\/2023\/12\/Mandala.jpeg 721w\" sizes=\"(max-width: 246px) 100vw, 246px\" \/><\/p>\n<p><span style=\"font-family: 'comic sans ms', sans-serif;font-size: 14pt;color: #000000\">&#8211; <strong><span style=\"color: #800000\">Aprendimos vocabulario<\/span><\/strong> relacionado con el flamenco gracias a las tarjetas de vocabulario de &amp;quot; Una p\u00e1gina diferente&amp;quot; Escuela Inclusiva La Se\u00f1o Ale (Aula TEA Infantil\/FBO) (@bluteando)&nbsp;<\/span><\/p>\n<p style=\"text-align: center\"><img loading=\"lazy\" decoding=\"async\" class=\"alignnone size-medium wp-image-2026\" src=\"https:\/\/blogsaverroes.juntadeandalucia.es\/bibliotecaelmanantialsevillaeste\/files\/2023\/12\/Flamenco-3-225x300.jpeg\" alt=\"\" width=\"225\" height=\"300\" srcset=\"https:\/\/blogsaverroes.juntadeandalucia.es\/bibliotecaelmanantialsevillaeste\/files\/2023\/12\/Flamenco-3-225x300.jpeg 225w, https:\/\/blogsaverroes.juntadeandalucia.es\/bibliotecaelmanantialsevillaeste\/files\/2023\/12\/Flamenco-3-768x1024.jpeg 768w, https:\/\/blogsaverroes.juntadeandalucia.es\/bibliotecaelmanantialsevillaeste\/files\/2023\/12\/Flamenco-3-1152x1536.jpeg 1152w, https:\/\/blogsaverroes.juntadeandalucia.es\/bibliotecaelmanantialsevillaeste\/files\/2023\/12\/Flamenco-3.jpeg 1500w\" sizes=\"(max-width: 225px) 100vw, 225px\" \/>&nbsp; &nbsp; &nbsp; <img loading=\"lazy\" decoding=\"async\" class=\"alignnone size-medium wp-image-2025\" src=\"https:\/\/blogsaverroes.juntadeandalucia.es\/bibliotecaelmanantialsevillaeste\/files\/2023\/12\/Flamenco-2-225x300.jpeg\" alt=\"\" width=\"225\" height=\"300\" srcset=\"https:\/\/blogsaverroes.juntadeandalucia.es\/bibliotecaelmanantialsevillaeste\/files\/2023\/12\/Flamenco-2-225x300.jpeg 225w, https:\/\/blogsaverroes.juntadeandalucia.es\/bibliotecaelmanantialsevillaeste\/files\/2023\/12\/Flamenco-2-768x1024.jpeg 768w, https:\/\/blogsaverroes.juntadeandalucia.es\/bibliotecaelmanantialsevillaeste\/files\/2023\/12\/Flamenco-2-1152x1536.jpeg 1152w, https:\/\/blogsaverroes.juntadeandalucia.es\/bibliotecaelmanantialsevillaeste\/files\/2023\/12\/Flamenco-2.jpeg 1500w\" sizes=\"(max-width: 225px) 100vw, 225px\" \/><br \/>\n<span style=\"font-family: 'comic sans ms', sans-serif;font-size: 14pt;color: #000000\">En definitiva que durante varios d\u00edas estuvimos muy flamencos porque tenemos mucho arte!<\/span><\/p>\n","protected":false},"excerpt":{"rendered":"<p>El pasado 16 de Noviembre celebramos el d\u00eda del Flamenco en Andaluc\u00eda. Desde las clases de Infantil de 4 a\u00f1os hemos trabajado esta efem\u00e9ride. Para ello realizamos varias actividades: &#8211; Preguntamos a los alumnos y&#46;&#46;&#46;<\/p>\n","protected":false},"author":12230,"featured_media":2024,"comment_status":"open","ping_status":"open","sticky":false,"template":"","format":"standard","meta":{"ngg_post_thumbnail":0,"footnotes":""},"categories":[23,13,10,9,3,30,25],"tags":[81,50],"aioseo_notices":[],"_links":{"self":[{"href":"https:\/\/blogsaverroes.juntadeandalucia.es\/bibliotecaelmanantialsevillaeste\/wp-json\/wp\/v2\/posts\/2022"}],"collection":[{"href":"https:\/\/blogsaverroes.juntadeandalucia.es\/bibliotecaelmanantialsevillaeste\/wp-json\/wp\/v2\/posts"}],"about":[{"href":"https:\/\/blogsaverroes.juntadeandalucia.es\/bibliotecaelmanantialsevillaeste\/wp-json\/wp\/v2\/types\/post"}],"author":[{"embeddable":true,"href":"https:\/\/blogsaverroes.juntadeandalucia.es\/bibliotecaelmanantialsevillaeste\/wp-json\/wp\/v2\/users\/12230"}],"replies":[{"embeddable":true,"href":"https:\/\/blogsaverroes.juntadeandalucia.es\/bibliotecaelmanantialsevillaeste\/wp-json\/wp\/v2\/comments?post=2022"}],"version-history":[{"count":1,"href":"https:\/\/blogsaverroes.juntadeandalucia.es\/bibliotecaelmanantialsevillaeste\/wp-json\/wp\/v2\/posts\/2022\/revisions"}],"predecessor-version":[{"id":2033,"href":"https:\/\/blogsaverroes.juntadeandalucia.es\/bibliotecaelmanantialsevillaeste\/wp-json\/wp\/v2\/posts\/2022\/revisions\/2033"}],"wp:featuredmedia":[{"embeddable":true,"href":"https:\/\/blogsaverroes.juntadeandalucia.es\/bibliotecaelmanantialsevillaeste\/wp-json\/wp\/v2\/media\/2024"}],"wp:attachment":[{"href":"https:\/\/blogsaverroes.juntadeandalucia.es\/bibliotecaelmanantialsevillaeste\/wp-json\/wp\/v2\/media?parent=2022"}],"wp:term":[{"taxonomy":"category","embeddable":true,"href":"https:\/\/blogsaverroes.juntadeandalucia.es\/bibliotecaelmanantialsevillaeste\/wp-json\/wp\/v2\/categories?post=2022"},{"taxonomy":"post_tag","embeddable":true,"href":"https:\/\/blogsaverroes.juntadeandalucia.es\/bibliotecaelmanantialsevillaeste\/wp-json\/wp\/v2\/tags?post=2022"}],"curies":[{"name":"wp","href":"https:\/\/api.w.org\/{rel}","templated":true}]}}