{"id":2034,"date":"2024-01-08T08:44:30","date_gmt":"2024-01-08T08:44:30","guid":{"rendered":"https:\/\/blogsaverroes.juntadeandalucia.es\/bibliotecaelmanantialsevillaeste\/?p=2034"},"modified":"2024-01-08T08:44:30","modified_gmt":"2024-01-08T08:44:30","slug":"cargaditos-de-juguetes","status":"publish","type":"post","link":"https:\/\/blogsaverroes.juntadeandalucia.es\/bibliotecaelmanantialsevillaeste\/2024\/01\/08\/cargaditos-de-juguetes\/","title":{"rendered":"CARGADITOS DE JUGUETES"},"content":{"rendered":"<p style=\"text-align: center\"><span style=\"font-family: 'comic sans ms', sans-serif;font-size: 14pt;color: #000000\">\u00bfC\u00f3mo lo has pasado estas fiestas? <strong><span style=\"color: #008000\">\u00bfTe han tra\u00eddo alg\u00fan juguete?<\/span><\/strong><\/span><\/p>\n<p><img loading=\"lazy\" decoding=\"async\" class=\"alignnone size-medium wp-image-2036 aligncenter\" src=\"https:\/\/blogsaverroes.juntadeandalucia.es\/bibliotecaelmanantialsevillaeste\/files\/2023\/12\/Cuento-2-300x198.jpeg\" alt=\"\" width=\"300\" height=\"198\" srcset=\"https:\/\/blogsaverroes.juntadeandalucia.es\/bibliotecaelmanantialsevillaeste\/files\/2023\/12\/Cuento-2-300x198.jpeg 300w, https:\/\/blogsaverroes.juntadeandalucia.es\/bibliotecaelmanantialsevillaeste\/files\/2023\/12\/Cuento-2-1024x675.jpeg 1024w, https:\/\/blogsaverroes.juntadeandalucia.es\/bibliotecaelmanantialsevillaeste\/files\/2023\/12\/Cuento-2-768x507.jpeg 768w, https:\/\/blogsaverroes.juntadeandalucia.es\/bibliotecaelmanantialsevillaeste\/files\/2023\/12\/Cuento-2.jpeg 1093w\" sizes=\"(max-width: 300px) 100vw, 300px\" \/><\/p>\n<p><span style=\"color: #000000;font-family: 'comic sans ms', sans-serif;font-size: 14pt\">El pasado martes 19 de diciembre tuvieron las clases de Infantil un <span style=\"font-size: 18pt\"><strong><span style=\"color: #ff0000\">cuentacuentos navide\u00f1o<\/span><\/strong><\/span> a cargo de la empresa <a href=\"https:\/\/www.descubring.com\/\">@descubringeducacion<\/a>.&nbsp; <\/span><span style=\"color: #000000;font-family: 'comic sans ms', sans-serif;font-size: 14pt\">Esta empresa colaboraba con la campa\u00f1a solidaria de @radio_sevilla \u00abOperaci\u00f3n Buena Gente\u00bb. <\/span><\/p>\n<p style=\"text-align: center\"><img loading=\"lazy\" decoding=\"async\" class=\"alignnone size-medium wp-image-2037\" src=\"https:\/\/blogsaverroes.juntadeandalucia.es\/bibliotecaelmanantialsevillaeste\/files\/2023\/12\/Cuento-3-300x197.jpeg\" alt=\"\" width=\"300\" height=\"197\" srcset=\"https:\/\/blogsaverroes.juntadeandalucia.es\/bibliotecaelmanantialsevillaeste\/files\/2023\/12\/Cuento-3-300x197.jpeg 300w, https:\/\/blogsaverroes.juntadeandalucia.es\/bibliotecaelmanantialsevillaeste\/files\/2023\/12\/Cuento-3-1024x673.jpeg 1024w, https:\/\/blogsaverroes.juntadeandalucia.es\/bibliotecaelmanantialsevillaeste\/files\/2023\/12\/Cuento-3-768x505.jpeg 768w, https:\/\/blogsaverroes.juntadeandalucia.es\/bibliotecaelmanantialsevillaeste\/files\/2023\/12\/Cuento-3.jpeg 1326w\" sizes=\"(max-width: 300px) 100vw, 300px\" \/>&nbsp; &nbsp; &nbsp; <img loading=\"lazy\" decoding=\"async\" class=\"alignnone size-medium wp-image-2035\" src=\"https:\/\/blogsaverroes.juntadeandalucia.es\/bibliotecaelmanantialsevillaeste\/files\/2023\/12\/Cuento-1-300x225.jpeg\" alt=\"\" width=\"300\" height=\"225\" srcset=\"https:\/\/blogsaverroes.juntadeandalucia.es\/bibliotecaelmanantialsevillaeste\/files\/2023\/12\/Cuento-1-300x225.jpeg 300w, https:\/\/blogsaverroes.juntadeandalucia.es\/bibliotecaelmanantialsevillaeste\/files\/2023\/12\/Cuento-1-1024x768.jpeg 1024w, https:\/\/blogsaverroes.juntadeandalucia.es\/bibliotecaelmanantialsevillaeste\/files\/2023\/12\/Cuento-1-768x576.jpeg 768w, https:\/\/blogsaverroes.juntadeandalucia.es\/bibliotecaelmanantialsevillaeste\/files\/2023\/12\/Cuento-1-1536x1152.jpeg 1536w, https:\/\/blogsaverroes.juntadeandalucia.es\/bibliotecaelmanantialsevillaeste\/files\/2023\/12\/Cuento-1.jpeg 2000w\" sizes=\"(max-width: 300px) 100vw, 300px\" \/><\/p>\n<p><span style=\"color: #000000;font-family: 'comic sans ms', sans-serif;font-size: 14pt\">As\u00ed que adem\u00e1s de disfrutar de unos cuentos preciosos colaboraron ayudaron a lograr <\/span><span style=\"color: #000000;font-family: 'comic sans ms', sans-serif;font-size: 14pt\">el objetivo de llenar la furgoneta de juguetes nuevos. Se entregaron el d\u00eda 27 de diciembre en la Plaza Nueva y seguro que fue el regalo perfectos que muchos peque\u00f1@s necesitaban.<\/span><\/p>\n<p style=\"text-align: center\"><img loading=\"lazy\" decoding=\"async\" class=\"alignnone size-medium wp-image-2038\" src=\"https:\/\/blogsaverroes.juntadeandalucia.es\/bibliotecaelmanantialsevillaeste\/files\/2023\/12\/Furgoneta-225x300.jpeg\" alt=\"\" width=\"225\" height=\"300\" srcset=\"https:\/\/blogsaverroes.juntadeandalucia.es\/bibliotecaelmanantialsevillaeste\/files\/2023\/12\/Furgoneta-225x300.jpeg 225w, https:\/\/blogsaverroes.juntadeandalucia.es\/bibliotecaelmanantialsevillaeste\/files\/2023\/12\/Furgoneta-769x1024.jpeg 769w, https:\/\/blogsaverroes.juntadeandalucia.es\/bibliotecaelmanantialsevillaeste\/files\/2023\/12\/Furgoneta-768x1023.jpeg 768w, https:\/\/blogsaverroes.juntadeandalucia.es\/bibliotecaelmanantialsevillaeste\/files\/2023\/12\/Furgoneta-1153x1536.jpeg 1153w, https:\/\/blogsaverroes.juntadeandalucia.es\/bibliotecaelmanantialsevillaeste\/files\/2023\/12\/Furgoneta.jpeg 1201w\" sizes=\"(max-width: 225px) 100vw, 225px\" \/><\/p>\n<p style=\"text-align: center\"><span style=\"color: #000000;font-family: 'comic sans ms', sans-serif;font-size: 14pt\">Muchas gracias a tod@s por vuestra generosidad.<\/span><\/p>\n","protected":false},"excerpt":{"rendered":"<p>\u00bfC\u00f3mo lo has pasado estas fiestas? \u00bfTe han tra\u00eddo alg\u00fan juguete? El pasado martes 19 de diciembre tuvieron las clases de Infantil un cuentacuentos navide\u00f1o a cargo de la empresa @descubringeducacion.&nbsp; Esta empresa colaboraba con&#46;&#46;&#46;<\/p>\n","protected":false},"author":12230,"featured_media":2038,"comment_status":"open","ping_status":"open","sticky":false,"template":"","format":"standard","meta":{"ngg_post_thumbnail":0,"footnotes":""},"categories":[6,26,13,9,21,3,25],"tags":[83,50,82],"aioseo_notices":[],"_links":{"self":[{"href":"https:\/\/blogsaverroes.juntadeandalucia.es\/bibliotecaelmanantialsevillaeste\/wp-json\/wp\/v2\/posts\/2034"}],"collection":[{"href":"https:\/\/blogsaverroes.juntadeandalucia.es\/bibliotecaelmanantialsevillaeste\/wp-json\/wp\/v2\/posts"}],"about":[{"href":"https:\/\/blogsaverroes.juntadeandalucia.es\/bibliotecaelmanantialsevillaeste\/wp-json\/wp\/v2\/types\/post"}],"author":[{"embeddable":true,"href":"https:\/\/blogsaverroes.juntadeandalucia.es\/bibliotecaelmanantialsevillaeste\/wp-json\/wp\/v2\/users\/12230"}],"replies":[{"embeddable":true,"href":"https:\/\/blogsaverroes.juntadeandalucia.es\/bibliotecaelmanantialsevillaeste\/wp-json\/wp\/v2\/comments?post=2034"}],"version-history":[{"count":1,"href":"https:\/\/blogsaverroes.juntadeandalucia.es\/bibliotecaelmanantialsevillaeste\/wp-json\/wp\/v2\/posts\/2034\/revisions"}],"predecessor-version":[{"id":2039,"href":"https:\/\/blogsaverroes.juntadeandalucia.es\/bibliotecaelmanantialsevillaeste\/wp-json\/wp\/v2\/posts\/2034\/revisions\/2039"}],"wp:featuredmedia":[{"embeddable":true,"href":"https:\/\/blogsaverroes.juntadeandalucia.es\/bibliotecaelmanantialsevillaeste\/wp-json\/wp\/v2\/media\/2038"}],"wp:attachment":[{"href":"https:\/\/blogsaverroes.juntadeandalucia.es\/bibliotecaelmanantialsevillaeste\/wp-json\/wp\/v2\/media?parent=2034"}],"wp:term":[{"taxonomy":"category","embeddable":true,"href":"https:\/\/blogsaverroes.juntadeandalucia.es\/bibliotecaelmanantialsevillaeste\/wp-json\/wp\/v2\/categories?post=2034"},{"taxonomy":"post_tag","embeddable":true,"href":"https:\/\/blogsaverroes.juntadeandalucia.es\/bibliotecaelmanantialsevillaeste\/wp-json\/wp\/v2\/tags?post=2034"}],"curies":[{"name":"wp","href":"https:\/\/api.w.org\/{rel}","templated":true}]}}