{"id":2063,"date":"2024-03-10T08:48:30","date_gmt":"2024-03-10T08:48:30","guid":{"rendered":"https:\/\/blogsaverroes.juntadeandalucia.es\/bibliotecaelmanantialsevillaeste\/?p=2063"},"modified":"2024-03-10T08:49:15","modified_gmt":"2024-03-10T08:49:15","slug":"celebracion-dia-escolar-de-la-paz-y-la-no-violencia","status":"publish","type":"post","link":"https:\/\/blogsaverroes.juntadeandalucia.es\/bibliotecaelmanantialsevillaeste\/2024\/03\/10\/celebracion-dia-escolar-de-la-paz-y-la-no-violencia\/","title":{"rendered":"CELEBRACI\u00d3N D\u00cdA ESCOLAR DE LA PAZ Y LA NO VIOLENCIA"},"content":{"rendered":"<p><span style=\"font-size: 14pt;font-family: 'comic sans ms', sans-serif\"><strong> Como cada a\u00f1o, en nuestro centro, hemos celebrado el D\u00eda de la Paz en dos d\u00edas (30 y 31 de enero).&nbsp;<\/strong><\/span><\/p>\n<p><strong><span style=\"font-size: 14pt;font-family: 'comic sans ms', sans-serif\">Es importante se\u00f1alar que la celebraci\u00f3n de este d\u00eda est\u00e1 relacionada con la figura espiritual de Mahatma Ghandhi. Fue pacifista, pol\u00edtico, pensador y abogado. Con el tiempo se convirti\u00f3 en un s\u00edmbolo eterno de la Paz y la No violencia gracias a su activismo social y su implicaci\u00f3n. Su legado es una fuente de inspiraci\u00f3n para luchar por los derechos y el cambio social en todo el mundo.<\/span><\/strong><\/p>\n<p><span style=\"font-family: 'comic sans ms', sans-serif;font-size: 14pt\"><span style=\"font-family: comic sans ms, sans-serif\"><span style=\"font-size: 14pt\"><b>Desde los distintos niveles se han llevado a cabo diversas actividades relacionadas con esta efem\u00e9ride: Carrera solidaria con Save the Children, <\/b><\/span><span style=\"font-size: 18.6667px\"><b>visualizaciones<\/b><\/span><span style=\"font-size: 14pt\"><b> de v\u00eddeos, actividades interactivas, decoraci\u00f3n de camisetas con la imagen de la paloma de la Paz realizada con rotuladores de tela,&#8230;<\/b><\/span><\/span><\/span><\/p>\n<p><strong><span style=\"font-family: 'comic sans ms', sans-serif;font-size: 14pt\">Aqu\u00ed pod\u00e9is ver algunos ejemplos: \u00a1Qu\u00e9 bien lo pasamos!<\/span><\/strong><\/p>\n<p><img loading=\"lazy\" decoding=\"async\" class=\"alignnone size-medium wp-image-2070\" src=\"https:\/\/blogsaverroes.juntadeandalucia.es\/bibliotecaelmanantialsevillaeste\/files\/2024\/02\/IMG_3519-300x225.jpg\" alt=\"\" width=\"300\" height=\"225\" srcset=\"https:\/\/blogsaverroes.juntadeandalucia.es\/bibliotecaelmanantialsevillaeste\/files\/2024\/02\/IMG_3519-300x225.jpg 300w, https:\/\/blogsaverroes.juntadeandalucia.es\/bibliotecaelmanantialsevillaeste\/files\/2024\/02\/IMG_3519-1024x768.jpg 1024w, https:\/\/blogsaverroes.juntadeandalucia.es\/bibliotecaelmanantialsevillaeste\/files\/2024\/02\/IMG_3519-768x576.jpg 768w, https:\/\/blogsaverroes.juntadeandalucia.es\/bibliotecaelmanantialsevillaeste\/files\/2024\/02\/IMG_3519-1536x1152.jpg 1536w, https:\/\/blogsaverroes.juntadeandalucia.es\/bibliotecaelmanantialsevillaeste\/files\/2024\/02\/IMG_3519-2048x1536.jpg 2048w\" sizes=\"(max-width: 300px) 100vw, 300px\" \/> <img loading=\"lazy\" decoding=\"async\" class=\"alignnone size-medium wp-image-2071\" src=\"https:\/\/blogsaverroes.juntadeandalucia.es\/bibliotecaelmanantialsevillaeste\/files\/2024\/02\/IMG_3545-300x225.jpg\" alt=\"\" width=\"300\" height=\"225\" srcset=\"https:\/\/blogsaverroes.juntadeandalucia.es\/bibliotecaelmanantialsevillaeste\/files\/2024\/02\/IMG_3545-300x225.jpg 300w, https:\/\/blogsaverroes.juntadeandalucia.es\/bibliotecaelmanantialsevillaeste\/files\/2024\/02\/IMG_3545-1024x768.jpg 1024w, https:\/\/blogsaverroes.juntadeandalucia.es\/bibliotecaelmanantialsevillaeste\/files\/2024\/02\/IMG_3545-768x576.jpg 768w, https:\/\/blogsaverroes.juntadeandalucia.es\/bibliotecaelmanantialsevillaeste\/files\/2024\/02\/IMG_3545-1536x1152.jpg 1536w, https:\/\/blogsaverroes.juntadeandalucia.es\/bibliotecaelmanantialsevillaeste\/files\/2024\/02\/IMG_3545-2048x1536.jpg 2048w\" sizes=\"(max-width: 300px) 100vw, 300px\" \/><img loading=\"lazy\" decoding=\"async\" class=\"alignnone size-medium wp-image-2072\" src=\"https:\/\/blogsaverroes.juntadeandalucia.es\/bibliotecaelmanantialsevillaeste\/files\/2024\/02\/IMG_3551-300x225.jpg\" alt=\"\" width=\"300\" height=\"225\" srcset=\"https:\/\/blogsaverroes.juntadeandalucia.es\/bibliotecaelmanantialsevillaeste\/files\/2024\/02\/IMG_3551-300x225.jpg 300w, https:\/\/blogsaverroes.juntadeandalucia.es\/bibliotecaelmanantialsevillaeste\/files\/2024\/02\/IMG_3551-1024x768.jpg 1024w, https:\/\/blogsaverroes.juntadeandalucia.es\/bibliotecaelmanantialsevillaeste\/files\/2024\/02\/IMG_3551-768x576.jpg 768w, https:\/\/blogsaverroes.juntadeandalucia.es\/bibliotecaelmanantialsevillaeste\/files\/2024\/02\/IMG_3551-1536x1152.jpg 1536w, https:\/\/blogsaverroes.juntadeandalucia.es\/bibliotecaelmanantialsevillaeste\/files\/2024\/02\/IMG_3551-2048x1536.jpg 2048w\" sizes=\"(max-width: 300px) 100vw, 300px\" \/> <img loading=\"lazy\" decoding=\"async\" class=\"alignnone size-medium wp-image-2073\" src=\"https:\/\/blogsaverroes.juntadeandalucia.es\/bibliotecaelmanantialsevillaeste\/files\/2024\/02\/IMG_3575-300x225.jpg\" alt=\"\" width=\"300\" height=\"225\" srcset=\"https:\/\/blogsaverroes.juntadeandalucia.es\/bibliotecaelmanantialsevillaeste\/files\/2024\/02\/IMG_3575-300x225.jpg 300w, https:\/\/blogsaverroes.juntadeandalucia.es\/bibliotecaelmanantialsevillaeste\/files\/2024\/02\/IMG_3575-1024x768.jpg 1024w, https:\/\/blogsaverroes.juntadeandalucia.es\/bibliotecaelmanantialsevillaeste\/files\/2024\/02\/IMG_3575-768x576.jpg 768w, https:\/\/blogsaverroes.juntadeandalucia.es\/bibliotecaelmanantialsevillaeste\/files\/2024\/02\/IMG_3575-1536x1152.jpg 1536w, https:\/\/blogsaverroes.juntadeandalucia.es\/bibliotecaelmanantialsevillaeste\/files\/2024\/02\/IMG_3575-2048x1536.jpg 2048w\" sizes=\"(max-width: 300px) 100vw, 300px\" \/><\/p>\n<p><iframe loading=\"lazy\" src=\"\/\/www.youtube.com\/embed\/81CjGMjSfSE\" width=\"560\" height=\"314\"><\/iframe><\/p>\n<p>&nbsp;<\/p>\n<p>&nbsp;<\/p>\n<p><iframe loading=\"lazy\" title=\"EL CLUB DE LOS VALIENTES\" width=\"500\" height=\"281\" src=\"https:\/\/www.youtube.com\/embed\/K2IX1qxH_Qs?feature=oembed&#038;wmode=opaque\" frameborder=\"0\" allow=\"accelerometer; autoplay; clipboard-write; encrypted-media; gyroscope; picture-in-picture; web-share\" allowfullscreen><\/iframe><\/p>\n","protected":false},"excerpt":{"rendered":"<p>Como cada a\u00f1o, en nuestro centro, hemos celebrado el D\u00eda de la Paz en dos d\u00edas (30 y 31 de enero).&nbsp; Es importante se\u00f1alar que la celebraci\u00f3n de este d\u00eda est\u00e1 relacionada con la figura&#46;&#46;&#46;<\/p>\n","protected":false},"author":15845,"featured_media":2069,"comment_status":"open","ping_status":"open","sticky":false,"template":"","format":"standard","meta":{"ngg_post_thumbnail":0,"footnotes":""},"categories":[8,7,19,5,10,9,21,3],"tags":[43,42],"aioseo_notices":[],"_links":{"self":[{"href":"https:\/\/blogsaverroes.juntadeandalucia.es\/bibliotecaelmanantialsevillaeste\/wp-json\/wp\/v2\/posts\/2063"}],"collection":[{"href":"https:\/\/blogsaverroes.juntadeandalucia.es\/bibliotecaelmanantialsevillaeste\/wp-json\/wp\/v2\/posts"}],"about":[{"href":"https:\/\/blogsaverroes.juntadeandalucia.es\/bibliotecaelmanantialsevillaeste\/wp-json\/wp\/v2\/types\/post"}],"author":[{"embeddable":true,"href":"https:\/\/blogsaverroes.juntadeandalucia.es\/bibliotecaelmanantialsevillaeste\/wp-json\/wp\/v2\/users\/15845"}],"replies":[{"embeddable":true,"href":"https:\/\/blogsaverroes.juntadeandalucia.es\/bibliotecaelmanantialsevillaeste\/wp-json\/wp\/v2\/comments?post=2063"}],"version-history":[{"count":3,"href":"https:\/\/blogsaverroes.juntadeandalucia.es\/bibliotecaelmanantialsevillaeste\/wp-json\/wp\/v2\/posts\/2063\/revisions"}],"predecessor-version":[{"id":2077,"href":"https:\/\/blogsaverroes.juntadeandalucia.es\/bibliotecaelmanantialsevillaeste\/wp-json\/wp\/v2\/posts\/2063\/revisions\/2077"}],"wp:featuredmedia":[{"embeddable":true,"href":"https:\/\/blogsaverroes.juntadeandalucia.es\/bibliotecaelmanantialsevillaeste\/wp-json\/wp\/v2\/media\/2069"}],"wp:attachment":[{"href":"https:\/\/blogsaverroes.juntadeandalucia.es\/bibliotecaelmanantialsevillaeste\/wp-json\/wp\/v2\/media?parent=2063"}],"wp:term":[{"taxonomy":"category","embeddable":true,"href":"https:\/\/blogsaverroes.juntadeandalucia.es\/bibliotecaelmanantialsevillaeste\/wp-json\/wp\/v2\/categories?post=2063"},{"taxonomy":"post_tag","embeddable":true,"href":"https:\/\/blogsaverroes.juntadeandalucia.es\/bibliotecaelmanantialsevillaeste\/wp-json\/wp\/v2\/tags?post=2063"}],"curies":[{"name":"wp","href":"https:\/\/api.w.org\/{rel}","templated":true}]}}