{"id":442,"date":"2021-03-16T06:46:02","date_gmt":"2021-03-16T06:46:02","guid":{"rendered":"https:\/\/blogsaverroes.juntadeandalucia.es\/bibliotecaelmanantialsevillaeste\/?p=442"},"modified":"2021-03-28T15:56:45","modified_gmt":"2021-03-28T15:56:45","slug":"escritura-creativa","status":"publish","type":"post","link":"https:\/\/blogsaverroes.juntadeandalucia.es\/bibliotecaelmanantialsevillaeste\/2021\/03\/16\/escritura-creativa\/","title":{"rendered":"ESCRITURA CREATIVA"},"content":{"rendered":"<p><span style=\"font-family: 'comic sans ms', sans-serif;font-size: 14pt\">Seguro que todos los ni\u00f1os\/as del colegio quieren participar en el concurso de microrrelatos, pero para algunos\/as puede ser complicado empezar a escribir sin darles algunas pautas. Tenemos que guiarles a la vez que no coartar su creatividad.<\/span><\/p>\n<p><span style=\"font-family: 'comic sans ms', sans-serif;font-size: 14pt\">M\u00aa Victoria, tutora de 6\u00ba, nos ha pasado unas ideas y un material muy interesante para desarrollar la escritura creativa. &nbsp;&nbsp; &nbsp;&nbsp; &nbsp;&nbsp; &nbsp;&nbsp;<\/span><a href=\"https:\/\/blogsaverroes.juntadeandalucia.es\/bibliotecaelmanantialsevillaeste\/files\/2021\/03\/Escritura-creativa.pdf\">Escritura creativa<\/a><a href=\"https:\/\/blogsaverroes.juntadeandalucia.es\/bibliotecaelmanantialsevillaeste\/files\/2021\/03\/Escritura-creativa.pdf\"><img loading=\"lazy\" decoding=\"async\" class=\"wp-image-445 aligncenter\" src=\"https:\/\/blogsaverroes.juntadeandalucia.es\/bibliotecaelmanantialsevillaeste\/files\/2021\/03\/Escritura-Tekman-300x169.jpg\" alt=\"\" width=\"348\" height=\"196\" srcset=\"https:\/\/blogsaverroes.juntadeandalucia.es\/bibliotecaelmanantialsevillaeste\/files\/2021\/03\/Escritura-Tekman-300x169.jpg 300w, https:\/\/blogsaverroes.juntadeandalucia.es\/bibliotecaelmanantialsevillaeste\/files\/2021\/03\/Escritura-Tekman-1024x576.jpg 1024w, https:\/\/blogsaverroes.juntadeandalucia.es\/bibliotecaelmanantialsevillaeste\/files\/2021\/03\/Escritura-Tekman-768x432.jpg 768w, https:\/\/blogsaverroes.juntadeandalucia.es\/bibliotecaelmanantialsevillaeste\/files\/2021\/03\/Escritura-Tekman.jpg 1280w\" sizes=\"(max-width: 348px) 100vw, 348px\" \/><\/a><\/p>\n<p><span style=\"font-family: 'comic sans ms', sans-serif;font-size: 14pt\">* \u201cSolo ten\u00eda media hora para\u2026\u201d se le da el inicio del texto y a partir de ah\u00ed tiene que continuar la historia.<\/span><\/p>\n<p><span style=\"font-family: 'comic sans ms', sans-serif;font-size: 14pt\">* Binomio fant\u00e1stico. Consiste es decir dos palabras que en principio no tienen nada que ver. El relato surge cuando intentamos meter esas dos palabras con sentido dentro de nuestra historia.<\/span><\/p>\n<p><span style=\"font-family: 'comic sans ms', sans-serif;font-size: 14pt\">* Titulares imposibles. A partir de un titular absurdo o fant\u00e1stico los ni\u00f1os desarrollan la noticia que hay detr\u00e1s de \u00e9l.<\/span><\/p>\n<p><span style=\"font-family: 'comic sans ms', sans-serif;font-size: 14pt\">Adjuntamos unas <a href=\"https:\/\/blogsaverroes.juntadeandalucia.es\/bibliotecaelmanantialsevillaeste\/files\/2021\/03\/Escritura-creativa.pdf\">tarjetas de pensamiento creativo<\/a> y <a href=\"https:\/\/blogsaverroes.juntadeandalucia.es\/bibliotecaelmanantialsevillaeste\/files\/2021\/03\/7-t%C3%A9cnicas-de-escritura-creativa-inspiradas-en-Rodari-%E2%80%94-tekman-education.pdf\">7 t\u00e9cnicas para desarrollar la escritura creativa inspiradas en Rodari.<\/a><\/span><\/p>\n<p><a href=\"https:\/\/blogsaverroes.juntadeandalucia.es\/bibliotecaelmanantialsevillaeste\/files\/2021\/03\/tarjetas-pensamiento-creativo-.pdf\">&nbsp; &nbsp; &nbsp; &nbsp; &nbsp; &nbsp; &nbsp; &nbsp; &nbsp; &nbsp; &nbsp; &nbsp; &nbsp; &nbsp; &nbsp; <img loading=\"lazy\" decoding=\"async\" class=\"alignnone size-medium wp-image-446\" src=\"https:\/\/blogsaverroes.juntadeandalucia.es\/bibliotecaelmanantialsevillaeste\/files\/2021\/03\/Tarjetas-300x169.jpg\" alt=\"\" width=\"300\" height=\"169\" srcset=\"https:\/\/blogsaverroes.juntadeandalucia.es\/bibliotecaelmanantialsevillaeste\/files\/2021\/03\/Tarjetas-300x169.jpg 300w, https:\/\/blogsaverroes.juntadeandalucia.es\/bibliotecaelmanantialsevillaeste\/files\/2021\/03\/Tarjetas-1024x576.jpg 1024w, https:\/\/blogsaverroes.juntadeandalucia.es\/bibliotecaelmanantialsevillaeste\/files\/2021\/03\/Tarjetas-768x432.jpg 768w, https:\/\/blogsaverroes.juntadeandalucia.es\/bibliotecaelmanantialsevillaeste\/files\/2021\/03\/Tarjetas.jpg 1280w\" sizes=\"(max-width: 300px) 100vw, 300px\" \/>&nbsp; &nbsp; &nbsp; &nbsp; &nbsp; <img loading=\"lazy\" decoding=\"async\" class=\"alignnone size-medium wp-image-449\" src=\"https:\/\/blogsaverroes.juntadeandalucia.es\/bibliotecaelmanantialsevillaeste\/files\/2021\/03\/T\u00e9cnicas-Rodari-300x169.jpg\" alt=\"\" width=\"300\" height=\"169\" srcset=\"https:\/\/blogsaverroes.juntadeandalucia.es\/bibliotecaelmanantialsevillaeste\/files\/2021\/03\/T\u00e9cnicas-Rodari-300x169.jpg 300w, https:\/\/blogsaverroes.juntadeandalucia.es\/bibliotecaelmanantialsevillaeste\/files\/2021\/03\/T\u00e9cnicas-Rodari-1024x576.jpg 1024w, https:\/\/blogsaverroes.juntadeandalucia.es\/bibliotecaelmanantialsevillaeste\/files\/2021\/03\/T\u00e9cnicas-Rodari-768x432.jpg 768w, https:\/\/blogsaverroes.juntadeandalucia.es\/bibliotecaelmanantialsevillaeste\/files\/2021\/03\/T\u00e9cnicas-Rodari.jpg 1280w\" sizes=\"(max-width: 300px) 100vw, 300px\" \/><\/a><\/p>\n<p><span style=\"font-family: 'comic sans ms', sans-serif;font-size: 14pt\">Si te est\u00e1 gustando la propuesta nos gustar\u00eda recomendarle el Cuadernito de escritura divertida, que tiene propuestas tan locas como hacerle una entrevista a un piojo o escribirle una carta a tu T\u00edo Pepe, pero recuerda que es al\u00e9rgico a la letra A.<\/span><\/p>\n<table style=\"width: 100%;border-collapse: collapse;background-color: #9652ba\">\n<tbody>\n<tr>\n<td style=\"width: 100%\">&nbsp; &nbsp; &nbsp; &nbsp; &nbsp; &nbsp; &nbsp; &nbsp; &nbsp; &nbsp; &nbsp; &nbsp; &nbsp; &nbsp; &nbsp; &nbsp; &nbsp; &nbsp; &nbsp;<img loading=\"lazy\" decoding=\"async\" class=\"alignnone size-medium wp-image-450\" src=\"https:\/\/blogsaverroes.juntadeandalucia.es\/bibliotecaelmanantialsevillaeste\/files\/2021\/03\/Carta-sin-la-a-212x300.jpg\" alt=\"\" width=\"212\" height=\"300\" srcset=\"https:\/\/blogsaverroes.juntadeandalucia.es\/bibliotecaelmanantialsevillaeste\/files\/2021\/03\/Carta-sin-la-a-212x300.jpg 212w, https:\/\/blogsaverroes.juntadeandalucia.es\/bibliotecaelmanantialsevillaeste\/files\/2021\/03\/Carta-sin-la-a-724x1024.jpg 724w, https:\/\/blogsaverroes.juntadeandalucia.es\/bibliotecaelmanantialsevillaeste\/files\/2021\/03\/Carta-sin-la-a-768x1086.jpg 768w, https:\/\/blogsaverroes.juntadeandalucia.es\/bibliotecaelmanantialsevillaeste\/files\/2021\/03\/Carta-sin-la-a-1086x1536.jpg 1086w, https:\/\/blogsaverroes.juntadeandalucia.es\/bibliotecaelmanantialsevillaeste\/files\/2021\/03\/Carta-sin-la-a.jpg 1240w\" sizes=\"(max-width: 212px) 100vw, 212px\" \/>&nbsp; &nbsp; &nbsp; &nbsp; &nbsp; &nbsp; &nbsp; &nbsp; &nbsp; &nbsp; &nbsp; &nbsp; &nbsp; &nbsp; &nbsp; &nbsp; &nbsp; &nbsp; &nbsp; &nbsp; &nbsp; &nbsp;<img loading=\"lazy\" decoding=\"async\" class=\"alignnone size-medium wp-image-451\" src=\"https:\/\/blogsaverroes.juntadeandalucia.es\/bibliotecaelmanantialsevillaeste\/files\/2021\/03\/Entrevista-piojo-212x300.jpg\" alt=\"\" width=\"212\" height=\"300\" srcset=\"https:\/\/blogsaverroes.juntadeandalucia.es\/bibliotecaelmanantialsevillaeste\/files\/2021\/03\/Entrevista-piojo-212x300.jpg 212w, https:\/\/blogsaverroes.juntadeandalucia.es\/bibliotecaelmanantialsevillaeste\/files\/2021\/03\/Entrevista-piojo-724x1024.jpg 724w, https:\/\/blogsaverroes.juntadeandalucia.es\/bibliotecaelmanantialsevillaeste\/files\/2021\/03\/Entrevista-piojo-768x1086.jpg 768w, https:\/\/blogsaverroes.juntadeandalucia.es\/bibliotecaelmanantialsevillaeste\/files\/2021\/03\/Entrevista-piojo-1086x1536.jpg 1086w, https:\/\/blogsaverroes.juntadeandalucia.es\/bibliotecaelmanantialsevillaeste\/files\/2021\/03\/Entrevista-piojo.jpg 1240w\" sizes=\"(max-width: 212px) 100vw, 212px\" \/><\/td>\n<\/tr>\n<\/tbody>\n<\/table>\n<p>&nbsp; &nbsp; &nbsp; &nbsp; &nbsp; &nbsp; &nbsp; &nbsp; &nbsp; &nbsp; &nbsp; &nbsp; &nbsp; &nbsp; &nbsp; &nbsp; &nbsp; &nbsp;&nbsp; &nbsp; &nbsp; &nbsp; &nbsp; &nbsp; &nbsp; &nbsp; &nbsp; &nbsp; &nbsp; &nbsp; &nbsp; &nbsp; &nbsp; &nbsp; &nbsp; &nbsp; &nbsp;<\/p>\n<p><span style=\"font-family: 'comic sans ms', sans-serif;font-size: 14pt\">En otros colegios tambi\u00e9n se lleva a cabo la redacci\u00f3n de microrrelatos, adjuntamos tres de ejemplos que hemos cogido del <a href=\"https:\/\/cpdonamayor.educacion.navarra.es\/blog\/los-microrrelatos-de-5o-de-primaria-practicar-escritura-creativa\/\">colegio Do\u00f1a Mayor.<\/a><\/span><\/p>\n<p><span style=\"font-family: 'comic sans ms', sans-serif;font-size: 14pt\">Ejemplos de microrrelatos de 5\u00ba https:\/\/cpdonamayor.educacion.navarra.es\/blog\/los-microrrelatos-de-5o-de-primaria-practicar-escritura-creativa\/<\/span><\/p>\n<p><span style=\"font-family: 'comic sans ms', sans-serif;font-size: 14pt\"><u>EL CASTIGO&nbsp;<\/u><\/span><\/p>\n<p><span style=\"font-family: 'comic sans ms', sans-serif;font-size: 14pt\">Para pedirle perd\u00f3n a mi madre\u2026 \u00bfc\u00f3mo lo hago?, me pregunt\u00e9 yo en mi cabeza. Pens\u00e9: hay que hacerle la pelota y al final te \u201cdescastigar\u00e1\u201d (que no es lo mismo que te perdonar\u00e1).&nbsp;<\/span><\/p>\n<p><span style=\"font-family: 'comic sans ms', sans-serif;font-size: 14pt\">Yo lo suelo tener planeado porque me suelen castigar. Bueno, que me voy de la historia.<\/span><\/p>\n<p><span style=\"font-family: 'comic sans ms', sans-serif;font-size: 14pt\">Es que yo, sabr\u00e9is que no me suelo portar bien y el caso es que me castig\u00f3 esta vez tres meses sin la Nintendo Swich, y eso s\u00ed que me fastidia.<\/span><\/p>\n<p><span style=\"font-family: 'comic sans ms', sans-serif;font-size: 14pt\">Esta vez no me funcion\u00f3 \u00a1Y mira que lo intent\u00e9 de muchas maneras! Pero no, cuando no se puede, \u00a1no se puede!&nbsp; As\u00ed supe que las madres no son tontas.<\/span><\/p>\n<p><span style=\"font-family: 'comic sans ms', sans-serif;font-size: 14pt\">Asier Royo<\/span><\/p>\n<p>&nbsp;<\/p>\n<p><span style=\"font-family: 'comic sans ms', sans-serif;font-size: 14pt\"><u>LOS EX\u00c1MENES<\/u><\/span><\/p>\n<p><span style=\"font-family: 'comic sans ms', sans-serif;font-size: 14pt\">Ten\u00eda miedo a los ex\u00e1menes ya que los fines de semana me los pasaba jugando a la Play y mirando el m\u00f3vil. Pero nunca repasaba para los ex\u00e1menes porque pensaba que eran f\u00e1ciles y siempre sacaba un cinco. Hasta que un d\u00eda me dio por repasar toda la tarde.<\/span><\/p>\n<p><span style=\"font-family: 'comic sans ms', sans-serif;font-size: 14pt\">Ya que ma\u00f1ana pod\u00eda o no haber examen me dio la curiosidad y me puse a repasar. Y s\u00ed, hubo examen. Saqu\u00e9 un nueve y el profe me felicit\u00f3 porque era mi primera nota alta y hasta acabar el curso, segu\u00ed as\u00ed.<\/span><\/p>\n<p><span style=\"font-family: 'comic sans ms', sans-serif;font-size: 14pt\">Esteban Navarro.<\/span><\/p>\n<p>&nbsp;<\/p>\n<p><span style=\"font-family: 'comic sans ms', sans-serif;font-size: 14pt\"><u>LA VIDA DE CALABAC\u00cdN<\/u><\/span><\/p>\n<p><span style=\"font-family: 'comic sans ms', sans-serif;font-size: 14pt\">En la tierra yo fui muy feliz. Cuando nac\u00ed no ve\u00eda nada porque me estaba tapando algo y era como un muro. Varios d\u00edas me ca\u00edan gotas de agua y yo las absorb\u00eda. Estaba viendo d\u00f3nde estaba y debajo m\u00eda hab\u00eda tierra. Tambi\u00e9n hab\u00eda un cart\u00f3n clavado en la tierra, lo malo era que no alcanzaba a ver qu\u00e9 pon\u00eda.<\/span><\/p>\n<p><span style=\"font-family: 'comic sans ms', sans-serif;font-size: 14pt\">Al mes pude ver qu\u00e9 pon\u00eda en el cart\u00f3n: CALABAC\u00cdN. Y me di cuenta que ese era mi nombre. Yo era un calabac\u00edn. Tambi\u00e9n pod\u00eda ver qu\u00e9 hab\u00eda detr\u00e1s del muro, en realidad era una maceta gigante.&nbsp;<\/span><\/p>\n<p><span style=\"font-family: 'comic sans ms', sans-serif;font-size: 14pt\">A los dos meses ya era muy mayor, pero ten\u00eda mucho miedo porque ve\u00eda una mano queriendo arrancarme.<\/span><\/p>\n<p><span style=\"font-family: 'comic sans ms', sans-serif;font-size: 14pt\">C\u00e9sar Hern\u00e1ndez<\/span><\/p>\n","protected":false},"excerpt":{"rendered":"<p>Seguro que todos los ni\u00f1os\/as del colegio quieren participar en el concurso de microrrelatos, pero para algunos\/as puede ser complicado empezar a escribir sin darles algunas pautas. Tenemos que guiarles a la vez que no&#46;&#46;&#46;<\/p>\n","protected":false},"author":12230,"featured_media":443,"comment_status":"open","ping_status":"open","sticky":false,"template":"","format":"standard","meta":{"ngg_post_thumbnail":0,"footnotes":""},"categories":[8,7,5,6,12,11,30,31],"tags":[],"aioseo_notices":[],"_links":{"self":[{"href":"https:\/\/blogsaverroes.juntadeandalucia.es\/bibliotecaelmanantialsevillaeste\/wp-json\/wp\/v2\/posts\/442"}],"collection":[{"href":"https:\/\/blogsaverroes.juntadeandalucia.es\/bibliotecaelmanantialsevillaeste\/wp-json\/wp\/v2\/posts"}],"about":[{"href":"https:\/\/blogsaverroes.juntadeandalucia.es\/bibliotecaelmanantialsevillaeste\/wp-json\/wp\/v2\/types\/post"}],"author":[{"embeddable":true,"href":"https:\/\/blogsaverroes.juntadeandalucia.es\/bibliotecaelmanantialsevillaeste\/wp-json\/wp\/v2\/users\/12230"}],"replies":[{"embeddable":true,"href":"https:\/\/blogsaverroes.juntadeandalucia.es\/bibliotecaelmanantialsevillaeste\/wp-json\/wp\/v2\/comments?post=442"}],"version-history":[{"count":2,"href":"https:\/\/blogsaverroes.juntadeandalucia.es\/bibliotecaelmanantialsevillaeste\/wp-json\/wp\/v2\/posts\/442\/revisions"}],"predecessor-version":[{"id":453,"href":"https:\/\/blogsaverroes.juntadeandalucia.es\/bibliotecaelmanantialsevillaeste\/wp-json\/wp\/v2\/posts\/442\/revisions\/453"}],"wp:featuredmedia":[{"embeddable":true,"href":"https:\/\/blogsaverroes.juntadeandalucia.es\/bibliotecaelmanantialsevillaeste\/wp-json\/wp\/v2\/media\/443"}],"wp:attachment":[{"href":"https:\/\/blogsaverroes.juntadeandalucia.es\/bibliotecaelmanantialsevillaeste\/wp-json\/wp\/v2\/media?parent=442"}],"wp:term":[{"taxonomy":"category","embeddable":true,"href":"https:\/\/blogsaverroes.juntadeandalucia.es\/bibliotecaelmanantialsevillaeste\/wp-json\/wp\/v2\/categories?post=442"},{"taxonomy":"post_tag","embeddable":true,"href":"https:\/\/blogsaverroes.juntadeandalucia.es\/bibliotecaelmanantialsevillaeste\/wp-json\/wp\/v2\/tags?post=442"}],"curies":[{"name":"wp","href":"https:\/\/api.w.org\/{rel}","templated":true}]}}