{"id":473,"date":"2021-03-20T11:38:36","date_gmt":"2021-03-20T11:38:36","guid":{"rendered":"https:\/\/blogsaverroes.juntadeandalucia.es\/bibliotecaelmanantialsevillaeste\/?p=473"},"modified":"2021-03-23T16:09:27","modified_gmt":"2021-03-23T16:09:27","slug":"21-de-marzo-sindrome-de-down","status":"publish","type":"post","link":"https:\/\/blogsaverroes.juntadeandalucia.es\/bibliotecaelmanantialsevillaeste\/2021\/03\/20\/21-de-marzo-sindrome-de-down\/","title":{"rendered":"21 DE MARZO S\u00cdNDROME DE DOWN"},"content":{"rendered":"<p style=\"text-align: center\"><span style=\"font-family: 'comic sans ms', sans-serif;font-size: 14pt\">El domingo <span style=\"font-size: 18pt\">21 de marzo<\/span> se celebra el <span style=\"font-size: 18pt\">D\u00eda Mundial del S\u00edndrome de Down.<\/span> <\/span><\/p>\n<p style=\"text-align: center\"><span style=\"font-family: 'comic sans ms', sans-serif;font-size: 14pt\">En nuestro cole nos encanta la diversidad, por lo que el lunes 22 de marzo <\/span><\/p>\n<p style=\"text-align: center\"><span style=\"font-family: 'comic sans ms', sans-serif;font-size: 14pt\">vamos a ir con los calcetines disparejos llenos de color. La propuesta ha tenido mucho \u00e9xito.&nbsp;<\/span><\/p>\n<p>&nbsp; &nbsp; &nbsp; &nbsp; &nbsp; &nbsp; &nbsp; <img loading=\"lazy\" decoding=\"async\" class=\"wp-image-475 alignnone\" src=\"https:\/\/blogsaverroes.juntadeandalucia.es\/bibliotecaelmanantialsevillaeste\/files\/2021\/03\/Calcetines-231x300.jpg\" alt=\"\" width=\"220\" height=\"286\" srcset=\"https:\/\/blogsaverroes.juntadeandalucia.es\/bibliotecaelmanantialsevillaeste\/files\/2021\/03\/Calcetines-231x300.jpg 231w, https:\/\/blogsaverroes.juntadeandalucia.es\/bibliotecaelmanantialsevillaeste\/files\/2021\/03\/Calcetines-789x1024.jpg 789w, https:\/\/blogsaverroes.juntadeandalucia.es\/bibliotecaelmanantialsevillaeste\/files\/2021\/03\/Calcetines-768x997.jpg 768w, https:\/\/blogsaverroes.juntadeandalucia.es\/bibliotecaelmanantialsevillaeste\/files\/2021\/03\/Calcetines-1183x1536.jpg 1183w, https:\/\/blogsaverroes.juntadeandalucia.es\/bibliotecaelmanantialsevillaeste\/files\/2021\/03\/Calcetines-1577x2048.jpg 1577w, https:\/\/blogsaverroes.juntadeandalucia.es\/bibliotecaelmanantialsevillaeste\/files\/2021\/03\/Calcetines-scaled.jpg 1972w\" sizes=\"(max-width: 220px) 100vw, 220px\" \/>&nbsp; &nbsp; &nbsp; &nbsp; &nbsp; &nbsp; &nbsp;<img loading=\"lazy\" decoding=\"async\" class=\"alignnone wp-image-487\" src=\"https:\/\/blogsaverroes.juntadeandalucia.es\/bibliotecaelmanantialsevillaeste\/files\/2021\/03\/Calcetines-clase-300x225.jpg\" alt=\"\" width=\"375\" height=\"281\" srcset=\"https:\/\/blogsaverroes.juntadeandalucia.es\/bibliotecaelmanantialsevillaeste\/files\/2021\/03\/Calcetines-clase-300x225.jpg 300w, https:\/\/blogsaverroes.juntadeandalucia.es\/bibliotecaelmanantialsevillaeste\/files\/2021\/03\/Calcetines-clase-1024x768.jpg 1024w, https:\/\/blogsaverroes.juntadeandalucia.es\/bibliotecaelmanantialsevillaeste\/files\/2021\/03\/Calcetines-clase-768x576.jpg 768w, https:\/\/blogsaverroes.juntadeandalucia.es\/bibliotecaelmanantialsevillaeste\/files\/2021\/03\/Calcetines-clase-1536x1152.jpg 1536w, https:\/\/blogsaverroes.juntadeandalucia.es\/bibliotecaelmanantialsevillaeste\/files\/2021\/03\/Calcetines-clase-2048x1536.jpg 2048w\" sizes=\"(max-width: 375px) 100vw, 375px\" \/><\/p>\n<p><img loading=\"lazy\" decoding=\"async\" class=\"alignnone wp-image-496\" src=\"https:\/\/blogsaverroes.juntadeandalucia.es\/bibliotecaelmanantialsevillaeste\/files\/2021\/03\/Calcetines-infantil-300x225.jpg\" alt=\"\" width=\"359\" height=\"269\" srcset=\"https:\/\/blogsaverroes.juntadeandalucia.es\/bibliotecaelmanantialsevillaeste\/files\/2021\/03\/Calcetines-infantil-300x225.jpg 300w, https:\/\/blogsaverroes.juntadeandalucia.es\/bibliotecaelmanantialsevillaeste\/files\/2021\/03\/Calcetines-infantil-768x576.jpg 768w, https:\/\/blogsaverroes.juntadeandalucia.es\/bibliotecaelmanantialsevillaeste\/files\/2021\/03\/Calcetines-infantil.jpg 1024w\" sizes=\"(max-width: 359px) 100vw, 359px\" \/>&nbsp; &nbsp; <img loading=\"lazy\" decoding=\"async\" class=\"alignnone wp-image-497\" src=\"https:\/\/blogsaverroes.juntadeandalucia.es\/bibliotecaelmanantialsevillaeste\/files\/2021\/03\/Calcetines-Marga-300x225.jpg\" alt=\"\" width=\"361\" height=\"271\" srcset=\"https:\/\/blogsaverroes.juntadeandalucia.es\/bibliotecaelmanantialsevillaeste\/files\/2021\/03\/Calcetines-Marga-300x225.jpg 300w, https:\/\/blogsaverroes.juntadeandalucia.es\/bibliotecaelmanantialsevillaeste\/files\/2021\/03\/Calcetines-Marga-1024x768.jpg 1024w, https:\/\/blogsaverroes.juntadeandalucia.es\/bibliotecaelmanantialsevillaeste\/files\/2021\/03\/Calcetines-Marga-768x576.jpg 768w, https:\/\/blogsaverroes.juntadeandalucia.es\/bibliotecaelmanantialsevillaeste\/files\/2021\/03\/Calcetines-Marga.jpg 1032w\" sizes=\"(max-width: 361px) 100vw, 361px\" \/><\/p>\n<p><span style=\"font-family: comic sans ms, sans-serif\"><span style=\"font-size: 18.6667px\">Fabiola Arroyo es la mam\u00e1 de Juan, Fabiola y Pepita y le ha escrito un cuento precioso. Nos cuenta que Pepita tiene un cromosoma m\u00e1s, el cromosoma de la felicidad, por eso siempre est\u00e1 tan contenta. Ojal\u00e1 todos consigamos tener la mirada de Juan y Fabiola.&nbsp;<\/span><\/span><\/p>\n<p><iframe loading=\"lazy\" src=\"https:\/\/www.youtube.com\/embed\/KjyBXN4V730\" width=\"560\" height=\"315\" frameborder=\"0\"><\/iframe>&nbsp;<\/p>\n<p><span style=\"font-family: comic sans ms, sans-serif\"><span style=\"font-size: 18.6667px\">En nuestro cole tambi\u00e9n tenemos una ni\u00f1a tan especial como Pepita. Le encanta bailar y protagonizar su propios tik-toks, sus tortillas de patatas tienen una pinta deliciosa y es una de&nbsp; las m\u00e1s trabajadoras de mi clase, te lo aseguro. Es la mejor tata del mundo para sus tres hermanos peque\u00f1os y le ha robado el coraz\u00f3n a su abuela y al Tato. Adem\u00e1s es la m\u00e1s bonita del mundo entero, \u00bfno te lo crees? si no fuera as\u00ed no estar\u00eda en el calendario del 2021 de la Asociaci\u00f3n Down Sevilla. <\/span><\/span><\/p>\n<p><img loading=\"lazy\" decoding=\"async\" class=\"wp-image-477 alignleft\" src=\"https:\/\/blogsaverroes.juntadeandalucia.es\/bibliotecaelmanantialsevillaeste\/files\/2021\/03\/Calendario-300x169.jpg\" alt=\"\" width=\"382\" height=\"215\" srcset=\"https:\/\/blogsaverroes.juntadeandalucia.es\/bibliotecaelmanantialsevillaeste\/files\/2021\/03\/Calendario-300x169.jpg 300w, https:\/\/blogsaverroes.juntadeandalucia.es\/bibliotecaelmanantialsevillaeste\/files\/2021\/03\/Calendario-1024x576.jpg 1024w, https:\/\/blogsaverroes.juntadeandalucia.es\/bibliotecaelmanantialsevillaeste\/files\/2021\/03\/Calendario-768x432.jpg 768w, https:\/\/blogsaverroes.juntadeandalucia.es\/bibliotecaelmanantialsevillaeste\/files\/2021\/03\/Calendario.jpg 1280w\" sizes=\"(max-width: 382px) 100vw, 382px\" \/>&nbsp; &nbsp; &nbsp; &nbsp; &nbsp;<br \/>\n<img loading=\"lazy\" decoding=\"async\" class=\" wp-image-482 alignleft\" src=\"https:\/\/blogsaverroes.juntadeandalucia.es\/bibliotecaelmanantialsevillaeste\/files\/2021\/03\/Indara-Dorsal-199x300.jpg\" alt=\"\" width=\"211\" height=\"318\" srcset=\"https:\/\/blogsaverroes.juntadeandalucia.es\/bibliotecaelmanantialsevillaeste\/files\/2021\/03\/Indara-Dorsal-199x300.jpg 199w, https:\/\/blogsaverroes.juntadeandalucia.es\/bibliotecaelmanantialsevillaeste\/files\/2021\/03\/Indara-Dorsal-678x1024.jpg 678w, https:\/\/blogsaverroes.juntadeandalucia.es\/bibliotecaelmanantialsevillaeste\/files\/2021\/03\/Indara-Dorsal-768x1159.jpg 768w, https:\/\/blogsaverroes.juntadeandalucia.es\/bibliotecaelmanantialsevillaeste\/files\/2021\/03\/Indara-Dorsal-1018x1536.jpg 1018w, https:\/\/blogsaverroes.juntadeandalucia.es\/bibliotecaelmanantialsevillaeste\/files\/2021\/03\/Indara-Dorsal.jpg 1060w\" sizes=\"(max-width: 211px) 100vw, 211px\" \/>&nbsp; &nbsp;<\/p>\n<p><span style=\"font-family: comic sans ms, sans-serif\"><span style=\"font-size: 18.6667px\">Aqu\u00ed la tienes, preparada con su dorsal para la carrera virtual.&nbsp;&nbsp;<\/span><\/span><\/p>\n<p>&nbsp;<\/p>\n<p>&nbsp;<\/p>\n<p>&nbsp;<\/p>\n<p>&nbsp;<\/p>\n<p>&nbsp;<\/p>\n<p>&nbsp;<\/p>\n<p style=\"text-align: center\"><span style=\"font-family: 'comic sans ms', sans-serif;font-size: 18pt\">S\u00e9 que est\u00e1s deseando conocer la historia de Pepita. <\/span><\/p>\n<p style=\"text-align: center\"><span style=\"font-family: 'comic sans ms', sans-serif;font-size: 18pt\">Y a m\u00ed me encanta hacer realidad tus sue\u00f1os.<\/span><\/p>\n<p><iframe loading=\"lazy\" src=\"https:\/\/www.youtube.com\/embed\/-EyY8FOG6dM\" width=\"560\" height=\"315\" frameborder=\"0\"><\/iframe>&nbsp;<\/p>\n<p style=\"text-align: center\"><span style=\"font-family: 'comic sans ms', sans-serif;font-size: 18pt\">En infantil de 4 a\u00f1os han trabajado el cuento de Pepita y <\/span><\/p>\n<p style=\"text-align: center\"><span style=\"font-family: 'comic sans ms', sans-serif;font-size: 18pt\">han hecho un dibujo de la ni\u00f1a que tiene un cromosoma m\u00e1s, <\/span><\/p>\n<p style=\"text-align: center\"><span style=\"font-family: 'comic sans ms', sans-serif;font-size: 18pt\">el cromosoma de la felicidad. Os dejo una muestra.<\/span><\/p>\n<table style=\"width: 100%;border-collapse: collapse;background-color: #e7eb2d\">\n<tbody>\n<tr>\n<td style=\"width: 50%\"><img loading=\"lazy\" decoding=\"async\" class=\"wp-image-498 aligncenter\" src=\"https:\/\/blogsaverroes.juntadeandalucia.es\/bibliotecaelmanantialsevillaeste\/files\/2021\/03\/Alberto-300x219.jpg\" alt=\"\" width=\"419\" height=\"306\" srcset=\"https:\/\/blogsaverroes.juntadeandalucia.es\/bibliotecaelmanantialsevillaeste\/files\/2021\/03\/Alberto-300x219.jpg 300w, https:\/\/blogsaverroes.juntadeandalucia.es\/bibliotecaelmanantialsevillaeste\/files\/2021\/03\/Alberto-1024x746.jpg 1024w, https:\/\/blogsaverroes.juntadeandalucia.es\/bibliotecaelmanantialsevillaeste\/files\/2021\/03\/Alberto-768x560.jpg 768w, https:\/\/blogsaverroes.juntadeandalucia.es\/bibliotecaelmanantialsevillaeste\/files\/2021\/03\/Alberto-1536x1120.jpg 1536w, https:\/\/blogsaverroes.juntadeandalucia.es\/bibliotecaelmanantialsevillaeste\/files\/2021\/03\/Alberto-2048x1493.jpg 2048w\" sizes=\"(max-width: 419px) 100vw, 419px\" \/><\/td>\n<td style=\"width: 50%\"><img loading=\"lazy\" decoding=\"async\" class=\"wp-image-499 aligncenter\" src=\"https:\/\/blogsaverroes.juntadeandalucia.es\/bibliotecaelmanantialsevillaeste\/files\/2021\/03\/Andrea-300x238.jpg\" alt=\"\" width=\"398\" height=\"316\" srcset=\"https:\/\/blogsaverroes.juntadeandalucia.es\/bibliotecaelmanantialsevillaeste\/files\/2021\/03\/Andrea-300x238.jpg 300w, https:\/\/blogsaverroes.juntadeandalucia.es\/bibliotecaelmanantialsevillaeste\/files\/2021\/03\/Andrea-1024x814.jpg 1024w, https:\/\/blogsaverroes.juntadeandalucia.es\/bibliotecaelmanantialsevillaeste\/files\/2021\/03\/Andrea-768x611.jpg 768w, https:\/\/blogsaverroes.juntadeandalucia.es\/bibliotecaelmanantialsevillaeste\/files\/2021\/03\/Andrea-1536x1221.jpg 1536w, https:\/\/blogsaverroes.juntadeandalucia.es\/bibliotecaelmanantialsevillaeste\/files\/2021\/03\/Andrea-2048x1628.jpg 2048w\" sizes=\"(max-width: 398px) 100vw, 398px\" \/><\/td>\n<\/tr>\n<tr>\n<td style=\"width: 50%\"><img loading=\"lazy\" decoding=\"async\" class=\"wp-image-500 aligncenter\" src=\"https:\/\/blogsaverroes.juntadeandalucia.es\/bibliotecaelmanantialsevillaeste\/files\/2021\/03\/Jos\u00e9-Antonio-300x228.jpg\" alt=\"\" width=\"403\" height=\"306\" srcset=\"https:\/\/blogsaverroes.juntadeandalucia.es\/bibliotecaelmanantialsevillaeste\/files\/2021\/03\/Jos\u00e9-Antonio-300x228.jpg 300w, https:\/\/blogsaverroes.juntadeandalucia.es\/bibliotecaelmanantialsevillaeste\/files\/2021\/03\/Jos\u00e9-Antonio-1024x780.jpg 1024w, https:\/\/blogsaverroes.juntadeandalucia.es\/bibliotecaelmanantialsevillaeste\/files\/2021\/03\/Jos\u00e9-Antonio-768x585.jpg 768w, https:\/\/blogsaverroes.juntadeandalucia.es\/bibliotecaelmanantialsevillaeste\/files\/2021\/03\/Jos\u00e9-Antonio-1536x1170.jpg 1536w, https:\/\/blogsaverroes.juntadeandalucia.es\/bibliotecaelmanantialsevillaeste\/files\/2021\/03\/Jos\u00e9-Antonio.jpg 1845w\" sizes=\"(max-width: 403px) 100vw, 403px\" \/><\/td>\n<td style=\"width: 50%\"><img loading=\"lazy\" decoding=\"async\" class=\"wp-image-501 aligncenter\" src=\"https:\/\/blogsaverroes.juntadeandalucia.es\/bibliotecaelmanantialsevillaeste\/files\/2021\/03\/Juan-300x234.jpg\" alt=\"\" width=\"397\" height=\"310\" srcset=\"https:\/\/blogsaverroes.juntadeandalucia.es\/bibliotecaelmanantialsevillaeste\/files\/2021\/03\/Juan-300x234.jpg 300w, https:\/\/blogsaverroes.juntadeandalucia.es\/bibliotecaelmanantialsevillaeste\/files\/2021\/03\/Juan-1024x799.jpg 1024w, https:\/\/blogsaverroes.juntadeandalucia.es\/bibliotecaelmanantialsevillaeste\/files\/2021\/03\/Juan-768x599.jpg 768w, https:\/\/blogsaverroes.juntadeandalucia.es\/bibliotecaelmanantialsevillaeste\/files\/2021\/03\/Juan-1536x1198.jpg 1536w, https:\/\/blogsaverroes.juntadeandalucia.es\/bibliotecaelmanantialsevillaeste\/files\/2021\/03\/Juan.jpg 2007w\" sizes=\"(max-width: 397px) 100vw, 397px\" \/><\/td>\n<\/tr>\n<tr>\n<td style=\"width: 50%\"><img loading=\"lazy\" decoding=\"async\" class=\"alignnone wp-image-502\" src=\"https:\/\/blogsaverroes.juntadeandalucia.es\/bibliotecaelmanantialsevillaeste\/files\/2021\/03\/Rub\u00e9n-300x184.jpg\" alt=\"\" width=\"429\" height=\"263\" srcset=\"https:\/\/blogsaverroes.juntadeandalucia.es\/bibliotecaelmanantialsevillaeste\/files\/2021\/03\/Rub\u00e9n-300x184.jpg 300w, https:\/\/blogsaverroes.juntadeandalucia.es\/bibliotecaelmanantialsevillaeste\/files\/2021\/03\/Rub\u00e9n-1024x629.jpg 1024w, https:\/\/blogsaverroes.juntadeandalucia.es\/bibliotecaelmanantialsevillaeste\/files\/2021\/03\/Rub\u00e9n-768x472.jpg 768w, https:\/\/blogsaverroes.juntadeandalucia.es\/bibliotecaelmanantialsevillaeste\/files\/2021\/03\/Rub\u00e9n-1536x944.jpg 1536w, https:\/\/blogsaverroes.juntadeandalucia.es\/bibliotecaelmanantialsevillaeste\/files\/2021\/03\/Rub\u00e9n-2048x1259.jpg 2048w\" sizes=\"(max-width: 429px) 100vw, 429px\" \/><\/td>\n<td style=\"width: 50%\"><img loading=\"lazy\" decoding=\"async\" class=\"alignnone wp-image-503\" src=\"https:\/\/blogsaverroes.juntadeandalucia.es\/bibliotecaelmanantialsevillaeste\/files\/2021\/03\/Triana-300x195.jpg\" alt=\"\" width=\"417\" height=\"271\" srcset=\"https:\/\/blogsaverroes.juntadeandalucia.es\/bibliotecaelmanantialsevillaeste\/files\/2021\/03\/Triana-300x195.jpg 300w, https:\/\/blogsaverroes.juntadeandalucia.es\/bibliotecaelmanantialsevillaeste\/files\/2021\/03\/Triana-1024x667.jpg 1024w, https:\/\/blogsaverroes.juntadeandalucia.es\/bibliotecaelmanantialsevillaeste\/files\/2021\/03\/Triana-768x500.jpg 768w, https:\/\/blogsaverroes.juntadeandalucia.es\/bibliotecaelmanantialsevillaeste\/files\/2021\/03\/Triana-1536x1000.jpg 1536w, https:\/\/blogsaverroes.juntadeandalucia.es\/bibliotecaelmanantialsevillaeste\/files\/2021\/03\/Triana-2048x1334.jpg 2048w\" sizes=\"(max-width: 417px) 100vw, 417px\" \/><\/td>\n<\/tr>\n<\/tbody>\n<\/table>\n<p>&nbsp;<\/p>\n<p>&nbsp;<\/p>\n","protected":false},"excerpt":{"rendered":"<p>El domingo 21 de marzo se celebra el D\u00eda Mundial del S\u00edndrome de Down. En nuestro cole nos encanta la diversidad, por lo que el lunes 22 de marzo vamos a ir con los calcetines&#46;&#46;&#46;<\/p>\n","protected":false},"author":12230,"featured_media":474,"comment_status":"open","ping_status":"open","sticky":false,"template":"","format":"standard","meta":{"ngg_post_thumbnail":0,"footnotes":""},"categories":[8,7,19,5,6,10,9,3,30,29],"tags":[],"aioseo_notices":[],"_links":{"self":[{"href":"https:\/\/blogsaverroes.juntadeandalucia.es\/bibliotecaelmanantialsevillaeste\/wp-json\/wp\/v2\/posts\/473"}],"collection":[{"href":"https:\/\/blogsaverroes.juntadeandalucia.es\/bibliotecaelmanantialsevillaeste\/wp-json\/wp\/v2\/posts"}],"about":[{"href":"https:\/\/blogsaverroes.juntadeandalucia.es\/bibliotecaelmanantialsevillaeste\/wp-json\/wp\/v2\/types\/post"}],"author":[{"embeddable":true,"href":"https:\/\/blogsaverroes.juntadeandalucia.es\/bibliotecaelmanantialsevillaeste\/wp-json\/wp\/v2\/users\/12230"}],"replies":[{"embeddable":true,"href":"https:\/\/blogsaverroes.juntadeandalucia.es\/bibliotecaelmanantialsevillaeste\/wp-json\/wp\/v2\/comments?post=473"}],"version-history":[{"count":7,"href":"https:\/\/blogsaverroes.juntadeandalucia.es\/bibliotecaelmanantialsevillaeste\/wp-json\/wp\/v2\/posts\/473\/revisions"}],"predecessor-version":[{"id":504,"href":"https:\/\/blogsaverroes.juntadeandalucia.es\/bibliotecaelmanantialsevillaeste\/wp-json\/wp\/v2\/posts\/473\/revisions\/504"}],"wp:featuredmedia":[{"embeddable":true,"href":"https:\/\/blogsaverroes.juntadeandalucia.es\/bibliotecaelmanantialsevillaeste\/wp-json\/wp\/v2\/media\/474"}],"wp:attachment":[{"href":"https:\/\/blogsaverroes.juntadeandalucia.es\/bibliotecaelmanantialsevillaeste\/wp-json\/wp\/v2\/media?parent=473"}],"wp:term":[{"taxonomy":"category","embeddable":true,"href":"https:\/\/blogsaverroes.juntadeandalucia.es\/bibliotecaelmanantialsevillaeste\/wp-json\/wp\/v2\/categories?post=473"},{"taxonomy":"post_tag","embeddable":true,"href":"https:\/\/blogsaverroes.juntadeandalucia.es\/bibliotecaelmanantialsevillaeste\/wp-json\/wp\/v2\/tags?post=473"}],"curies":[{"name":"wp","href":"https:\/\/api.w.org\/{rel}","templated":true}]}}