{"id":837,"date":"2021-04-29T05:54:42","date_gmt":"2021-04-29T05:54:42","guid":{"rendered":"https:\/\/blogsaverroes.juntadeandalucia.es\/bibliotecaelmanantialsevillaeste\/?p=837"},"modified":"2021-04-29T05:54:42","modified_gmt":"2021-04-29T05:54:42","slug":"fracaso-escolar","status":"publish","type":"post","link":"https:\/\/blogsaverroes.juntadeandalucia.es\/bibliotecaelmanantialsevillaeste\/2021\/04\/29\/fracaso-escolar\/","title":{"rendered":"FRACASO ESCOLAR"},"content":{"rendered":"<p><span style=\"font-family: 'comic sans ms', sans-serif;font-size: 14pt;color: #000000\">Desde la biblioteca queremos dar voz a <span style=\"color: #0000ff;font-size: 18pt\">toda la comunidad educativa<\/span> y estamos agradecidas de este <span style=\"color: #0000ff;font-size: 18pt\">audio de Ivoox de Aulas Innovadoras<\/span> que nos pasa Raquel V\u00e1zquez, mam\u00e1 de dos alumnos del colegio. &nbsp;<\/span><\/p>\n<p><a href=\"https:\/\/go.ivoox.com\/rf\/468462\"><img loading=\"lazy\" decoding=\"async\" class=\"wp-image-839 aligncenter\" src=\"https:\/\/blogsaverroes.juntadeandalucia.es\/bibliotecaelmanantialsevillaeste\/files\/2021\/04\/imagen-Ivoox-300x169.jpg\" alt=\"\" width=\"272\" height=\"153\" srcset=\"https:\/\/blogsaverroes.juntadeandalucia.es\/bibliotecaelmanantialsevillaeste\/files\/2021\/04\/imagen-Ivoox-300x169.jpg 300w, https:\/\/blogsaverroes.juntadeandalucia.es\/bibliotecaelmanantialsevillaeste\/files\/2021\/04\/imagen-Ivoox-1024x576.jpg 1024w, https:\/\/blogsaverroes.juntadeandalucia.es\/bibliotecaelmanantialsevillaeste\/files\/2021\/04\/imagen-Ivoox-768x432.jpg 768w, https:\/\/blogsaverroes.juntadeandalucia.es\/bibliotecaelmanantialsevillaeste\/files\/2021\/04\/imagen-Ivoox.jpg 1280w\" sizes=\"(max-width: 272px) 100vw, 272px\" \/><\/a><\/p>\n<p><span style=\"font-family: 'comic sans ms', sans-serif;font-size: 14pt;color: #000000\">En este podcast, de hora y media, un grupo de profesores de secundaria, tratan sobre las t\u00e9cnicas para evitar el fracaso escolar. &nbsp;<\/span><\/p>\n<p><span style=\"font-family: 'comic sans ms', sans-serif;font-size: 14pt;color: #000000\">Lo primero que hacen es <span style=\"color: #ff0000;font-size: 18pt\">definir el concepto<\/span>, en el que engloban como fracaso escolar (2010)<\/span><\/p>\n<p><span style=\"font-family: 'comic sans ms', sans-serif;font-size: 14pt;color: #000000\">&nbsp;&#8211; El 30% de alumnado que no obtiene la certificaci\u00f3n al finalizar la ESO<\/span><\/p>\n<p><span style=\"font-family: 'comic sans ms', sans-serif;font-size: 14pt;color: #000000\">&#8211; El 10% de alumnos\/as que lo obtienen al l\u00edmite, pero que no est\u00e1n maduros.<\/span><\/p>\n<p><span style=\"font-family: 'comic sans ms', sans-serif;font-size: 14pt;color: #000000\">&#8211; Y a aquellos que prueban la ESO pero sin desarrollar todo su potencial.<\/span><\/p>\n<p><span style=\"font-family: 'comic sans ms', sans-serif;font-size: 14pt;color: #ff0000\">Es decir, que el 50% aproximadamente del alumnado de secundaria, lo consideran que presenta fracaso escolar.<\/span><\/p>\n<p>&nbsp;<\/p>\n<p><span style=\"font-family: 'comic sans ms', sans-serif;font-size: 14pt;color: #000000\">A continuaci\u00f3n, agrupan las <strong><span style=\"color: #ff00ff;font-size: 18pt\">causas de dicho fracaso<\/span><\/strong> en tres grandes bloques:<\/span><\/p>\n<p><span style=\"font-family: 'comic sans ms', sans-serif;font-size: 14pt;color: #000000\">&#8211; <strong><span style=\"color: #ff00ff\">Ajenos a la escuela y al estudiante<\/span><\/strong>: familia, administraci\u00f3n educativa, sociedad\u2026<\/span><\/p>\n<p><span style=\"font-family: 'comic sans ms', sans-serif;font-size: 14pt;color: #000000\">&#8211; <strong><span style=\"color: #ff00ff\">Dependen del estudiante<\/span><\/strong>: d\u00e9ficits educativos, falta de t\u00e9cnicas de estudios, falta de autoestima. Trastornos neurol\u00f3gicos: d\u00e9ficit de atenci\u00f3n, hiperactividad, dislexia, retrasos madurativos\u2026 Problemas de conductas y emocionales. Problemas f\u00edsicos.<\/span><\/p>\n<p><span style=\"font-family: 'comic sans ms', sans-serif;font-size: 14pt;color: #000000\">&#8211; <strong><span style=\"color: #ff00ff\">La propia escuela<\/span><\/strong><\/span><\/p>\n<p>&nbsp;<\/p>\n<p><span style=\"font-family: 'comic sans ms', sans-serif;font-size: 14pt;color: #000000\">Echar balones fuera y responsabilizar a los dem\u00e1s no es la soluci\u00f3n a ning\u00fan problema, por lo que empieza un debate en el que proponen metodolog\u00edas y cambios educativos para intentar disminuir este alarmante porcentaje de fracaso.<\/span><\/p>\n<p><span style=\"font-family: 'comic sans ms', sans-serif;font-size: 14pt;color: #000000\">Una de las ideas m\u00e1s llamativa aparece en el minuto 7 del audio y es cuando plantea no utilizar exclusivamente la memoria.<\/span><\/p>\n<p><img loading=\"lazy\" decoding=\"async\" class=\"alignnone  wp-image-840 aligncenter\" src=\"https:\/\/blogsaverroes.juntadeandalucia.es\/bibliotecaelmanantialsevillaeste\/files\/2021\/04\/Taxonom\u00eda-300x169.jpg\" alt=\"\" width=\"422\" height=\"238\" srcset=\"https:\/\/blogsaverroes.juntadeandalucia.es\/bibliotecaelmanantialsevillaeste\/files\/2021\/04\/Taxonom\u00eda-300x169.jpg 300w, https:\/\/blogsaverroes.juntadeandalucia.es\/bibliotecaelmanantialsevillaeste\/files\/2021\/04\/Taxonom\u00eda-1024x576.jpg 1024w, https:\/\/blogsaverroes.juntadeandalucia.es\/bibliotecaelmanantialsevillaeste\/files\/2021\/04\/Taxonom\u00eda-768x432.jpg 768w, https:\/\/blogsaverroes.juntadeandalucia.es\/bibliotecaelmanantialsevillaeste\/files\/2021\/04\/Taxonom\u00eda.jpg 1280w\" sizes=\"(max-width: 422px) 100vw, 422px\" \/><\/p>\n<p><span style=\"font-family: 'comic sans ms', sans-serif;font-size: 14pt;color: #000000\">* Seg\u00fan la <strong><span style=\"color: #ff6600;font-size: 18pt\">taxonom\u00eda de Bloom<\/span><\/strong>, recordar o memorizar ser\u00eda tan solo el primer escal\u00f3n de un verdadero dominio de una materia. Por eso proponen que se les permita tener siempre delante el material (libros, ordenadores, tablets\u2026) El problema de esta metodolog\u00eda es que puedes usarla en secundaria y bachillerato, pero despu\u00e9s se tienen que afrontar al examen de selectividad sin estos materiales, por lo que se duda de su viabilidad.<\/span><\/p>\n<p><span style=\"font-family: 'comic sans ms', sans-serif;font-size: 14pt;color: #000000\">* La idea es utilizar <span style=\"font-size: 18pt\"><strong><span style=\"color: #ff6600\">diferentes materiales y t\u00e9cnicas de evaluaci\u00f3n<\/span><\/strong><\/span> como formularios Googles, evaluaci\u00f3n del trabajo diario, combinar actividades obligatorias con otras voluntarias para ir subiendo nota, recompensar por el esfuerzo, etc<\/span><\/p>\n<p><span style=\"font-family: 'comic sans ms', sans-serif;font-size: 14pt;color: #000000\">* En el minuto 26:30 aproximadamente una profesora plantea que, <strong><span style=\"color: #ff6600\">seg\u00fan la campana de Gauss, no todos podr\u00edan aprobar<\/span><\/strong>. Y que si esto sucede es que se est\u00e1 bajando demasiado el nivel. O bien no se puede aplicar la campana de Gauss a este aspecto.&nbsp;<\/span><\/p>\n<p><img loading=\"lazy\" decoding=\"async\" class=\"alignnone size-medium wp-image-841 aligncenter\" src=\"https:\/\/blogsaverroes.juntadeandalucia.es\/bibliotecaelmanantialsevillaeste\/files\/2021\/04\/Campana-de-Gauss-300x169.jpg\" alt=\"\" width=\"300\" height=\"169\" srcset=\"https:\/\/blogsaverroes.juntadeandalucia.es\/bibliotecaelmanantialsevillaeste\/files\/2021\/04\/Campana-de-Gauss-300x169.jpg 300w, https:\/\/blogsaverroes.juntadeandalucia.es\/bibliotecaelmanantialsevillaeste\/files\/2021\/04\/Campana-de-Gauss-1024x576.jpg 1024w, https:\/\/blogsaverroes.juntadeandalucia.es\/bibliotecaelmanantialsevillaeste\/files\/2021\/04\/Campana-de-Gauss-768x432.jpg 768w, https:\/\/blogsaverroes.juntadeandalucia.es\/bibliotecaelmanantialsevillaeste\/files\/2021\/04\/Campana-de-Gauss.jpg 1280w\" sizes=\"(max-width: 300px) 100vw, 300px\" \/><\/p>\n<p><span style=\"font-family: 'comic sans ms', sans-serif;font-size: 14pt;color: #000000\">* Es muy importante que el alumnado <strong><span style=\"color: #ff6600\">sepa desde el inicio del tema lo que se le va a pedir<\/span><\/strong> que aprenda y c\u00f3mo va a tener que demostrar ese dominio de la materia.<\/span><\/p>\n<p><span style=\"font-family: 'comic sans ms', sans-serif;font-size: 14pt;color: #000000\">* Una profesora en el minuto 39:30 comenta que a ella le funciona muy bien<strong><span style=\"color: #ff6600\"> \u201cre-entregar\u201d los trabajos<\/span><\/strong>. Darles la oportunidad a los estudiantes de volver a entregar el trabajo una vez corregido. Que el error se considere como una oportunidad para aprender.<\/span><\/p>\n<p><span style=\"font-family: 'comic sans ms', sans-serif;font-size: 14pt;color: #000000\">* Hablan de diferentes <strong><span style=\"color: #ff6600\">tipos de evaluaciones<\/span><\/strong>: competenciales, continua, sumativa\u2026<\/span><\/p>\n<p><span style=\"font-family: 'comic sans ms', sans-serif;font-size: 14pt;color: #000000\">* Que <strong><span style=\"color: #ff6600\">los alumnos\/as adopten el papel de tutor\/a<\/span> <\/strong>y ayuden a otros compa\u00f1eros de su clase o de niveles inferiores.<\/span><\/p>\n<p>&nbsp;<\/p>\n<p><span style=\"font-family: 'comic sans ms', sans-serif;font-size: 14pt;color: #000000\"><strong><span style=\"color: #000080;font-size: 18pt\">Ahora es el turno de opinar<\/span><\/strong>, las familias y el profesorado, <span style=\"font-size: 18pt\"><strong><span style=\"color: #000080\">puede dejar su comentario<\/span><\/strong><\/span> debajo del art\u00edculo. \u00bfpiensa que estas t\u00e9cnicas son buenas para reducir el fracaso escolar? \u00bfsuficientes? \u00bfest\u00e1 sufriendo la sociedad una revoluci\u00f3n que a\u00fan no ha llegado a las instituciones escolares?<\/span><\/p>\n<p><span style=\"font-family: 'comic sans ms', sans-serif;font-size: 14pt;color: #008000\">Deseando seguir enriqueci\u00e9ndonos y aprendiendo con m\u00e1s materiales como este. Muchas gracias, Raquel, por hacerlo llegar a biblioteca2020@ceipelmanantial.org<\/span><\/p>\n","protected":false},"excerpt":{"rendered":"<p>Desde la biblioteca queremos dar voz a toda la comunidad educativa y estamos agradecidas de este audio de Ivoox de Aulas Innovadoras que nos pasa Raquel V\u00e1zquez, mam\u00e1 de dos alumnos del colegio. &nbsp; En&#46;&#46;&#46;<\/p>\n","protected":false},"author":12230,"featured_media":838,"comment_status":"open","ping_status":"open","sticky":false,"template":"","format":"standard","meta":{"ngg_post_thumbnail":0,"footnotes":""},"categories":[17,3,29,31],"tags":[],"aioseo_notices":[],"_links":{"self":[{"href":"https:\/\/blogsaverroes.juntadeandalucia.es\/bibliotecaelmanantialsevillaeste\/wp-json\/wp\/v2\/posts\/837"}],"collection":[{"href":"https:\/\/blogsaverroes.juntadeandalucia.es\/bibliotecaelmanantialsevillaeste\/wp-json\/wp\/v2\/posts"}],"about":[{"href":"https:\/\/blogsaverroes.juntadeandalucia.es\/bibliotecaelmanantialsevillaeste\/wp-json\/wp\/v2\/types\/post"}],"author":[{"embeddable":true,"href":"https:\/\/blogsaverroes.juntadeandalucia.es\/bibliotecaelmanantialsevillaeste\/wp-json\/wp\/v2\/users\/12230"}],"replies":[{"embeddable":true,"href":"https:\/\/blogsaverroes.juntadeandalucia.es\/bibliotecaelmanantialsevillaeste\/wp-json\/wp\/v2\/comments?post=837"}],"version-history":[{"count":1,"href":"https:\/\/blogsaverroes.juntadeandalucia.es\/bibliotecaelmanantialsevillaeste\/wp-json\/wp\/v2\/posts\/837\/revisions"}],"predecessor-version":[{"id":842,"href":"https:\/\/blogsaverroes.juntadeandalucia.es\/bibliotecaelmanantialsevillaeste\/wp-json\/wp\/v2\/posts\/837\/revisions\/842"}],"wp:featuredmedia":[{"embeddable":true,"href":"https:\/\/blogsaverroes.juntadeandalucia.es\/bibliotecaelmanantialsevillaeste\/wp-json\/wp\/v2\/media\/838"}],"wp:attachment":[{"href":"https:\/\/blogsaverroes.juntadeandalucia.es\/bibliotecaelmanantialsevillaeste\/wp-json\/wp\/v2\/media?parent=837"}],"wp:term":[{"taxonomy":"category","embeddable":true,"href":"https:\/\/blogsaverroes.juntadeandalucia.es\/bibliotecaelmanantialsevillaeste\/wp-json\/wp\/v2\/categories?post=837"},{"taxonomy":"post_tag","embeddable":true,"href":"https:\/\/blogsaverroes.juntadeandalucia.es\/bibliotecaelmanantialsevillaeste\/wp-json\/wp\/v2\/tags?post=837"}],"curies":[{"name":"wp","href":"https:\/\/api.w.org\/{rel}","templated":true}]}}