{"id":67,"date":"2019-12-10T20:37:01","date_gmt":"2019-12-10T19:37:01","guid":{"rendered":"https:\/\/blogsaverroes.juntadeandalucia.es\/bibliotecaescolar\/?p=67"},"modified":"2019-12-10T20:37:01","modified_gmt":"2019-12-10T19:37:01","slug":"dia-de-la-constitucion","status":"publish","type":"post","link":"https:\/\/blogsaverroes.juntadeandalucia.es\/bibliotecaescolar\/dia-de-la-constitucion\/","title":{"rendered":"D\u00eda de la Constituci\u00f3n"},"content":{"rendered":"<p>El pasado jueves celebramos el d\u00eda de la<span style=\"font-size: 14pt\"><strong> <span style=\"color: #ff0000\">Constituci\u00f3n<\/span><\/strong><\/span> (el Libro m\u00e1s importante para los espa\u00f1oles), con los ni\u00f1os de Infantil. \u00bfC\u00f3mo acercar este tema tan complejo a ellos tan peque\u00f1os? Pues de una manera muy divertida.&nbsp; Le preparamos un teatro donde la se\u00f1ora Constituci\u00f3n apareci\u00f3 con su gran libro llorando porque no hab\u00eda nadie que quisiera ir a su cumplea\u00f1os, hasta que descubri\u00f3 que all\u00ed hab\u00eda muchos ni\u00f1os con ella. Cuando se puso alegre, nos pudo ense\u00f1ar su gran libro y dos de los derechos humanos (Derecho a una educaci\u00f3n de calidad y a una vivienda). Una vez cantado el cumplea\u00f1os feliz, pudimos todos comer un trocito del bizcocho que nos regal\u00f3 la Constituci\u00f3n.<img loading=\"lazy\" decoding=\"async\" class=\"size-medium wp-image-68 alignleft\" src=\"https:\/\/blogsaverroes.juntadeandalucia.es\/bibliotecaescolar\/files\/2019\/12\/constituci\u00f3n-e1576006166384-225x300.jpg\" alt=\"\" width=\"225\" height=\"300\" srcset=\"https:\/\/blogsaverroes.juntadeandalucia.es\/bibliotecaescolar\/files\/2019\/12\/constituci\u00f3n-e1576006166384-225x300.jpg 225w, https:\/\/blogsaverroes.juntadeandalucia.es\/bibliotecaescolar\/files\/2019\/12\/constituci\u00f3n-e1576006166384-768x1024.jpg 768w, https:\/\/blogsaverroes.juntadeandalucia.es\/bibliotecaescolar\/files\/2019\/12\/constituci\u00f3n-e1576006166384-700x933.jpg 700w, https:\/\/blogsaverroes.juntadeandalucia.es\/bibliotecaescolar\/files\/2019\/12\/constituci\u00f3n-e1576006166384-332x443.jpg 332w, https:\/\/blogsaverroes.juntadeandalucia.es\/bibliotecaescolar\/files\/2019\/12\/constituci\u00f3n-e1576006166384-18x24.jpg 18w, https:\/\/blogsaverroes.juntadeandalucia.es\/bibliotecaescolar\/files\/2019\/12\/constituci\u00f3n-e1576006166384-27x36.jpg 27w, https:\/\/blogsaverroes.juntadeandalucia.es\/bibliotecaescolar\/files\/2019\/12\/constituci\u00f3n-e1576006166384-36x48.jpg 36w\" sizes=\"(max-width: 225px) 100vw, 225px\" \/> <img loading=\"lazy\" decoding=\"async\" class=\"size-medium wp-image-69 alignright\" src=\"https:\/\/blogsaverroes.juntadeandalucia.es\/bibliotecaescolar\/files\/2019\/12\/tartas-constituci\u00f3n-300x300.jpg\" alt=\"\" width=\"300\" height=\"300\" srcset=\"https:\/\/blogsaverroes.juntadeandalucia.es\/bibliotecaescolar\/files\/2019\/12\/tartas-constituci\u00f3n-300x300.jpg 300w, https:\/\/blogsaverroes.juntadeandalucia.es\/bibliotecaescolar\/files\/2019\/12\/tartas-constituci\u00f3n-150x150.jpg 150w, https:\/\/blogsaverroes.juntadeandalucia.es\/bibliotecaescolar\/files\/2019\/12\/tartas-constituci\u00f3n-768x768.jpg 768w, https:\/\/blogsaverroes.juntadeandalucia.es\/bibliotecaescolar\/files\/2019\/12\/tartas-constituci\u00f3n-1024x1024.jpg 1024w, https:\/\/blogsaverroes.juntadeandalucia.es\/bibliotecaescolar\/files\/2019\/12\/tartas-constituci\u00f3n-100x100.jpg 100w, https:\/\/blogsaverroes.juntadeandalucia.es\/bibliotecaescolar\/files\/2019\/12\/tartas-constituci\u00f3n-700x700.jpg 700w, https:\/\/blogsaverroes.juntadeandalucia.es\/bibliotecaescolar\/files\/2019\/12\/tartas-constituci\u00f3n-332x332.jpg 332w, https:\/\/blogsaverroes.juntadeandalucia.es\/bibliotecaescolar\/files\/2019\/12\/tartas-constituci\u00f3n-432x432.jpg 432w, https:\/\/blogsaverroes.juntadeandalucia.es\/bibliotecaescolar\/files\/2019\/12\/tartas-constituci\u00f3n-268x268.jpg 268w, https:\/\/blogsaverroes.juntadeandalucia.es\/bibliotecaescolar\/files\/2019\/12\/tartas-constituci\u00f3n-24x24.jpg 24w, https:\/\/blogsaverroes.juntadeandalucia.es\/bibliotecaescolar\/files\/2019\/12\/tartas-constituci\u00f3n-36x36.jpg 36w, https:\/\/blogsaverroes.juntadeandalucia.es\/bibliotecaescolar\/files\/2019\/12\/tartas-constituci\u00f3n-48x48.jpg 48w\" sizes=\"(max-width: 300px) 100vw, 300px\" \/><\/p>\n","protected":false},"excerpt":{"rendered":"<p>El pasado jueves celebramos el d\u00eda de la Constituci\u00f3n (el Libro m\u00e1s importante para los espa\u00f1oles), con los ni\u00f1os de Infantil. \u00bfC\u00f3mo acercar este tema tan complejo a ellos tan peque\u00f1os? Pues de una&#46;&#46;&#46;<\/p>\n","protected":false},"author":8008,"featured_media":0,"comment_status":"open","ping_status":"open","sticky":false,"template":"","format":"image","meta":{"ngg_post_thumbnail":0,"footnotes":""},"categories":[11741],"tags":[],"aioseo_notices":[],"_links":{"self":[{"href":"https:\/\/blogsaverroes.juntadeandalucia.es\/bibliotecaescolar\/wp-json\/wp\/v2\/posts\/67"}],"collection":[{"href":"https:\/\/blogsaverroes.juntadeandalucia.es\/bibliotecaescolar\/wp-json\/wp\/v2\/posts"}],"about":[{"href":"https:\/\/blogsaverroes.juntadeandalucia.es\/bibliotecaescolar\/wp-json\/wp\/v2\/types\/post"}],"author":[{"embeddable":true,"href":"https:\/\/blogsaverroes.juntadeandalucia.es\/bibliotecaescolar\/wp-json\/wp\/v2\/users\/8008"}],"replies":[{"embeddable":true,"href":"https:\/\/blogsaverroes.juntadeandalucia.es\/bibliotecaescolar\/wp-json\/wp\/v2\/comments?post=67"}],"version-history":[{"count":2,"href":"https:\/\/blogsaverroes.juntadeandalucia.es\/bibliotecaescolar\/wp-json\/wp\/v2\/posts\/67\/revisions"}],"predecessor-version":[{"id":71,"href":"https:\/\/blogsaverroes.juntadeandalucia.es\/bibliotecaescolar\/wp-json\/wp\/v2\/posts\/67\/revisions\/71"}],"wp:attachment":[{"href":"https:\/\/blogsaverroes.juntadeandalucia.es\/bibliotecaescolar\/wp-json\/wp\/v2\/media?parent=67"}],"wp:term":[{"taxonomy":"category","embeddable":true,"href":"https:\/\/blogsaverroes.juntadeandalucia.es\/bibliotecaescolar\/wp-json\/wp\/v2\/categories?post=67"},{"taxonomy":"post_tag","embeddable":true,"href":"https:\/\/blogsaverroes.juntadeandalucia.es\/bibliotecaescolar\/wp-json\/wp\/v2\/tags?post=67"}],"curies":[{"name":"wp","href":"https:\/\/api.w.org\/{rel}","templated":true}]}}