{"id":191,"date":"2023-03-28T10:55:15","date_gmt":"2023-03-28T10:55:15","guid":{"rendered":"https:\/\/blogsaverroes.juntadeandalucia.es\/bibliotecaiessulayr\/?p=191"},"modified":"2023-03-28T10:55:15","modified_gmt":"2023-03-28T10:55:15","slug":"concurso-de-micro-relatos-y-poesia","status":"publish","type":"post","link":"https:\/\/blogsaverroes.juntadeandalucia.es\/bibliotecaiessulayr\/2023\/03\/28\/concurso-de-micro-relatos-y-poesia\/","title":{"rendered":"Concurso de micro relatos y poes\u00eda"},"content":{"rendered":"<p>Desde el departamento de lengua castellana y literatura y en colaboraci\u00f3n con la biblioteca del centro se ha organizado un concurso de micro relatos y poes\u00eda en el que se ha invitado a todo el alumnado a participar. El concurso de ha realizado el 27 de marzo, y en la semana en que se celebra el d\u00eda del libro se har\u00e1n entrega de los premios a los ganadores.<\/p>\n<p>Aqu\u00ed pod\u00e9is consultar las bases del concurso:<\/p>\n<p><img loading=\"lazy\" decoding=\"async\" class=\"alignnone size-medium wp-image-195\" src=\"https:\/\/blogsaverroes.juntadeandalucia.es\/bibliotecaiessulayr\/files\/2023\/03\/bases-concurso-microrelatos-247x300.png\" alt=\"\" width=\"247\" height=\"300\" srcset=\"https:\/\/blogsaverroes.juntadeandalucia.es\/bibliotecaiessulayr\/files\/2023\/03\/bases-concurso-microrelatos-247x300.png 247w, https:\/\/blogsaverroes.juntadeandalucia.es\/bibliotecaiessulayr\/files\/2023\/03\/bases-concurso-microrelatos.png 593w\" sizes=\"(max-width: 247px) 100vw, 247px\" \/><\/p>\n<p><img loading=\"lazy\" decoding=\"async\" class=\"alignnone size-medium wp-image-196\" src=\"https:\/\/blogsaverroes.juntadeandalucia.es\/bibliotecaiessulayr\/files\/2023\/03\/hoja-inscripci\u00f3n-222x300.png\" alt=\"\" width=\"222\" height=\"300\" srcset=\"https:\/\/blogsaverroes.juntadeandalucia.es\/bibliotecaiessulayr\/files\/2023\/03\/hoja-inscripci\u00f3n-222x300.png 222w, https:\/\/blogsaverroes.juntadeandalucia.es\/bibliotecaiessulayr\/files\/2023\/03\/hoja-inscripci\u00f3n.png 510w\" sizes=\"(max-width: 222px) 100vw, 222px\" \/><\/p>\n<p><img loading=\"lazy\" decoding=\"async\" class=\"alignnone size-medium wp-image-197\" src=\"https:\/\/blogsaverroes.juntadeandalucia.es\/bibliotecaiessulayr\/files\/2023\/03\/cartel-concurso-300x169.png\" alt=\"\" width=\"300\" height=\"169\" srcset=\"https:\/\/blogsaverroes.juntadeandalucia.es\/bibliotecaiessulayr\/files\/2023\/03\/cartel-concurso-300x169.png 300w, https:\/\/blogsaverroes.juntadeandalucia.es\/bibliotecaiessulayr\/files\/2023\/03\/cartel-concurso-1024x577.png 1024w, https:\/\/blogsaverroes.juntadeandalucia.es\/bibliotecaiessulayr\/files\/2023\/03\/cartel-concurso-768x432.png 768w, https:\/\/blogsaverroes.juntadeandalucia.es\/bibliotecaiessulayr\/files\/2023\/03\/cartel-concurso.png 1275w\" sizes=\"(max-width: 300px) 100vw, 300px\" \/><\/p>\n<p>&nbsp;<\/p>\n","protected":false},"excerpt":{"rendered":"<p>Desde el departamento de lengua castellana y literatura y en colaboraci\u00f3n con la biblioteca del centro se ha organizado un concurso de micro relatos y poes\u00eda en el que se ha invitado a todo&#46;&#46;&#46;<\/p>\n","protected":false},"author":15723,"featured_media":197,"comment_status":"open","ping_status":"open","sticky":false,"template":"","format":"standard","meta":{"ngg_post_thumbnail":0,"footnotes":""},"categories":[1],"tags":[],"aioseo_notices":[],"_links":{"self":[{"href":"https:\/\/blogsaverroes.juntadeandalucia.es\/bibliotecaiessulayr\/wp-json\/wp\/v2\/posts\/191"}],"collection":[{"href":"https:\/\/blogsaverroes.juntadeandalucia.es\/bibliotecaiessulayr\/wp-json\/wp\/v2\/posts"}],"about":[{"href":"https:\/\/blogsaverroes.juntadeandalucia.es\/bibliotecaiessulayr\/wp-json\/wp\/v2\/types\/post"}],"author":[{"embeddable":true,"href":"https:\/\/blogsaverroes.juntadeandalucia.es\/bibliotecaiessulayr\/wp-json\/wp\/v2\/users\/15723"}],"replies":[{"embeddable":true,"href":"https:\/\/blogsaverroes.juntadeandalucia.es\/bibliotecaiessulayr\/wp-json\/wp\/v2\/comments?post=191"}],"version-history":[{"count":1,"href":"https:\/\/blogsaverroes.juntadeandalucia.es\/bibliotecaiessulayr\/wp-json\/wp\/v2\/posts\/191\/revisions"}],"predecessor-version":[{"id":198,"href":"https:\/\/blogsaverroes.juntadeandalucia.es\/bibliotecaiessulayr\/wp-json\/wp\/v2\/posts\/191\/revisions\/198"}],"wp:featuredmedia":[{"embeddable":true,"href":"https:\/\/blogsaverroes.juntadeandalucia.es\/bibliotecaiessulayr\/wp-json\/wp\/v2\/media\/197"}],"wp:attachment":[{"href":"https:\/\/blogsaverroes.juntadeandalucia.es\/bibliotecaiessulayr\/wp-json\/wp\/v2\/media?parent=191"}],"wp:term":[{"taxonomy":"category","embeddable":true,"href":"https:\/\/blogsaverroes.juntadeandalucia.es\/bibliotecaiessulayr\/wp-json\/wp\/v2\/categories?post=191"},{"taxonomy":"post_tag","embeddable":true,"href":"https:\/\/blogsaverroes.juntadeandalucia.es\/bibliotecaiessulayr\/wp-json\/wp\/v2\/tags?post=191"}],"curies":[{"name":"wp","href":"https:\/\/api.w.org\/{rel}","templated":true}]}}